{"id":24027,"date":"2025-02-06T15:44:07","date_gmt":"2025-02-06T18:44:07","guid":{"rendered":"https:\/\/minutobahia24h.com.br\/?p=24027"},"modified":"2025-02-06T15:44:51","modified_gmt":"2025-02-06T18:44:51","slug":"camara-municipal-de-andorinha-realizou-1a-sessao-ordinaria-de-2025-nesta-quarta-feira-05","status":"publish","type":"post","link":"https:\/\/minutobahia24h.com.br\/?p=24027","title":{"rendered":"C\u00e2mara Municipal de Andorinha Realizou 1\u00aa Sess\u00e3o Ordin\u00e1ria de 2025 nesta Quarta-feira (05)"},"content":{"rendered":"<div class=\"wp-block-image\">\n<figure class=\"aligncenter size-large\"><img data-recalc-dims=\"1\" fetchpriority=\"high\" decoding=\"async\" width=\"800\" height=\"519\" src=\"https:\/\/i0.wp.com\/minutobahia24h.com.br\/wp-content\/uploads\/2025\/02\/img-20250206-wa08111899995672284330208-1024x664.jpg?resize=800%2C519&#038;ssl=1\" alt=\"\" class=\"wp-image-24025\" srcset=\"https:\/\/i0.wp.com\/minutobahia24h.com.br\/wp-content\/uploads\/2025\/02\/img-20250206-wa08111899995672284330208.jpg?resize=1024%2C664&amp;ssl=1 1024w, https:\/\/i0.wp.com\/minutobahia24h.com.br\/wp-content\/uploads\/2025\/02\/img-20250206-wa08111899995672284330208.jpg?resize=300%2C194&amp;ssl=1 300w, https:\/\/i0.wp.com\/minutobahia24h.com.br\/wp-content\/uploads\/2025\/02\/img-20250206-wa08111899995672284330208.jpg?resize=768%2C498&amp;ssl=1 768w, https:\/\/i0.wp.com\/minutobahia24h.com.br\/wp-content\/uploads\/2025\/02\/img-20250206-wa08111899995672284330208.jpg?resize=1536%2C996&amp;ssl=1 1536w, https:\/\/i0.wp.com\/minutobahia24h.com.br\/wp-content\/uploads\/2025\/02\/img-20250206-wa08111899995672284330208.jpg?resize=750%2C486&amp;ssl=1 750w, https:\/\/i0.wp.com\/minutobahia24h.com.br\/wp-content\/uploads\/2025\/02\/img-20250206-wa08111899995672284330208.jpg?resize=1140%2C739&amp;ssl=1 1140w, https:\/\/i0.wp.com\/minutobahia24h.com.br\/wp-content\/uploads\/2025\/02\/img-20250206-wa08111899995672284330208.jpg?w=1600&amp;ssl=1 1600w\" sizes=\"(max-width: 800px) 100vw, 800px\" \/><figcaption class=\"wp-element-caption\">Foto: Ascom<\/figcaption><\/figure>\n<\/div>\n\n\n<p><br>Na \u00faltima quarta-feira (05), a C\u00e2mara Municipal de Andorinha realizou a Sess\u00e3o Solene de Abertura do 1\u00ba Per\u00edodo Legislativo de 2025. A cerim\u00f4nia, presidida pelo presidente da C\u00e2mara, Cl\u00e9riston Grig\u00f3rio, contou com a presen\u00e7a de vereadores, autoridades locais, servidores p\u00fablicos dos poderes Legislativo e Executivo do munic\u00edpio, al\u00e9m de populares.<br><br>O evento teve a participa\u00e7\u00e3o do vice-prefeito Vagner Lavor, que representou o prefeito Adilberto Evangelista, ausente devido a uma viagem \u00e0 capital do estado. Durante a sess\u00e3o, Vagner Lavor destacou o papel crucial do Poder Legislativo no desenvolvimento da cidade e o compromisso dos vereadores com a popula\u00e7\u00e3o de Andorinha.<br><br>\u201cHoje, saudamos todos os parlamentares que iniciam mais um ciclo de trabalho em prol de Andorinha. O in\u00edcio dos trabalhos representa a renova\u00e7\u00e3o das esperan\u00e7as e a reafirma\u00e7\u00e3o do compromisso com o bem-estar da nossa popula\u00e7\u00e3o\u201d, afirmou o vice-prefeito. Ele ainda ressaltou a import\u00e2ncia da uni\u00e3o entre o Executivo e o Legislativo para enfrentar os desafios que Andorinha viver\u00e1 nos pr\u00f3ximos anos.<br><br>Ap\u00f3s a fala do vice-prefeito, a sess\u00e3o prosseguiu com os pronunciamentos dos vereadores, que apresentaram suas propostas e refor\u00e7aram os compromissos com o desenvolvimento de Andorinha.<\/p>\n\n\n<div class=\"wp-block-image\">\n<figure class=\"aligncenter size-large\"><img data-recalc-dims=\"1\" decoding=\"async\" width=\"800\" height=\"534\" src=\"https:\/\/i0.wp.com\/minutobahia24h.com.br\/wp-content\/uploads\/2025\/02\/img-20250206-wa08126518499425194933711-1024x683.jpg?resize=800%2C534&#038;ssl=1\" alt=\"\" class=\"wp-image-24026\" srcset=\"https:\/\/i0.wp.com\/minutobahia24h.com.br\/wp-content\/uploads\/2025\/02\/img-20250206-wa08126518499425194933711.jpg?resize=1024%2C683&amp;ssl=1 1024w, https:\/\/i0.wp.com\/minutobahia24h.com.br\/wp-content\/uploads\/2025\/02\/img-20250206-wa08126518499425194933711.jpg?resize=300%2C200&amp;ssl=1 300w, https:\/\/i0.wp.com\/minutobahia24h.com.br\/wp-content\/uploads\/2025\/02\/img-20250206-wa08126518499425194933711.jpg?resize=768%2C512&amp;ssl=1 768w, https:\/\/i0.wp.com\/minutobahia24h.com.br\/wp-content\/uploads\/2025\/02\/img-20250206-wa08126518499425194933711.jpg?resize=1536%2C1024&amp;ssl=1 1536w, https:\/\/i0.wp.com\/minutobahia24h.com.br\/wp-content\/uploads\/2025\/02\/img-20250206-wa08126518499425194933711.jpg?resize=750%2C500&amp;ssl=1 750w, https:\/\/i0.wp.com\/minutobahia24h.com.br\/wp-content\/uploads\/2025\/02\/img-20250206-wa08126518499425194933711.jpg?resize=1140%2C760&amp;ssl=1 1140w, https:\/\/i0.wp.com\/minutobahia24h.com.br\/wp-content\/uploads\/2025\/02\/img-20250206-wa08126518499425194933711.jpg?w=1600&amp;ssl=1 1600w\" sizes=\"(max-width: 800px) 100vw, 800px\" \/><figcaption class=\"wp-element-caption\">Foto: Ascom<\/figcaption><\/figure>\n<\/div>\n\n\n<p>Destaques dos Discursos dos Vereadores*<br><br>*Agnaldo Pinheiro* apresentou uma s\u00e9rie de indica\u00e7\u00f5es, incluindo a cobertura da quadra poliesportiva e a constru\u00e7\u00e3o de uma caixa d&#8217;\u00e1gua no distrito de Medrado. Tamb\u00e9m solicitou ao Executivo a recupera\u00e7\u00e3o das estradas vicinais danificadas pelas chuvas.<br><br>*Ariston Junior* reafirmou seu compromisso com a popula\u00e7\u00e3o, colocando-se \u00e0 disposi\u00e7\u00e3o para auxiliar os cidad\u00e3os em suas necessidades.<br><br>*Edilson Bento* agradeceu pela oportunidade de representar a popula\u00e7\u00e3o por mais quatro anos e reafirmou sua dedica\u00e7\u00e3o em atender todos os cidad\u00e3os de Andorinha.<br><br>*Ednilson Nascimento* destacou as consequ\u00eancias das chuvas e encaminhou ao prefeito uma indica\u00e7\u00e3o para a instala\u00e7\u00e3o de manilhas ou constru\u00e7\u00e3o de uma passagem molhada na localidade de Vila Peixe. Tamb\u00e9m pediu a reforma do ponto de \u00f4nibus na localidade de Isaura.<br><br>*Irm\u00e3o Ednaldo* falou sobre a import\u00e2ncia da sa\u00fade p\u00fablica, destacando as reformas nas unidades de sa\u00fade do munic\u00edpio.<br><br>*Ednaldo Oliveira* elogiou a transpar\u00eancia com que exerceu suas atividades como presidente da C\u00e2mara e desejou sucesso ao novo presidente da Casa.<br><br>*Fausta Amorim* destacou os desafios que a nova gest\u00e3o enfrentar\u00e1 devido \u00e0 situa\u00e7\u00e3o do munic\u00edpio e desejou sorte na condu\u00e7\u00e3o de Andorinha.<br><br>*Gilberto Teixeira* pediu aos colegas vereadores que deixassem de lado as disputas passadas e focassem na gest\u00e3o atual, visando a entrega de resultados para a popula\u00e7\u00e3o. Enfatizou que o respeito entre os vereadores ser\u00e1 essencial para o bom andamento dos trabalhos.<br><br>*Marinaldo Oliveira* respondeu a cr\u00edticas do vereador Agnaldo Pinheiro sobre a administra\u00e7\u00e3o anterior e afirmou que tratar\u00e1 os projetos com responsabilidade, apoiando qualquer iniciativa que beneficie a popula\u00e7\u00e3o.<br><br>*Rodrigo Coelho* pediu a reabertura da unidade de sa\u00fade sat\u00e9lite e solicitou a designa\u00e7\u00e3o de um agente de sa\u00fade para atender as localidades de Fazenda Tangue Novo, Travessa de Pedra e Tigre.<br><br>*Encerramento*<br><br>Ao encerrar a 1\u00aa Sess\u00e3o Ordin\u00e1ria de 2025, o presidente Cl\u00e9riston Grig\u00f3rio ressaltou a import\u00e2ncia da retomada dos trabalhos legislativos para atender \u00e0s diversas demandas da popula\u00e7\u00e3o. Ele tamb\u00e9m cobrou da oposi\u00e7\u00e3o um esfor\u00e7o conjunto para buscar recursos e equipamentos junto aos deputados, a fim de apoiar o desenvolvimento do munic\u00edpio.<br><br>A abertura dos trabalhos legislativos contou ainda com a presen\u00e7a de autoridades, como os secret\u00e1rios de Governo Anselmo Lino (Sa\u00fade) e Miralva Oliveira (Cultura e Desportos), o chefe de Gabinete Rafael Batista, o presidente do Podemos Jo\u00e3o Lib\u00f3rio, entre outros.<br><br>ASCOM &#8211; C\u00e2mara Municipal de Andorinha<\/p>\n","protected":false},"excerpt":{"rendered":"<p>Na \u00faltima quarta-feira (05), a C\u00e2mara Municipal de Andorinha realizou a Sess\u00e3o Solene de Abertura do 1\u00ba Per\u00edodo Legislativo de 2025. A cerim\u00f4nia, presidida pelo presidente da C\u00e2mara, Cl\u00e9riston Grig\u00f3rio, contou com a presen\u00e7a de vereadores, autoridades locais, servidores p\u00fablicos dos poderes Legislativo e Executivo do munic\u00edpio, al\u00e9m de populares. O evento teve a participa\u00e7\u00e3o [&hellip;]<\/p>\n","protected":false},"author":2,"featured_media":24025,"comment_status":"open","ping_status":"open","sticky":false,"template":"","format":"standard","meta":{"_jetpack_memberships_contains_paid_content":false,"footnotes":""},"categories":[39],"tags":[55],"class_list":["post-24027","post","type-post","status-publish","format-standard","has-post-thumbnail","hentry","category-politica","tag-andorinha"],"aioseo_notices":[],"jetpack_featured_media_url":"https:\/\/i0.wp.com\/minutobahia24h.com.br\/wp-content\/uploads\/2025\/02\/img-20250206-wa08111899995672284330208.jpg?fit=1600%2C1037&ssl=1","jetpack_sharing_enabled":true,"_links":{"self":[{"href":"https:\/\/minutobahia24h.com.br\/index.php?rest_route=\/wp\/v2\/posts\/24027","targetHints":{"allow":["GET"]}}],"collection":[{"href":"https:\/\/minutobahia24h.com.br\/index.php?rest_route=\/wp\/v2\/posts"}],"about":[{"href":"https:\/\/minutobahia24h.com.br\/index.php?rest_route=\/wp\/v2\/types\/post"}],"author":[{"embeddable":true,"href":"https:\/\/minutobahia24h.com.br\/index.php?rest_route=\/wp\/v2\/users\/2"}],"replies":[{"embeddable":true,"href":"https:\/\/minutobahia24h.com.br\/index.php?rest_route=%2Fwp%2Fv2%2Fcomments&post=24027"}],"version-history":[{"count":1,"href":"https:\/\/minutobahia24h.com.br\/index.php?rest_route=\/wp\/v2\/posts\/24027\/revisions"}],"predecessor-version":[{"id":24028,"href":"https:\/\/minutobahia24h.com.br\/index.php?rest_route=\/wp\/v2\/posts\/24027\/revisions\/24028"}],"wp:featuredmedia":[{"embeddable":true,"href":"https:\/\/minutobahia24h.com.br\/index.php?rest_route=\/wp\/v2\/media\/24025"}],"wp:attachment":[{"href":"https:\/\/minutobahia24h.com.br\/index.php?rest_route=%2Fwp%2Fv2%2Fmedia&parent=24027"}],"wp:term":[{"taxonomy":"category","embeddable":true,"href":"https:\/\/minutobahia24h.com.br\/index.php?rest_route=%2Fwp%2Fv2%2Fcategories&post=24027"},{"taxonomy":"post_tag","embeddable":true,"href":"https:\/\/minutobahia24h.com.br\/index.php?rest_route=%2Fwp%2Fv2%2Ftags&post=24027"}],"curies":[{"name":"wp","href":"https:\/\/api.w.org\/{rel}","templated":true}]}}