{"id":2402,"date":"2023-10-17T07:30:42","date_gmt":"2023-10-17T10:30:42","guid":{"rendered":"https:\/\/minutobahia24h.com.br\/?p=2402"},"modified":"2023-10-17T07:39:01","modified_gmt":"2023-10-17T10:39:01","slug":"jeronimo-assina-documento-que-institui-o-programa-bahia-sem-fome-projeto-sera-enviado-a-alba","status":"publish","type":"post","link":"https:\/\/minutobahia24h.com.br\/?p=2402","title":{"rendered":"Jer\u00f4nimo assina documento que institui o Programa Bahia Sem Fome; projeto ser\u00e1 enviado \u00e0 Alba"},"content":{"rendered":"<div class=\"wp-block-image\">\n<figure class=\"aligncenter size-full\"><img data-recalc-dims=\"1\" fetchpriority=\"high\" decoding=\"async\" width=\"601\" height=\"418\" src=\"https:\/\/i0.wp.com\/minutobahia24h.com.br\/wp-content\/uploads\/2023\/10\/Sem-titulo-23-1.jpg?resize=601%2C418&#038;ssl=1\" alt=\"\" class=\"wp-image-2404\" srcset=\"https:\/\/i0.wp.com\/minutobahia24h.com.br\/wp-content\/uploads\/2023\/10\/Sem-titulo-23-1.jpg?w=601&amp;ssl=1 601w, https:\/\/i0.wp.com\/minutobahia24h.com.br\/wp-content\/uploads\/2023\/10\/Sem-titulo-23-1.jpg?resize=300%2C209&amp;ssl=1 300w\" sizes=\"(max-width: 601px) 100vw, 601px\" \/><figcaption class=\"wp-element-caption\">Fotos: GOVBA<br><\/figcaption><\/figure>\n<\/div>\n\n\n<p>O projeto de lei que institui o Programa Bahia Sem Fome e cria a Rede de Equipamentos Integrados para o Combate \u00e0 Fome foi assinado pelo governador Jer\u00f4nimo Rodrigues, nesta segunda-feira (16), durante evento que celebra o Dia Mundial da Alimenta\u00e7\u00e3o, no MAM, em Salvador. O documento ser\u00e1 enviado para vota\u00e7\u00e3o na Assembleia Legislativa da Bahia (Alba).<\/p>\n\n\n\n<p>\u201cToda pol\u00edtica, para ser efetiva, precisa de uma lei. Ent\u00e3o, n\u00f3s estamos constituindo a lei para que a Assembleia possa discutir, debater e votar, fazer os ajustes que forem bons para o projeto de lei e a gente estabelecer aquilo que \u00e9 ganho para o programa\u201d, afirmou o governador Jer\u00f4nimo Rodrigues. O gestor ainda explicou que o documento estabelece o regramento de como ser\u00e3o recebidos os recursos, tanto do governo do Estado quanto do Federal e do empresariado. \u201cAl\u00e9m de fazer um regramento de uma a\u00e7\u00e3o de participa\u00e7\u00e3o, garante o or\u00e7amento\u201d, completou.<\/p>\n\n\n\n<p>O Bahia Sem Fome, vinculado \u00e0 Casa Civil, por meio da Coordena\u00e7\u00e3o Geral de A\u00e7\u00f5es Estrat\u00e9gicas de Combate \u00e0 Fome, tem como objetivo garantir a seguran\u00e7a alimentar e nutricional de quase dois milh\u00f5es de baianos, com a execu\u00e7\u00e3o de diversas a\u00e7\u00f5es de inclus\u00e3o social e transfer\u00eancia de renda.<\/p>\n\n\n\n<p>O compromisso de promover a seguran\u00e7a alimentar e nutricional das pessoas, principalmente em situa\u00e7\u00e3o de vulnerabilidade social, \u00e9 uma das prioridades do Governo do Estado, por compreender que o enfrentamento da fome \u00e9 um grande desafio que exige engajamento e uni\u00e3o de esfor\u00e7os entre o Poder P\u00fablico e a sociedade civil. O programa estadual tamb\u00e9m prev\u00ea a\u00e7\u00f5es de coopera\u00e7\u00e3o federada com Munic\u00edpios e a Uni\u00e3o no combate \u00e0 fome. Al\u00e9m disso, as a\u00e7\u00f5es intersetoriais de \u00f3rg\u00e3os e entidades estaduais e a participa\u00e7\u00e3o da popula\u00e7\u00e3o conduzir\u00e3o pol\u00edticas p\u00fablicas capazes de garantir alimento e dignidade \u00e0s fam\u00edlias baianas.<\/p>\n\n\n\n<p>Entre as premissas que constam no projeto de lei assinado pelo governador est\u00e3o o apoio ao fortalecimento e autonomia da agricultura familiar e camponesa e da agricultura dos povos e comunidades tradicionais; o incentivo \u00e0 implementa\u00e7\u00e3o de cozinhas comunit\u00e1rias e solid\u00e1rias, de bancos de alimentos e de restaurantes populares; o incentivo \u00e0 implementa\u00e7\u00e3o de tecnologias sociais de produ\u00e7\u00e3o de alimentos saud\u00e1veis e reaproveitamento de alimentos; o fomento \u00e0 agroecologia e produ\u00e7\u00e3o org\u00e2nica; o incentivo \u00e0 implementa\u00e7\u00e3o de agricultura e hortas urbanas e periurbanas; o fomento \u00e0 economia solid\u00e1ria e ao empreendedorismo; entre outras.<\/p>\n\n\n\n<p>Para o coordenador do programa, Tiago Pereira, \u201ca grande expectativa \u00e9 que o governador oriente sobre quais s\u00e3o os pr\u00f3ximos passos para a institucionaliza\u00e7\u00e3o do nosso programa, que a tend\u00eancia \u00e9 que vire, de fato, uma pol\u00edtica p\u00fablica\u201d. Ele tamb\u00e9m destacou a ades\u00e3o da popula\u00e7\u00e3o baiana \u00e0s a\u00e7\u00f5es estaduais e pontuou que desde o come\u00e7o do Bahia Sem Fome, em mar\u00e7o deste ano, j\u00e1 foram arrecadadas 900 toneladas de alimentos e 800 j\u00e1 foram entregues \u00e0s entidades e organiza\u00e7\u00f5es da sociedade civil que est\u00e3o cadastradas no programa.<\/p>\n\n\n\n<p><strong>Campanha<\/strong>&nbsp;\u2013 Apresentada em mar\u00e7o deste ano, a primeira etapa da iniciativa convocou \u00f3rg\u00e3os p\u00fablicos, empresas privadas e a sociedade civil organizada para uma campanha de arrecada\u00e7\u00e3o e distribui\u00e7\u00e3o de alimentos em todas as regi\u00f5es da Bahia. A mobiliza\u00e7\u00e3o j\u00e1 arrecadou 905 toneladas de alimentos, com pontos fixos na capital e no interior, al\u00e9m de campanhas pontuais realizadas em grandes eventos.<\/p>\n\n\n\n<p>Bahia.ba<\/p>\n","protected":false},"excerpt":{"rendered":"<p>O projeto de lei que institui o Programa Bahia Sem Fome e cria a Rede de Equipamentos Integrados para o Combate \u00e0 Fome foi assinado pelo governador Jer\u00f4nimo Rodrigues, nesta segunda-feira (16), durante evento que celebra o Dia Mundial da Alimenta\u00e7\u00e3o, no MAM, em Salvador. O documento ser\u00e1 enviado para vota\u00e7\u00e3o na Assembleia Legislativa da [&hellip;]<\/p>\n","protected":false},"author":2,"featured_media":2404,"comment_status":"open","ping_status":"open","sticky":false,"template":"","format":"standard","meta":{"_jetpack_memberships_contains_paid_content":false,"footnotes":""},"categories":[21],"tags":[],"class_list":["post-2402","post","type-post","status-publish","format-standard","has-post-thumbnail","hentry","category-bahia"],"aioseo_notices":[],"jetpack_featured_media_url":"https:\/\/i0.wp.com\/minutobahia24h.com.br\/wp-content\/uploads\/2023\/10\/Sem-titulo-23-1.jpg?fit=601%2C418&ssl=1","jetpack_sharing_enabled":true,"_links":{"self":[{"href":"https:\/\/minutobahia24h.com.br\/index.php?rest_route=\/wp\/v2\/posts\/2402","targetHints":{"allow":["GET"]}}],"collection":[{"href":"https:\/\/minutobahia24h.com.br\/index.php?rest_route=\/wp\/v2\/posts"}],"about":[{"href":"https:\/\/minutobahia24h.com.br\/index.php?rest_route=\/wp\/v2\/types\/post"}],"author":[{"embeddable":true,"href":"https:\/\/minutobahia24h.com.br\/index.php?rest_route=\/wp\/v2\/users\/2"}],"replies":[{"embeddable":true,"href":"https:\/\/minutobahia24h.com.br\/index.php?rest_route=%2Fwp%2Fv2%2Fcomments&post=2402"}],"version-history":[{"count":2,"href":"https:\/\/minutobahia24h.com.br\/index.php?rest_route=\/wp\/v2\/posts\/2402\/revisions"}],"predecessor-version":[{"id":2406,"href":"https:\/\/minutobahia24h.com.br\/index.php?rest_route=\/wp\/v2\/posts\/2402\/revisions\/2406"}],"wp:featuredmedia":[{"embeddable":true,"href":"https:\/\/minutobahia24h.com.br\/index.php?rest_route=\/wp\/v2\/media\/2404"}],"wp:attachment":[{"href":"https:\/\/minutobahia24h.com.br\/index.php?rest_route=%2Fwp%2Fv2%2Fmedia&parent=2402"}],"wp:term":[{"taxonomy":"category","embeddable":true,"href":"https:\/\/minutobahia24h.com.br\/index.php?rest_route=%2Fwp%2Fv2%2Fcategories&post=2402"},{"taxonomy":"post_tag","embeddable":true,"href":"https:\/\/minutobahia24h.com.br\/index.php?rest_route=%2Fwp%2Fv2%2Ftags&post=2402"}],"curies":[{"name":"wp","href":"https:\/\/api.w.org\/{rel}","templated":true}]}}