{"id":24003,"date":"2025-02-06T15:01:46","date_gmt":"2025-02-06T18:01:46","guid":{"rendered":"https:\/\/minutobahia24h.com.br\/?p=24003"},"modified":"2025-02-06T15:01:47","modified_gmt":"2025-02-06T18:01:47","slug":"apos-eua-israel-anuncia-saida-do-conselho-de-direitos-humanos-da-onu","status":"publish","type":"post","link":"https:\/\/minutobahia24h.com.br\/?p=24003","title":{"rendered":"Ap\u00f3s EUA, Israel anuncia sa\u00edda do Conselho de Direitos Humanos da ONU"},"content":{"rendered":"<div class=\"wp-block-image\">\n<figure class=\"aligncenter size-full\"><img data-recalc-dims=\"1\" fetchpriority=\"high\" decoding=\"async\" width=\"800\" height=\"437\" src=\"https:\/\/i0.wp.com\/minutobahia24h.com.br\/wp-content\/uploads\/2025\/02\/Sem-titulo-106.jpg?resize=800%2C437&#038;ssl=1\" alt=\"\" class=\"wp-image-24004\" srcset=\"https:\/\/i0.wp.com\/minutobahia24h.com.br\/wp-content\/uploads\/2025\/02\/Sem-titulo-106.jpg?w=984&amp;ssl=1 984w, https:\/\/i0.wp.com\/minutobahia24h.com.br\/wp-content\/uploads\/2025\/02\/Sem-titulo-106.jpg?resize=300%2C164&amp;ssl=1 300w, https:\/\/i0.wp.com\/minutobahia24h.com.br\/wp-content\/uploads\/2025\/02\/Sem-titulo-106.jpg?resize=768%2C419&amp;ssl=1 768w, https:\/\/i0.wp.com\/minutobahia24h.com.br\/wp-content\/uploads\/2025\/02\/Sem-titulo-106.jpg?resize=750%2C409&amp;ssl=1 750w\" sizes=\"(max-width: 800px) 100vw, 800px\" \/><figcaption class=\"wp-element-caption\">Pr\u00e9dios em ru\u00ednas em Gaza \u2014 Foto: REUTERS\/Amir Cohen<br><br><\/figcaption><\/figure>\n<\/div>\n\n\n<p>Ap\u00f3s os&nbsp;<a class=\"\" href=\"https:\/\/g1.globo.com\/tudo-sobre\/estados-unidos\/\">Estados Unidos<\/a>,&nbsp;<a class=\"\" href=\"https:\/\/g1.globo.com\/tudo-sobre\/israel\/\">Israel<\/a>&nbsp;informou nesta quinta-feira (6) o Conselho de Direitos Humanos (CDH) da&nbsp;<a class=\"\" href=\"https:\/\/g1.globo.com\/tudo-sobre\/onu\/\">ONU<\/a>&nbsp;que se retirar\u00e1 do \u00f3rg\u00e3o. O ministro das Rela\u00e7\u00f5es Exteriores israelense, Israel Katz, citou &#8220;vi\u00e9s institucional&#8221; do conselho contra o pa\u00eds.<\/p>\n\n\n\n<blockquote class=\"wp-block-quote is-layout-flow wp-block-quote-is-layout-flow\">\n<p>&#8220;A decis\u00e3o foi tomada \u00e0 luz do cont\u00ednuo e implac\u00e1vel vi\u00e9s institucional contra Israel no Conselho de Direitos Humanos, que persiste desde sua cria\u00e7\u00e3o em 2006&#8221;, afirmou o ministro das Rela\u00e7\u00f5es Exteriores israelense, Israel Katz, em carta enviada ao presidente do CDH da ONU, Jorg Lauber.<\/p>\n<\/blockquote>\n\n\n\n<p>A sa\u00edda de Israel do CDH ocorre dois dias ap\u00f3s Trump ter assinado a retirada dos EUA do \u00f3rg\u00e3o da ONU.&nbsp;<strong>Leia mais detalhes abaixo.<\/strong><\/p>\n\n\n\n<p>Relatora especial da ONU, Francesca Albanese, afirmou que&nbsp;<strong>a retirada de Israel do Conselho de Direitos Humanos \u00e9 &#8220;extremamente grave&#8221;.<\/strong><\/p>\n\n\n\n<blockquote class=\"wp-block-quote is-layout-flow wp-block-quote-is-layout-flow\">\n<p>&#8220;Isso demonstra arrog\u00e2ncia e falta de reconhecimento do que eles [Israel] fizeram. Insistem em sua pr\u00f3pria retid\u00e3o, como se n\u00e3o tivessem nada pelo que prestar contas, e est\u00e3o provando isso para toda a comunidade internacional&#8221;, disse Francesca Albanese \u00e0 Reuters.<\/p>\n<\/blockquote>\n\n\n\n<p>O Conselho de Direitos Humanos da ONU \u00e9 um \u00f3rg\u00e3o criado pela entidade em 2006 para promover t\u00f3picos como liberdade de associa\u00e7\u00e3o e movimento, liberdade de express\u00e3o, de cren\u00e7a e direitos das mulheres e da popula\u00e7\u00e3o LGBTQIAP+ \u2014al\u00e9m de investigar alega\u00e7\u00f5es de viola\u00e7\u00f5es de estados-membros.<\/p>\n\n\n\n<p>Albanese afirmou temer que &#8220;o genoc\u00eddio de Israel contra os palestinos se expanda&#8221; e se intensifique agora na Cisjord\u00e2nia \u2014territ\u00f3rio ocupado que os palestinos querem, junto com Gaza, como o n\u00facleo de um futuro Estado independente.<\/p>\n\n\n\n<p><a class=\"\" href=\"https:\/\/g1.globo.com\/mundo\/noticia\/2024\/01\/11\/africa-do-sul-acusa-israel-na-corte-internacional-de-atos-genocidas-em-gaza.ghtml\">Investigada por acusa\u00e7\u00f5es de genoc\u00eddio na Corte Internacional de Justi\u00e7a<\/a>, Israel nega as acusa\u00e7\u00f5es da pr\u00e1tica na&nbsp;<a class=\"\" href=\"https:\/\/g1.globo.com\/tudo-sobre\/faixa-de-gaza\/\">Faixa de Gaza<\/a>&nbsp;e afirma que est\u00e1 protegendo seus leg\u00edtimos interesses de seguran\u00e7a tanto na Cisjord\u00e2nia quanto em Gaza, onde um cessar-fogo fr\u00e1gil est\u00e1 atualmente em vigor ap\u00f3s uma guerra de 16 meses contra o grupo militante isl\u00e2mico Hamas.<\/p>\n\n\n\n<h2 class=\"wp-block-heading\">Trump tira EUA do CDH e faz fala pol\u00eamica sobre Gaza<\/h2>\n\n\n<div class=\"wp-block-image\">\n<figure class=\"aligncenter\"><img data-recalc-dims=\"1\" decoding=\"async\" src=\"https:\/\/i0.wp.com\/s2-g1.glbimg.com\/As9Jdjax18BdZKS74t2T9At4rws%3D\/0x0%3A1012x675\/984x0\/smart\/filters%3Astrip_icc%28%29\/i.s3.glbimg.com\/v1\/AUTH_59edd422c0c84a879bd37670ae4f538a\/internal_photos\/bs\/2025\/c\/J\/Q2uee3Tfyfxtg5nrARDw\/2025-02-04t220603z-157289987-rc2xncaot5ll-rtrmadp-3-usa-israel.jpg?w=800&#038;ssl=1\" alt=\"Trump durante coletiva com Netanyahu na Casa Branca \u2014 Foto: Reuters\/Elizabeth Frantz\"\/><\/figure>\n<\/div>\n\n\n<p>Trump durante coletiva com Netanyahu na Casa Branca \u2014 Foto: Reuters\/Elizabeth Frantz<\/p>\n\n\n\n<p>O presidente&nbsp;<a class=\"\" href=\"https:\/\/g1.globo.com\/tudo-sobre\/donald-trump\/\">Donald Trump<\/a>&nbsp;assinou uma ordem executiva na ter\u00e7a-feira (4) que r<a class=\"\" href=\"https:\/\/g1.globo.com\/mundo\/noticia\/2025\/02\/04\/trump-assina-ordem-para-retirada-dos-eua-do-conselho-de-direitos-humanos-da-onu-e-diz-que-palestinos-nao-tem-alternativa-a-nao-ser-deixar-gaza.ghtml\">etirou os EUA do Conselho de Direitos Humanos da ONU<\/a>&nbsp;e mantendo a suspens\u00e3o do financiamento para a ag\u00eancia da entidade que fornece assist\u00eancia para refugiados palestinos, a&nbsp;<strong>UNRWA<\/strong>.<\/p>\n\n\n\n<p>Em um evento com a presen\u00e7a de jornalistas no Sal\u00e3o Oval da Casa Branca para a assinatura dos decretos, ele tamb\u00e9m&nbsp;<a class=\"\" href=\"https:\/\/g1.globo.com\/mundo\/noticia\/2025\/02\/04\/ao-lado-de-netanyahu-trump-diz-que-quer-tirar-todos-os-moradores-da-faixa-de-gaza.ghtml\">afirmou que a \u00fanica alternativa dos palestinos que vivem na Faixa de Gaza \u00e9 deixar o territ\u00f3rio&nbsp;<\/a>\u2014 uma ideia apoiada pela extrema direita israelense, e que constituiria limpeza \u00e9tnica perante o direito internacional, segundo analistas.<\/p>\n\n\n\n<p>J\u00e1 a UNRWA foi estabelecida h\u00e1 cerca de 75 anos, atendendo cerca de 750 mil refugiados palestinos da guerra de 1948, durante a cria\u00e7\u00e3o do Estado de Israel. Ela \u00e9 a principal organiza\u00e7\u00e3o das Na\u00e7\u00f5es Unidas que fornece servi\u00e7os de ajuda e educa\u00e7\u00e3o a milh\u00f5es de palestinos na Cisjord\u00e2nia ocupada e em Gaza. Recentemente, Israel votou por&nbsp;<a class=\"\" href=\"https:\/\/g1.globo.com\/mundo\/noticia\/2025\/01\/28\/israel-suspendera-todo-contato-com-a-agencia-para-refugiados-palestinos.ghtml\">e<\/a><a class=\"\" href=\"https:\/\/g1.globo.com\/mundo\/noticia\/2025\/01\/28\/israel-suspendera-todo-contato-com-a-agencia-para-refugiados-palestinos.ghtml\">ncerrar o acordou que permitia o funcionamento de seus escrit\u00f3rios no pa\u00eds<\/a>.<\/p>\n\n\n\n<p>Mais tarde na ter\u00e7a, em encontro com o primeiro-ministro israelense, Benjamin Netanyahu, Trump afirmou que&nbsp;<a class=\"\" href=\"https:\/\/g1.globo.com\/mundo\/noticia\/2025\/02\/04\/ao-lado-de-netanyahu-trump-diz-que-os-eua-vao-assumir-a-faixa-de-gaza.ghtml\">os EUA &#8220;assumir\u00e3o&#8221; Gaza no p\u00f3s-guerra&nbsp;<\/a>e reiterou o deslocamento dos palestinos que vivem no territ\u00f3rio.&nbsp;<a class=\"\" href=\"https:\/\/g1.globo.com\/mundo\/noticia\/2025\/02\/05\/trump-fala-eua-vao-assumir-gaza-repercussao.ghtml\">A fala foi amplamente repudiada pela comunidade internacional<\/a>, o que&nbsp;<a class=\"\" href=\"https:\/\/g1.globo.com\/mundo\/noticia\/2025\/02\/05\/eua-nao-vao-pagar-por-reconstrucao-de-gaza-diz-casa-branca.ghtml\">fez a Casa Branca recuar.<\/a><\/p>\n\n\n\n<p>No entanto,&nbsp;<a class=\"\" href=\"https:\/\/g1.globo.com\/mundo\/noticia\/2025\/02\/06\/trump-defende-que-israel-entregue-gaza-aos-eua-no-fim-da-guerra.ghtml\">Trump insistiu na ideia nesta quinta-feira ao defender que Gaza seja entregue ao pa\u00eds<\/a>&nbsp;e dizer que &#8220;seria um dos empreendimentos mais espetaculares da Terra&#8221;.<\/p>\n","protected":false},"excerpt":{"rendered":"<p>Ap\u00f3s os&nbsp;Estados Unidos,&nbsp;Israel&nbsp;informou nesta quinta-feira (6) o Conselho de Direitos Humanos (CDH) da&nbsp;ONU&nbsp;que se retirar\u00e1 do \u00f3rg\u00e3o. O ministro das Rela\u00e7\u00f5es Exteriores israelense, Israel Katz, citou &#8220;vi\u00e9s institucional&#8221; do conselho contra o pa\u00eds. &#8220;A decis\u00e3o foi tomada \u00e0 luz do cont\u00ednuo e implac\u00e1vel vi\u00e9s institucional contra Israel no Conselho de Direitos Humanos, que persiste desde [&hellip;]<\/p>\n","protected":false},"author":2,"featured_media":24004,"comment_status":"open","ping_status":"open","sticky":false,"template":"","format":"standard","meta":{"_jetpack_memberships_contains_paid_content":false,"footnotes":""},"categories":[15],"tags":[],"class_list":["post-24003","post","type-post","status-publish","format-standard","has-post-thumbnail","hentry","category-mundo"],"aioseo_notices":[],"jetpack_featured_media_url":"https:\/\/i0.wp.com\/minutobahia24h.com.br\/wp-content\/uploads\/2025\/02\/Sem-titulo-106.jpg?fit=984%2C537&ssl=1","jetpack_sharing_enabled":true,"_links":{"self":[{"href":"https:\/\/minutobahia24h.com.br\/index.php?rest_route=\/wp\/v2\/posts\/24003","targetHints":{"allow":["GET"]}}],"collection":[{"href":"https:\/\/minutobahia24h.com.br\/index.php?rest_route=\/wp\/v2\/posts"}],"about":[{"href":"https:\/\/minutobahia24h.com.br\/index.php?rest_route=\/wp\/v2\/types\/post"}],"author":[{"embeddable":true,"href":"https:\/\/minutobahia24h.com.br\/index.php?rest_route=\/wp\/v2\/users\/2"}],"replies":[{"embeddable":true,"href":"https:\/\/minutobahia24h.com.br\/index.php?rest_route=%2Fwp%2Fv2%2Fcomments&post=24003"}],"version-history":[{"count":1,"href":"https:\/\/minutobahia24h.com.br\/index.php?rest_route=\/wp\/v2\/posts\/24003\/revisions"}],"predecessor-version":[{"id":24005,"href":"https:\/\/minutobahia24h.com.br\/index.php?rest_route=\/wp\/v2\/posts\/24003\/revisions\/24005"}],"wp:featuredmedia":[{"embeddable":true,"href":"https:\/\/minutobahia24h.com.br\/index.php?rest_route=\/wp\/v2\/media\/24004"}],"wp:attachment":[{"href":"https:\/\/minutobahia24h.com.br\/index.php?rest_route=%2Fwp%2Fv2%2Fmedia&parent=24003"}],"wp:term":[{"taxonomy":"category","embeddable":true,"href":"https:\/\/minutobahia24h.com.br\/index.php?rest_route=%2Fwp%2Fv2%2Fcategories&post=24003"},{"taxonomy":"post_tag","embeddable":true,"href":"https:\/\/minutobahia24h.com.br\/index.php?rest_route=%2Fwp%2Fv2%2Ftags&post=24003"}],"curies":[{"name":"wp","href":"https:\/\/api.w.org\/{rel}","templated":true}]}}