{"id":23969,"date":"2025-02-06T08:31:34","date_gmt":"2025-02-06T11:31:34","guid":{"rendered":"https:\/\/minutobahia24h.com.br\/?p=23969"},"modified":"2025-02-06T08:31:35","modified_gmt":"2025-02-06T11:31:35","slug":"rui-costa-vira-alvo-de-cobrancas-da-nova-cupula-do-centrao-no-congresso","status":"publish","type":"post","link":"https:\/\/minutobahia24h.com.br\/?p=23969","title":{"rendered":"Rui Costa vira alvo de cobran\u00e7as da nova c\u00fapula do centr\u00e3o no Congresso"},"content":{"rendered":"<div class=\"wp-block-image\">\n<figure class=\"aligncenter size-full\"><img data-recalc-dims=\"1\" fetchpriority=\"high\" decoding=\"async\" width=\"597\" height=\"418\" src=\"https:\/\/i0.wp.com\/minutobahia24h.com.br\/wp-content\/uploads\/2025\/02\/Sem-titulo-95.jpg?resize=597%2C418&#038;ssl=1\" alt=\"\" class=\"wp-image-23970\" srcset=\"https:\/\/i0.wp.com\/minutobahia24h.com.br\/wp-content\/uploads\/2025\/02\/Sem-titulo-95.jpg?w=597&amp;ssl=1 597w, https:\/\/i0.wp.com\/minutobahia24h.com.br\/wp-content\/uploads\/2025\/02\/Sem-titulo-95.jpg?resize=300%2C210&amp;ssl=1 300w\" sizes=\"(max-width: 597px) 100vw, 597px\" \/><figcaption class=\"wp-element-caption\">Foto: Fabio Rodrigues-Pozzebom\/ Ag\u00eancia Brasil<br><\/figcaption><\/figure>\n<\/div>\n\n\n<p>Sob nova dire\u00e7\u00e3o no Congresso, integrantes do centr\u00e3o querem aproveitar as discuss\u00f5es sobre a reforma ministerial do governo Lula para desgastar a figura de um dos principais ministros, o chefe da Casa Civil, Rui Costa (PT).<\/p>\n\n\n\n<p>Segundo o jornal Folha de S. Paulo, ainda que seja remota a possibilidade de sa\u00edda do ministro, a investida do bloco \u00e9 por mudan\u00e7as na rela\u00e7\u00e3o dele com o Congresso.<\/p>\n\n\n\n<p>Na C\u00e2mara, por exemplo, a avalia\u00e7\u00e3o \u00e9 que Rui tinha canal de di\u00e1logo mais fluido com o ex-presidente da C\u00e2mara Arthur Lira (PP-AL), que rompeu rela\u00e7\u00f5es com o encarregado das articula\u00e7\u00f5es pol\u00edticas, Alexandre Padilha (Rela\u00e7\u00f5es Institucionais).<\/p>\n\n\n\n<p>Segundo aliados do ministro ouvidos pela Folha, isso n\u00e3o se repetir\u00e1, por\u00e9m, com o rec\u00e9m-eleito presidente da C\u00e2mara, Hugo Motta (Republicanos-PB). Tamb\u00e9m no Senado, h\u00e1 insatisfa\u00e7\u00e3o com o trabalho de Rui desde o fim do ano passado, sobretudo com o impasse acerca do pagamento de emendas parlamentares.<\/p>\n\n\n\n<p>Integrantes do centr\u00e3o chegam a afirmar que o governo s\u00f3 vai conseguir resolver seus problemas de coordena\u00e7\u00e3o se o ministro deixar a Casa Civil. Um cardeal do grupo defendeu a ida de Rui para a Petrobras, sendo substitu\u00eddo por um nome como o do ministro da Fazenda, Fernando Haddad (PT).<\/p>\n\n\n\n<p>O titular da Fazenda \u00e9 elogiado pela c\u00fapula do Congresso, que aponta Rui como protagonista frequente de disputas pol\u00edticas com Haddad. O centr\u00e3o atribui ao ministro da Casa Civil tentativas de sabotagem ao chefe da equipe econ\u00f4mica.<\/p>\n\n\n\n<p>Ainda conforme a Folha, a cobran\u00e7a por uma sa\u00edda de Rui \u00e9 interpretada, na verdade, como uma forma de press\u00e3o do centr\u00e3o para que Lula fa\u00e7a mudan\u00e7as no relacionamento pol\u00edtico do Congresso. O ministro da Casa Civil, afinal, \u00e9 bem avaliado pelo presidente e considerado uma pe\u00e7a central para o funcionamento de seu governo.<\/p>\n\n\n\n<p>Os atritos do centr\u00e3o com ele come\u00e7aram a ganhar corpo em meados de 2024 e se intensificaram no final do ano. Em agosto, em reuni\u00e3o na sede do STF (Supremo Tribunal Federal) que reuniu integrantes dos tr\u00eas Poderes para discutir as emendas, houve um momento de mal-estar entre Lira e Rui.<\/p>\n\n\n\n<p>Bahia.ba<\/p>\n","protected":false},"excerpt":{"rendered":"<p>Sob nova dire\u00e7\u00e3o no Congresso, integrantes do centr\u00e3o querem aproveitar as discuss\u00f5es sobre a reforma ministerial do governo Lula para desgastar a figura de um dos principais ministros, o chefe da Casa Civil, Rui Costa (PT). Segundo o jornal Folha de S. Paulo, ainda que seja remota a possibilidade de sa\u00edda do ministro, a investida [&hellip;]<\/p>\n","protected":false},"author":2,"featured_media":23970,"comment_status":"open","ping_status":"open","sticky":false,"template":"","format":"standard","meta":{"_jetpack_memberships_contains_paid_content":false,"footnotes":""},"categories":[39],"tags":[],"class_list":["post-23969","post","type-post","status-publish","format-standard","has-post-thumbnail","hentry","category-politica"],"aioseo_notices":[],"jetpack_featured_media_url":"https:\/\/i0.wp.com\/minutobahia24h.com.br\/wp-content\/uploads\/2025\/02\/Sem-titulo-95.jpg?fit=597%2C418&ssl=1","jetpack_sharing_enabled":true,"_links":{"self":[{"href":"https:\/\/minutobahia24h.com.br\/index.php?rest_route=\/wp\/v2\/posts\/23969","targetHints":{"allow":["GET"]}}],"collection":[{"href":"https:\/\/minutobahia24h.com.br\/index.php?rest_route=\/wp\/v2\/posts"}],"about":[{"href":"https:\/\/minutobahia24h.com.br\/index.php?rest_route=\/wp\/v2\/types\/post"}],"author":[{"embeddable":true,"href":"https:\/\/minutobahia24h.com.br\/index.php?rest_route=\/wp\/v2\/users\/2"}],"replies":[{"embeddable":true,"href":"https:\/\/minutobahia24h.com.br\/index.php?rest_route=%2Fwp%2Fv2%2Fcomments&post=23969"}],"version-history":[{"count":1,"href":"https:\/\/minutobahia24h.com.br\/index.php?rest_route=\/wp\/v2\/posts\/23969\/revisions"}],"predecessor-version":[{"id":23971,"href":"https:\/\/minutobahia24h.com.br\/index.php?rest_route=\/wp\/v2\/posts\/23969\/revisions\/23971"}],"wp:featuredmedia":[{"embeddable":true,"href":"https:\/\/minutobahia24h.com.br\/index.php?rest_route=\/wp\/v2\/media\/23970"}],"wp:attachment":[{"href":"https:\/\/minutobahia24h.com.br\/index.php?rest_route=%2Fwp%2Fv2%2Fmedia&parent=23969"}],"wp:term":[{"taxonomy":"category","embeddable":true,"href":"https:\/\/minutobahia24h.com.br\/index.php?rest_route=%2Fwp%2Fv2%2Fcategories&post=23969"},{"taxonomy":"post_tag","embeddable":true,"href":"https:\/\/minutobahia24h.com.br\/index.php?rest_route=%2Fwp%2Fv2%2Ftags&post=23969"}],"curies":[{"name":"wp","href":"https:\/\/api.w.org\/{rel}","templated":true}]}}