{"id":23966,"date":"2025-02-06T08:30:12","date_gmt":"2025-02-06T11:30:12","guid":{"rendered":"https:\/\/minutobahia24h.com.br\/?p=23966"},"modified":"2025-02-06T08:30:14","modified_gmt":"2025-02-06T11:30:14","slug":"problemas-estruturais-pedido-de-vistoria-e-vitimas-o-que-se-sabe-sobre-desabamento-do-teto-da-igreja-de-ouro-em-salvador","status":"publish","type":"post","link":"https:\/\/minutobahia24h.com.br\/?p=23966","title":{"rendered":"Problemas estruturais, pedido de vistoria e v\u00edtimas: o que se sabe sobre desabamento do teto da &#8216;igreja de ouro&#8217; em Salvador"},"content":{"rendered":"<div class=\"wp-block-image\">\n<figure class=\"aligncenter size-full\"><img data-recalc-dims=\"1\" fetchpriority=\"high\" decoding=\"async\" width=\"800\" height=\"681\" src=\"https:\/\/i0.wp.com\/minutobahia24h.com.br\/wp-content\/uploads\/2025\/02\/Sem-titulo-94.jpg?resize=800%2C681&#038;ssl=1\" alt=\"\" class=\"wp-image-23967\" srcset=\"https:\/\/i0.wp.com\/minutobahia24h.com.br\/wp-content\/uploads\/2025\/02\/Sem-titulo-94.jpg?w=982&amp;ssl=1 982w, https:\/\/i0.wp.com\/minutobahia24h.com.br\/wp-content\/uploads\/2025\/02\/Sem-titulo-94.jpg?resize=300%2C255&amp;ssl=1 300w, https:\/\/i0.wp.com\/minutobahia24h.com.br\/wp-content\/uploads\/2025\/02\/Sem-titulo-94.jpg?resize=768%2C654&amp;ssl=1 768w, https:\/\/i0.wp.com\/minutobahia24h.com.br\/wp-content\/uploads\/2025\/02\/Sem-titulo-94.jpg?resize=750%2C638&amp;ssl=1 750w\" sizes=\"(max-width: 800px) 100vw, 800px\" \/><figcaption class=\"wp-element-caption\">Teto da igreja de ouro desabou em Salvador \u2014 Foto: Defesa Civil de Salvador<br><br><\/figcaption><\/figure>\n<\/div>\n\n\n<p>O desabamento de parte do teto da Igreja de S\u00e3o Francisco, conhecida como &#8220;igreja de ouro&#8221;,\u00a0<a class=\"\" href=\"https:\/\/g1.globo.com\/ba\/bahia\/noticia\/2025\/02\/05\/desaba-teto-igreja.ghtml\">matou uma jovem de 26 anos e deixou outras cinco pessoas feridas<\/a>, na tarde de quarta-feira (5), no Centro Hist\u00f3rico de\u00a0<a class=\"\" href=\"https:\/\/g1.globo.com\/ba\/bahia\/cidade\/salvador\/\">Salvador<\/a>. O acidente ocorreu por volta das 14h30, no templo da Ordem Primeira de S\u00e3o Francisco, que fica no Pelourinho. Imagens feitas por testemunhas mostram os estragos logo ap\u00f3s o ocorrido. O espa\u00e7o onde os fi\u00e9is ficavam durante as missas foi coberto por destro\u00e7os, principalmente a madeira que cobria o telhado.<\/p>\n\n\n\n<p>&#8220;Todo o espa\u00e7o central da igreja cedeu. Possivelmente, alguma parte dessa cobertura se rompeu e, com o peso desse espa\u00e7o superior do teto, a madeira veio abaixo com o sobrepeso&#8221;, afirmou S\u00f3sthenes Macedo, coordenador da Defesa Civil de Salvador (Codesal).<\/p>\n\n\n\n<h2 class=\"wp-block-heading\"><strong>1 &#8211; Como foi o desabamento?<\/strong><\/h2>\n\n\n\n<p>O acidente aconteceu em meio a visita\u00e7\u00e3o de turistas ao templo, que seguia aberto para roteiros mesmo com problemas estruturais h\u00e1 anos. O acesso custava R$ 10 por pessoa, mesmo valor que foi pago pelas v\u00edtimas.<\/p>\n\n\n\n<p>A guia de turismo Meirel\u00facia Oliveira acompanhava um grupo de S\u00e3o Paulo e estava prestes a sair do templo, quando tudo aconteceu.<\/p>\n\n\n\n<blockquote class=\"wp-block-quote is-layout-flow wp-block-quote-is-layout-flow\">\n<p>&#8220;Quando a gente j\u00e1 estava na porta [de sa\u00edda], a igreja abriu um burac\u00e3o. [A madeira] Veio descendo, arriando, eu gritei por miseric\u00f3rdia, sa\u00ed por ali e a fam\u00edlia arrombou a porta. N\u00f3s conseguimos sair, sobreviver&#8221;, disse Meirel\u00facia ao&nbsp;<strong>g1<\/strong>.<\/p>\n<\/blockquote>\n\n\n\n<p>Pessoas que passaram pelo Largo do Cruzeiro de S\u00e3o Francisco relataram ter escutado um forte estrondo e&nbsp;<a class=\"\" href=\"https:\/\/g1.globo.com\/ba\/bahia\/noticia\/2025\/02\/05\/testemunha-detalha-susto-apos-desabamento-de-teto-da-igreja-de-ouro-em-salvador.ghtml\">tentaram ajudar os feridos<\/a>.<\/p>\n\n\n\n<p>Imagens feitas por testemunhas mostram os estragos logo ap\u00f3s o desabamento. O espa\u00e7o onde os fi\u00e9is ficavam durante as missas foi coberto por destro\u00e7os, principalmente a madeira que cobria o forro da nave.<\/p>\n\n\n\n<h2 class=\"wp-block-heading\"><strong>2 &#8211; Quem era a jovem que morreu?<\/strong><\/h2>\n\n\n\n<p><a class=\"\" href=\"https:\/\/g1.globo.com\/sp\/ribeirao-preto-franca\/noticia\/2025\/02\/05\/jovem-que-morreu-no-desabamento-da-igreja-de-ouro-gostava-de-viajar-e-amava-pets.ghtml\">Giulia Panchoni Righetto<\/a>&nbsp;tinha 26 anos e em Ribeir\u00e3o Preto, no interior de S\u00e3o Paulo, mas morava na capital. Em Salvador, ela curtia com dois amigos e o namorado, que tamb\u00e9m estavam na igreja. Os homens n\u00e3o se feriram, pois estavam um espa\u00e7o mais afastado.<\/p>\n\n\n\n<p>A amiga da turista sofreu um corte na testa e foi levada para um hospital particular da cidade. Outras quatro pessoas, que n\u00e3o estavam com o mesmo grupo, foram atendidas na Unidade de Pronto Atendimento dos Barris.<\/p>\n\n\n\n<p>O corpo de Giulia foi retirado por volta das 16h50 por profissionais do Departamento de Pol\u00edcia T\u00e9cnica (DPT), e foi encaminhado para necropsia no Instituto M\u00e9dico Legal. o procedimento foi encerrado ainda na noite de quarta-feira e o cad\u00e1ver est\u00e1 \u00e0 disposi\u00e7\u00e3o da fam\u00edlia. N\u00e3o se sabe ainda quando ser\u00e1 feito o translado para o sepultamento.<\/p>\n\n\n\n<figure class=\"wp-block-image\"><img data-recalc-dims=\"1\" decoding=\"async\" src=\"https:\/\/i0.wp.com\/s2-g1.glbimg.com\/eSkjV-86XnVxFS4yvhWwQg1Lqjo%3D\/0x0%3A1700x1065\/984x0\/smart\/filters%3Astrip_icc%28%29\/i.s3.glbimg.com\/v1\/AUTH_59edd422c0c84a879bd37670ae4f538a\/internal_photos\/bs\/2025\/p\/m\/b94otRRniVI9zwXV10Iw\/design-sem-nome.jpg?w=800&#038;ssl=1\" alt=\"Jovem que morreu ap\u00f3s teto de igreja desabar na Bahia, Giulia Righetto colecionava viagens fora do pa\u00eds \u2014 Foto: Reprodu\u00e7\u00e3o\/ Redes sociais\"\/><\/figure>\n\n\n\n<p>Jovem que morreu ap\u00f3s teto de igreja desabar na Bahia, Giulia Righetto colecionava viagens fora do pa\u00eds \u2014 Foto: Reprodu\u00e7\u00e3o\/ Redes sociais<\/p>\n\n\n\n<h2 class=\"wp-block-heading\"><strong>3 &#8211; Como o caso \u00e9 investigado?<\/strong><\/h2>\n\n\n\n<p>O desabamento&nbsp;<a class=\"\" href=\"https:\/\/g1.globo.com\/ba\/bahia\/noticia\/2025\/02\/05\/policia-federal-vai-investigar-desabamento-de-parte-do-teto-da-igreja-de-ouro.ghtml\">ser\u00e1 investigado pela Pol\u00edcia Federal<\/a>. A Pol\u00edcia Civil da Bahia tamb\u00e9m vai apurar o caso, atrav\u00e9s do Departamento de Homic\u00eddios e Prote\u00e7\u00e3o \u00e0 Pessoa (DHPP).<\/p>\n\n\n\n<p>Em nota, a Pol\u00edcia Federal informou que deslocou peritos e agentes para o local, a fim de realizar os exames iniciais, para &#8220;colher de forma c\u00e9lere e eficiente os primeiros elementos sobre o sinistro&#8221;.<\/p>\n\n\n\n<p>A Pol\u00edcia T\u00e9cnica da Bahia informou que uma equipe da Coordena\u00e7\u00e3o de Engenharia Legal do Instituto de Criminal\u00edstica Afr\u00e2nio Peixoto j\u00e1 esteve no local para iniciar o trabalho pericial, mas deve retornar na quinta-feira (6), para concluir os exames.<\/p>\n\n\n\n<p>O DPT, respons\u00e1vel pelo IML, detalhou ainda que os laudos da necropsia e do local do crime t\u00eam prazo inicial de 10 dias para conclus\u00e3o, podendo ser prorrogado conforme necessidade de realiza\u00e7\u00e3o de exames complementares.<\/p>\n\n\n\n<p>Tamb\u00e9m na quinta, est\u00e1 prevista a visita de uma equipe t\u00e9cnica do Instituto do Patrim\u00f4nio Hist\u00f3rico e Art\u00edstico Nacional (Iphan), juntamente com o presidente do \u00f3rg\u00e3o, Leandro Ant\u00f4nio Grass Peixoto. O hor\u00e1rio n\u00e3o foi divulgado at\u00e9 o fechamento desta reportagem. A Defesa Civil de Salvador interditou o templo ap\u00f3s o ocorrido.<\/p>\n\n\n\n<figure class=\"wp-block-image\"><img data-recalc-dims=\"1\" decoding=\"async\" src=\"https:\/\/i0.wp.com\/s2-g1.glbimg.com\/4uiPbXwf7pUHfv4bwVUzp8Bn6sI%3D\/0x0%3A1280x960\/984x0\/smart\/filters%3Astrip_icc%28%29\/i.s3.glbimg.com\/v1\/AUTH_59edd422c0c84a879bd37670ae4f538a\/internal_photos\/bs\/2025\/5\/O\/OJBeyARqAZAYvlwDVlyg\/whatsapp-image-2025-02-05-at-17.04.43.jpeg?w=800&#038;ssl=1\" alt=\"Igreja foi interditada ap\u00f3s o desabamento \u2014 Foto: Natally Acioli\/g1 BA\"\/><\/figure>\n\n\n\n<p>Igreja foi interditada ap\u00f3s o desabamento \u2014 Foto: Natally Acioli\/g1 BA<\/p>\n\n\n\n<h2 class=\"wp-block-heading\"><strong>4 &#8211; Quais problemas foram registrados no local?<\/strong><\/h2>\n\n\n\n<p>Na \u00faltima segunda-feira (3), o frei Pedro J\u00fanior Freitas da Silva, que ocupa a fun\u00e7\u00e3o de guardi\u00e3o-diretor da igreja, havia alertado o Instituto do Patrim\u00f4nio Hist\u00f3rico e Art\u00edstico Nacional (Iphan) sobre uma &#8220;dilata\u00e7\u00e3o&#8221; no forro do teto e pediu uma vistoria<a class=\"\" href=\"https:\/\/g1.globo.com\/politica\/noticia\/2025\/02\/05\/igreja-que-desabou-em-salvador-pediu-vistoria-ao-iphan-na-segunda-visita-seria-nesta-quinta.ghtml\">. A visita dos t\u00e9cnicos estava agendada para esta quinta (6)<\/a>.<\/p>\n\n\n\n<p>Segundo o presidente do instituto, Leandro Grass, a solicita\u00e7\u00e3o da igreja foi feita pelo protocolo normal, que n\u00e3o \u00e9 o caminho para o caso de uma urg\u00eancia.<\/p>\n\n\n\n<p>Conforme ele, se a igreja tivesse encontrado um risco urgente, a solu\u00e7\u00e3o seria ligar para a Defesa Civil. &#8220;Se ele comunicou a Defesa Civil, o Corpo de Bombeiros, eu n\u00e3o sei dizer. Se, de fato, ele verificou alguma emerg\u00eancia. Se tivesse algum risco de estrutura, ele deveria que comunicar esses \u00f3rg\u00e3os\u201d, concluiu Grass.<\/p>\n\n\n\n<p>O superintendente do \u00f3rg\u00e3o em Salvador, Hermano Guanaes, refor\u00e7ou a falta de vistoria recente durante entrevista \u00e0 TV Bahia.<\/p>\n\n\n\n<blockquote class=\"wp-block-quote is-layout-flow wp-block-quote-is-layout-flow\">\n<p>&#8220;A vistoria n\u00e3o acontece todos os dias. \u00c9 preciso que haja um problema detectado. Quando h\u00e1 um problema \u00e9 que n\u00f3s somos chamados para participar tamb\u00e9m, porque n\u00e3o \u00e9 uma quest\u00e3o que envolve s\u00f3 a compet\u00eancia de patrim\u00f4nio, mas tamb\u00e9m outros \u00f3rg\u00e3os, que tamb\u00e9m cuidam. Ent\u00e3o, como qualquer tipo de acidente, voc\u00ea n\u00e3o prev\u00ea que ele v\u00e1 acontecer assim, dessa forma&#8221;, afirmou.<\/p>\n<\/blockquote>\n\n\n\n<h2 class=\"wp-block-heading\"><strong>5 &#8211; O que dizem outros \u00f3rg\u00e3os?<\/strong><\/h2>\n\n\n\n<p>O diretor da Defesa Civil de Salvador, S\u00f3sthenes Macedo, refor\u00e7ou que o poder p\u00fablico sabia que havia algumas partes comprometidas na estrutura, contudo, sem riscos de desabamento, por isso o espa\u00e7o n\u00e3o estava interditado.<\/p>\n\n\n\n<p>&#8220;J\u00e1 tivemos, inclusive, um passado epis\u00f3dio aqui com o pin\u00e1culo, que ficou por um tempo gerando risco. Foi feita uma opera\u00e7\u00e3o em conjunto, foi retirado o pin\u00e1culo, dando a liberdade do uso. Agora, \u00e9 claro que todas essas edifica\u00e7\u00f5es, principalmente as mais antigas, t\u00eam que estar em dias com a lei de manuten\u00e7\u00e3o predial para que epis\u00f3dios como esse n\u00e3o se repitam&#8221;, destacou.<\/p>\n\n\n\n<p>J\u00e1 o coronel Adson Marchesine, comandante do Corpo de Bombeiros Militares da Bahia, classificou o epis\u00f3dio como uma &#8220;surpresa&#8221;. &#8220;Estava j\u00e1 tendo um projeto de reforma na igreja, mas n\u00e3o chegou ao conhecimento do Corpo de Bombeiros a necessidade de interditar o local. Realmente foi um fato surpresa, foi uma trag\u00e9dia&#8221;, declarou.<\/p>\n\n\n\n<h2 class=\"wp-block-heading\"><strong>6 &#8211; Quem \u00e9 respons\u00e1vel pela estrutura?<\/strong><\/h2>\n\n\n\n<p>Em nota, o Iphan disse que a responsabilidade pela estrutura \u00e9 da Ordem Primeira de S\u00e3o Francisco. Todavia, por se tratar de um patrim\u00f4nio hist\u00f3rico, o \u00f3rg\u00e3o faz restaura\u00e7\u00f5es e d\u00e1 aux\u00edlio t\u00e9cnico.<\/p>\n\n\n\n<p>&#8220;O im\u00f3vel \u00e9 de propriedade da Ordem Primeira de S\u00e3o Francisco, respons\u00e1vel direta pela gest\u00e3o e manuten\u00e7\u00e3o da edifica\u00e7\u00e3o. O Iphan, enquanto \u00f3rg\u00e3o de prote\u00e7\u00e3o do patrim\u00f4nio cultural brasileiro, tem atuado na preserva\u00e7\u00e3o do bem, com a\u00e7\u00f5es como o restauro dos pain\u00e9is de azulejaria portuguesa, conclu\u00eddo em maio de 2023, e a elabora\u00e7\u00e3o do projeto de restaura\u00e7\u00e3o do edif\u00edcio, atualmente em andamento&#8221;, diz trecho da nota emitida.<\/p>\n\n\n\n<figure class=\"wp-block-image\"><img data-recalc-dims=\"1\" decoding=\"async\" src=\"https:\/\/i0.wp.com\/s2-g1.glbimg.com\/5Gk9I7AXLXjignAkHcXYvanXZBA%3D\/0x0%3A1200x720\/984x0\/smart\/filters%3Astrip_icc%28%29\/i.s3.glbimg.com\/v1\/AUTH_59edd422c0c84a879bd37670ae4f538a\/internal_photos\/bs\/2025\/a\/D\/TqY4NVRoW2YneKGwlcKA\/whatsapp-image-2025-02-05-at-21.13.58-1-.jpg?w=800&#038;ssl=1\" alt=\"Complexo da Igreja e Convento de S\u00e3o Francisco em Salvador  \u2014 Foto: Reprodu\u00e7\u00e3o\/TV Bahia\"\/><\/figure>\n\n\n\n<p>Complexo da Igreja e Convento de S\u00e3o Francisco em Salvador \u2014 Foto: Reprodu\u00e7\u00e3o\/TV Bahia<\/p>\n\n\n\n<p>O respons\u00e1vel pela igreja n\u00e3o se posicionou tecnicamente a respeito. No perfil oficial no Instagram, o templo lamentou o ocorrido &#8220;com profundo pesar&#8221;, em nome da Prov\u00edncia Franciscana de Santo Ant\u00f4nio do Brasil e da Comunidade Franciscana da Bahia.<\/p>\n\n\n\n<p>&#8220;Neste momento de imensa dor, unimo-nos em ora\u00e7\u00e3o pela v\u00edtima fatal, por seus familiares e por todos os atingidos por essa trag\u00e9dia. Os feridos est\u00e3o recebendo os cuidados necess\u00e1rios, e as autoridades competentes j\u00e1 foram acionadas para investigar as causas do ocorrido e adotar as provid\u00eancias cab\u00edveis para garantir a seguran\u00e7a do local&#8221;.<\/p>\n\n\n\n<p>J\u00e1 a Arquidiocese de Salvador informou, em nota, que, &#8220;diante do lament\u00e1vel acidente&#8221;, manifesta a &#8220;mais profunda solidariedade&#8221; com a Prov\u00edncia Franciscana de Santo Ant\u00f4nio do Brasil, Ordem dos Frades Menores (OFM), e com as v\u00edtimas e fam\u00edlias delas.<\/p>\n\n\n\n<p>&#8220;O patrim\u00f4nio hist\u00f3rico ora afetado \u00e9 de valor inestim\u00e1vel para a humanidade &#8211; Patrim\u00f4nio Mundial pela UNESCO, para o Brasil e para a Igreja. Testemunho da f\u00e9 de um povo e, dos Frades Franciscanos Menores, em particular, que por mais de tr\u00eas s\u00e9culos se empenham na preserva\u00e7\u00e3o desta obra nascida da f\u00e9&#8221;, diz o posicionamento.<\/p>\n\n\n\n<h2 class=\"wp-block-heading\"><strong>7 &#8211; Quando surgiram os problemas?<\/strong><\/h2>\n\n\n\n<figure class=\"wp-block-image\"><img data-recalc-dims=\"1\" decoding=\"async\" src=\"https:\/\/i0.wp.com\/s2-g1.glbimg.com\/02XGVvl2L-2xhfEz4O3CFwXU6mw%3D\/0x0%3A4032x3024\/984x0\/smart\/filters%3Astrip_icc%28%29\/i.s3.glbimg.com\/v1\/AUTH_59edd422c0c84a879bd37670ae4f538a\/internal_photos\/bs\/2023\/m\/P\/0pJlCuRTGMdOe9YwP3uA\/img-0400.jpg?w=800&#038;ssl=1\" alt=\"Arquivo: Igreja hist\u00f3rica da Bahia, que \u00e9 patrim\u00f4nio tombado pelo Iphan, est\u00e1 com estrutura prec\u00e1ria \u2014 Foto: Itana Alencar\/g1\"\/><\/figure>\n\n\n\n<p>Arquivo: Igreja hist\u00f3rica da Bahia, que \u00e9 patrim\u00f4nio tombado pelo Iphan, est\u00e1 com estrutura prec\u00e1ria \u2014 Foto: Itana Alencar\/g1<\/p>\n\n\n\n<p>Registros feitos pelo&nbsp;<strong>g1<\/strong>&nbsp;no ano de 2023&nbsp;<a class=\"\" href=\"https:\/\/g1.globo.com\/ba\/bahia\/noticia\/2023\/08\/05\/famosa-igreja-de-ouro-do-centro-historico-de-salvador-tem-pilar-sem-reboco-piso-desnivelado-pintura-desgastada-e-teto-escorado-fotos.ghtml\">documentaram problemas estruturais<\/a>&nbsp;da Igreja de S\u00e3o Francisco. Em imagens, \u00e9 poss\u00edvel ver pintura e teto desgastados, pilastras sem reboco e piso desnivelado em v\u00e1rios pontos do templo &#8211; o que dificultava a locomo\u00e7\u00e3o de pessoas com mobilidade reduzida.<\/p>\n\n\n\n<p>Tamb\u00e9m havia pontos de eletricidade com fia\u00e7\u00e3o exposta, O teto nos corredores do complexo religioso, composto pela igreja e pelo Convento dos Freis Franciscanos, estava escorado com ripas.<\/p>\n\n\n\n<figure class=\"wp-block-image\"><img data-recalc-dims=\"1\" decoding=\"async\" src=\"https:\/\/i0.wp.com\/s2-g1.glbimg.com\/g-asRil4SKnOc4cBbMepy_oZ_hc%3D\/0x0%3A4032x2268\/984x0\/smart\/filters%3Astrip_icc%28%29\/i.s3.glbimg.com\/v1\/AUTH_59edd422c0c84a879bd37670ae4f538a\/internal_photos\/bs\/2023\/b\/e\/T6u0YlTP6vdtLfPjfSWQ\/img-e0420.jpg?w=800&#038;ssl=1\" alt=\"Arquivo: Igreja hist\u00f3rica da Bahia, que \u00e9 patrim\u00f4nio tombado pelo Iphan, est\u00e1 com estrutura prec\u00e1ria \u2014 Foto: Itana Alencar\/g1\"\/><\/figure>\n\n\n\n<p>Arquivo: Igreja hist\u00f3rica da Bahia, que \u00e9 patrim\u00f4nio tombado pelo Iphan, est\u00e1 com estrutura prec\u00e1ria \u2014 Foto: Itana Alencar\/g1<\/p>\n\n\n\n<p>Na \u00e9poca, o\u00a0<strong>g1<\/strong>\u00a0questionou ao Iphan se havia previs\u00e3o de restauro do restante do local e o \u00f3rg\u00e3o informou que incluiu, no planejamento de a\u00e7\u00f5es de 2023, a contrata\u00e7\u00e3o de empresa para elabora\u00e7\u00e3o dos projetos executivos de arquitetura, engenharia e restaura\u00e7\u00e3o da Igreja de S\u00e3o Francisco.<\/p>\n\n\n\n<p>Quando esta etapa fosse finalizada, conforme o instituto, seria aberto um processo para contratar a empresa que far\u00e1 as obras. O tempo m\u00e9dio de restaura\u00e7\u00e3o de um monumento como a Igreja de S\u00e3o Francisco dura entre dois e tr\u00eas anos, de acordo com o \u00f3rg\u00e3o.<\/p>\n\n\n\n<p>Nesta quarta, o Iphan disse que atua na &#8220;preserva\u00e7\u00e3o do bem, com a\u00e7\u00f5es como o restauro dos pain\u00e9is de azulejaria portuguesa, conclu\u00eddo em maio de 2023, e a elabora\u00e7\u00e3o do projeto de restaura\u00e7\u00e3o do edif\u00edcio, atualmente em andamento&#8221;.<\/p>\n\n\n\n<p>Ainda em 2023, um dos p\u00e1tios da igreja foi parcialmente fechado porque<a class=\"\" href=\"https:\/\/g1.globo.com\/ba\/bahia\/noticia\/2023\/07\/28\/o-grande-prejuizo-de-uma-das-sete-maravilhas-portuguesas-interdicao-para-obra-em-igreja-historica-causa-evasao-de-clientes-no-pelourinho.ghtml\">&nbsp;havia risco de queda do pin\u00e1culo direito<\/a>. A estrutura, uma c\u00fapula de uma tonelada e meia, chegou a ser removida.<\/p>\n\n\n\n<p>Em maio de 2023, o governo federal fez a\u00a0<a class=\"\" href=\"https:\/\/g1.globo.com\/jornal-nacional\/noticia\/2022\/01\/18\/igreja-historica-de-salvador-busca-apoio-para-restauracao-de-azulejos-do-seculo-xviii.ghtml\">restaura\u00e7\u00e3o dos pain\u00e9is lusitanos\u00a0<\/a>de todo o pr\u00e9dio, por\u00e9m, as melhorias n\u00e3o se estenderam a outras partes do templo, que careciam de manuten\u00e7\u00e3o.<\/p>\n\n\n\n<figure class=\"wp-block-image\"><img data-recalc-dims=\"1\" decoding=\"async\" src=\"https:\/\/i0.wp.com\/s2-g1.glbimg.com\/SozTDBrRSvp_qFoBARZZEn5d94s%3D\/0x0%3A1908x1264\/984x0\/smart\/filters%3Astrip_icc%28%29\/i.s3.glbimg.com\/v1\/AUTH_59edd422c0c84a879bd37670ae4f538a\/internal_photos\/bs\/2023\/e\/G\/S0cEgfTTaeIIk37a8AEQ\/captura-de-tela-2023-08-03-as-19.01.32.png?w=800&#038;ssl=1\" alt=\"Azulejos portugueses na Igreja e Convento de S\u00e3o Francisco, em Salvador \u2014 Foto: F\u00e1bio Marconi\/Divulga\u00e7\u00e3o PMS\"\/><\/figure>\n\n\n\n<p>Azulejos portugueses na Igreja e Convento de S\u00e3o Francisco, em Salvador \u2014 Foto: F\u00e1bio Marconi\/Divulga\u00e7\u00e3o PMS<\/p>\n\n\n\n<h2 class=\"wp-block-heading\"><strong>8 &#8211; Quais as dificuldades para a obra?<\/strong><\/h2>\n\n\n\n<p>Para fazer a restaura\u00e7\u00e3o da Igreja e Convento de S\u00e3o Francisco, \u00e9 preciso primeiro que o projeto da obra seja avaliado e aprovado pela comiss\u00e3o t\u00e9cnica do Iphan, que avalia o n\u00edvel de preserva\u00e7\u00e3o do bem e autoriza a constru\u00e7\u00e3o.<\/p>\n\n\n\n<p>Isso porque todo patrim\u00f4nio tombado s\u00f3 pode ser reformado se as caracter\u00edsticas que justificaram o tombamento, a exemplo da fachada e do conjunto arquitet\u00f4nico, se mantiverem as mesmas.<\/p>\n\n\n\n<p>No caso da igreja franciscana, os desafios s\u00e3o grandes para assegurar as caracter\u00edsticas tradicionais do barroco, destacou o \u00f3rg\u00e3o na \u00e9poca.<\/p>\n\n\n\n<figure class=\"wp-block-image\"><img data-recalc-dims=\"1\" decoding=\"async\" src=\"https:\/\/i0.wp.com\/s2-g1.glbimg.com\/uqR7EhGrKzX26P0oYF3kJhrJrKA%3D\/0x0%3A1914x1264\/984x0\/smart\/filters%3Astrip_icc%28%29\/i.s3.glbimg.com\/v1\/AUTH_59edd422c0c84a879bd37670ae4f538a\/internal_photos\/bs\/2023\/K\/q\/VyEqvWR4acTP0ESLpknQ\/captura-de-tela-2023-08-03-as-18.56.28.png?w=800&#038;ssl=1\" alt=\"Igreja de S\u00e3o Francisco de Assis, em Salvador \u2014 Foto: F\u00e1bio Marconi\/Divulga\u00e7\u00e3o PMS\"\/><\/figure>\n\n\n\n<p>Igreja de S\u00e3o Francisco de Assis, em Salvador \u2014 Foto: F\u00e1bio Marconi\/Divulga\u00e7\u00e3o PMS<\/p>\n\n\n\n<h2 class=\"wp-block-heading\"><strong>9 &#8211; Qual a import\u00e2ncia do equipamento?<\/strong><\/h2>\n\n\n\n<p>As estruturas da Igreja e Convento de S\u00e3o Francisco come\u00e7aram a ser constru\u00eddas em 1686. A obra s\u00f3 foi conclu\u00edda com doa\u00e7\u00e3o de moradores em 1723, mesmo tendo sido aberta ao p\u00fablico dez anos antes, em 1713.<\/p>\n\n\n\n<p>Quem v\u00ea de fora, n\u00e3o imagina o luxo na parte interior do tempo. As superf\u00edcies internas &#8211; paredes, colunas, teto, capelas &#8211; s\u00e3o revestidas de intrincados entalhes cobertos de ouro, com flor\u00f5es, arcos, e in\u00fameras figuras de anjos e p\u00e1ssaros, s\u00edmbolos do barroco brasileiro.<\/p>\n\n\n\n<p>Ricamente decorado, o espa\u00e7o tem imagens de mestres santeiros baianos e lusitanos, verdadeiras obras-primas da arte sacra, duas pias de pedra doadas por Dom Jo\u00e3o V, quando era rei de Portugal, bem como balaustradas e outras pe\u00e7as esculpidas em jacarand\u00e1, um tipo de madeira nobre.<\/p>\n\n\n\n<figure class=\"wp-block-image\"><img data-recalc-dims=\"1\" decoding=\"async\" src=\"https:\/\/i0.wp.com\/s2-g1.glbimg.com\/wzJONrWa7sjSBaI-fa5SH93mOtI%3D\/0x0%3A1908x1260\/984x0\/smart\/filters%3Astrip_icc%28%29\/i.s3.glbimg.com\/v1\/AUTH_59edd422c0c84a879bd37670ae4f538a\/internal_photos\/bs\/2023\/t\/Y\/ERGEYhRSamECKvHnYRjA\/captura-de-tela-2023-08-03-as-18.56.36.png?w=800&#038;ssl=1\" alt=\"Igreja de S\u00e3o Francisco de Assis, em Salvador, \u00e9 s\u00edmbolo do barroco brasileiro \u2014 Foto: F\u00e1bio Marconi\/Divulga\u00e7\u00e3o PMS\"\/><\/figure>\n\n\n\n<p>Igreja de S\u00e3o Francisco de Assis, em Salvador, \u00e9 s\u00edmbolo do barroco brasileiro \u2014 Foto: F\u00e1bio Marconi\/Divulga\u00e7\u00e3o PMS<\/p>\n\n\n\n<p>Nos p\u00falpitos e tetos, h\u00e1 v\u00e1rias pinturas, muitas delas produzidas em 1737 pelo pintor portugu\u00eas Bartolomeu Antunes, conhecido como o mais importante mestre ladrilhador do pa\u00eds colonizador.<\/p>\n\n\n\n<p>Sobre o parapeito do coro, existe um antiqu\u00edssimo orat\u00f3rio com um crucifixo e dez pequenos nichos com rel\u00edquias, entre elas o cr\u00e2nio de um m\u00e1rtir a quem se atribuiu o nome de S\u00e3o Fid\u00e9lis, doado pelo papa Inoc\u00eancio XII.<\/p>\n\n\n\n<p>Al\u00e9m da suntuosa capela-mor, dedicada a S\u00e3o Francisco de Assis, o espa\u00e7o possui oito capelas secund\u00e1rias. O cadeiral entalhado do coro, a estante para o missal e as grades entre as capelas secund\u00e1rias s\u00e3o obras do frei Lu\u00eds de Jesus, conhecido como &#8220;Irm\u00e3o Torneiro&#8221;. Estes elementos s\u00e3o do s\u00e9culo 17 e foram reaproveitados da primeira igreja edificada no local, portanto, s\u00e3o os mais antigos da cole\u00e7\u00e3o.<\/p>\n\n\n\n<p>A sacristia tamb\u00e9m possui um grande arcaz em madeira entalhada feito pelo &#8220;Irm\u00e3o Torneiro&#8221;, com pinturas sobre pequenas placas de cobre encaixadas em nichos, mostrando cenas da vida de S\u00e3o Francisco. Sobre o m\u00f3vel, junto ao teto, est\u00e1 outra s\u00e9rie de pinturas de Bartolomeu Antunes, com a mesma tem\u00e1tica.<\/p>\n\n\n\n<figure class=\"wp-block-image\"><img data-recalc-dims=\"1\" decoding=\"async\" src=\"https:\/\/i0.wp.com\/s2-g1.glbimg.com\/pR5lpNWHB49KSAMVlwLGExy5T2w%3D\/0x0%3A650x1525\/984x0\/smart\/filters%3Astrip_icc%28%29\/i.s3.glbimg.com\/v1\/AUTH_59edd422c0c84a879bd37670ae4f538a\/internal_photos\/bs\/2025\/6\/S\/ZPUm8WS8Cn8CprffADaQ\/mapa-igreja.jpg?w=800&#038;ssl=1\" alt=\"Mapa mostra localiza\u00e7\u00e3o de igreja, cujo teto desabou no Centro Hist\u00f3rico de Salvador \u2014 Foto: Arte g1\"\/><\/figure>\n\n\n\n<p>Mapa mostra localiza\u00e7\u00e3o de igreja, cujo teto desabou no Centro Hist\u00f3rico de Salvador \u2014 Foto: Arte g1<\/p>\n\n\n\n<p><em>Veja mais not\u00edcias do estado no&nbsp;<\/em><a class=\"\" href=\"https:\/\/g1.globo.com\/ba\/bahia\/\"><em>g1 Bahia<\/em><\/a><em>.<\/em><\/p>\n","protected":false},"excerpt":{"rendered":"<p>O desabamento de parte do teto da Igreja de S\u00e3o Francisco, conhecida como &#8220;igreja de ouro&#8221;,\u00a0matou uma jovem de 26 anos e deixou outras cinco pessoas feridas, na tarde de quarta-feira (5), no Centro Hist\u00f3rico de\u00a0Salvador. O acidente ocorreu por volta das 14h30, no templo da Ordem Primeira de S\u00e3o Francisco, que fica no Pelourinho. [&hellip;]<\/p>\n","protected":false},"author":2,"featured_media":23967,"comment_status":"open","ping_status":"open","sticky":false,"template":"","format":"standard","meta":{"_jetpack_memberships_contains_paid_content":false,"footnotes":""},"categories":[46],"tags":[],"class_list":["post-23966","post","type-post","status-publish","format-standard","has-post-thumbnail","hentry","category-noticia"],"aioseo_notices":[],"jetpack_featured_media_url":"https:\/\/i0.wp.com\/minutobahia24h.com.br\/wp-content\/uploads\/2025\/02\/Sem-titulo-94.jpg?fit=982%2C836&ssl=1","jetpack_sharing_enabled":true,"_links":{"self":[{"href":"https:\/\/minutobahia24h.com.br\/index.php?rest_route=\/wp\/v2\/posts\/23966","targetHints":{"allow":["GET"]}}],"collection":[{"href":"https:\/\/minutobahia24h.com.br\/index.php?rest_route=\/wp\/v2\/posts"}],"about":[{"href":"https:\/\/minutobahia24h.com.br\/index.php?rest_route=\/wp\/v2\/types\/post"}],"author":[{"embeddable":true,"href":"https:\/\/minutobahia24h.com.br\/index.php?rest_route=\/wp\/v2\/users\/2"}],"replies":[{"embeddable":true,"href":"https:\/\/minutobahia24h.com.br\/index.php?rest_route=%2Fwp%2Fv2%2Fcomments&post=23966"}],"version-history":[{"count":1,"href":"https:\/\/minutobahia24h.com.br\/index.php?rest_route=\/wp\/v2\/posts\/23966\/revisions"}],"predecessor-version":[{"id":23968,"href":"https:\/\/minutobahia24h.com.br\/index.php?rest_route=\/wp\/v2\/posts\/23966\/revisions\/23968"}],"wp:featuredmedia":[{"embeddable":true,"href":"https:\/\/minutobahia24h.com.br\/index.php?rest_route=\/wp\/v2\/media\/23967"}],"wp:attachment":[{"href":"https:\/\/minutobahia24h.com.br\/index.php?rest_route=%2Fwp%2Fv2%2Fmedia&parent=23966"}],"wp:term":[{"taxonomy":"category","embeddable":true,"href":"https:\/\/minutobahia24h.com.br\/index.php?rest_route=%2Fwp%2Fv2%2Fcategories&post=23966"},{"taxonomy":"post_tag","embeddable":true,"href":"https:\/\/minutobahia24h.com.br\/index.php?rest_route=%2Fwp%2Fv2%2Ftags&post=23966"}],"curies":[{"name":"wp","href":"https:\/\/api.w.org\/{rel}","templated":true}]}}