{"id":23951,"date":"2025-02-06T08:12:58","date_gmt":"2025-02-06T11:12:58","guid":{"rendered":"https:\/\/minutobahia24h.com.br\/?p=23951"},"modified":"2025-02-06T08:13:00","modified_gmt":"2025-02-06T11:13:00","slug":"balanca-comercial-brasil-importa-mais-do-que-exporta-na-relacao-com-os-eua-desde-2009","status":"publish","type":"post","link":"https:\/\/minutobahia24h.com.br\/?p=23951","title":{"rendered":"Balan\u00e7a comercial: Brasil importa mais do que exporta na rela\u00e7\u00e3o com os EUA desde 2009"},"content":{"rendered":"<div class=\"wp-block-image\">\n<figure class=\"aligncenter size-full\"><img data-recalc-dims=\"1\" fetchpriority=\"high\" decoding=\"async\" width=\"800\" height=\"449\" src=\"https:\/\/i0.wp.com\/minutobahia24h.com.br\/wp-content\/uploads\/2025\/02\/Sem-titulo-89.jpg?resize=800%2C449&#038;ssl=1\" alt=\"\" class=\"wp-image-23952\" srcset=\"https:\/\/i0.wp.com\/minutobahia24h.com.br\/wp-content\/uploads\/2025\/02\/Sem-titulo-89.jpg?w=984&amp;ssl=1 984w, https:\/\/i0.wp.com\/minutobahia24h.com.br\/wp-content\/uploads\/2025\/02\/Sem-titulo-89.jpg?resize=300%2C168&amp;ssl=1 300w, https:\/\/i0.wp.com\/minutobahia24h.com.br\/wp-content\/uploads\/2025\/02\/Sem-titulo-89.jpg?resize=768%2C431&amp;ssl=1 768w, https:\/\/i0.wp.com\/minutobahia24h.com.br\/wp-content\/uploads\/2025\/02\/Sem-titulo-89.jpg?resize=750%2C421&amp;ssl=1 750w\" sizes=\"(max-width: 800px) 100vw, 800px\" \/><figcaption class=\"wp-element-caption\">Porto de Paranagu\u00e1, local de escoamento das exporta\u00e7\u00f5es brasileiras e de entrada de importa\u00e7\u00f5es \u2014 Foto: Caminhos do Campo\/RPC<br><br><\/figcaption><\/figure>\n<\/div>\n\n\n<p>O relacionamento comercial do Brasil com os Estados Unidos \u00e9 marcado por predomin\u00e2ncia da economia norte-americana, segundo n\u00fameros da s\u00e9rie hist\u00f3rica do Minist\u00e9rio do Desenvolvimento, Ind\u00fastria e Com\u00e9rcio Exterior (MDIC).<\/p>\n\n\n\n<p>A compila\u00e7\u00e3o de dados, que tem in\u00edcio em 1997, mostra um&nbsp;<strong>saldo superavit\u00e1rio (mais exporta\u00e7\u00f5es do que importa\u00e7\u00f5es) de US$ 48,21 bilh\u00f5es em favor dos EUA.<\/strong>&nbsp;Foram considerados 28 anos de com\u00e9rcio exterior.<\/p>\n\n\n\n<p>Os n\u00fameros oficiais revelam, tamb\u00e9m, que o&nbsp;<strong>Brasil tem registrado d\u00e9ficits comerciais seguidos com os Estados Unidos desde 2009<\/strong>, ou seja, nos \u00faltimos 16 anos. Nesse per\u00edodo, as vendas americanas ao Brasil superaram suas importa\u00e7\u00f5es em US$ 88,61 bilh\u00f5es.<\/p>\n\n\n\n<p>\ud83d\udcb0&nbsp;<em>Um d\u00e9ficit comercial, neste caso, significa que o Brasil importou mais produtos americanos do que exportou para os Estados Unidos. O que, para a economia brasileira, representa um cen\u00e1rio desfavor\u00e1vel.<\/em><\/p>\n\n\n\n<p>No ano passado, os n\u00fameros manifestam equil\u00edbrio na rela\u00e7\u00e3o comercial com os Estados Unidos. Foram exportados US$ 40,33 bilh\u00f5es em produtos, e importados US$ 40,58 bilh\u00f5es, resultando em um d\u00e9ficit comercial de US$ 253 milh\u00f5es para o Brasil.<\/p>\n\n\n\n<h2 class=\"wp-block-heading\">EUA x mundo<\/h2>\n\n\n\n<p><strong>Em termos proporcionais, entretanto, a quantidade de produtos importados do Brasil pelos EUA \u00e9 bem pequena em compara\u00e7\u00e3o com outros parceiros comerciais da maior economia do mundo.<\/strong><\/p>\n\n\n\n<p>Os \u00faltimos dados do Departamento de Com\u00e9rcio norte-americano indicam que o volume de importa\u00e7\u00f5es do Brasil pelos EUA somou US$ 38,5 bilh\u00f5es (aproximadamente R$ 225,9 bilh\u00f5es) no ano passado at\u00e9 novembro. Esse valor representa apenas 1,3% do total de importa\u00e7\u00f5es do pa\u00eds.<\/p>\n\n\n\n<p>Apesar da rela\u00e7\u00e3o comercial pequena na compara\u00e7\u00e3o com outros blocos e pa\u00edses, os n\u00fameros sobre investimentos (<strong><em>veja mais abaixo nessa reportagem<\/em><\/strong>) indicam que os Estados Unidos precisam do Brasil.<\/p>\n\n\n\n<p>No entanto, como os norte-americanos s\u00e3o os maiores importadores e os segundos maiores vendedores do mundo, a depend\u00eancia brasileira \u00e9 muito maior.<\/p>\n\n\n\n<h2 class=\"wp-block-heading\">Donald Trump amea\u00e7a pa\u00edses<\/h2>\n\n\n\n<p>O presidente Donald Trump, que iniciou nova administra\u00e7\u00e3o em janeiro, tem demonstrado motiva\u00e7\u00f5es variadas para impor tarifas, muitas delas visando negocia\u00e7\u00f5es mais vantajosas para os EUA ou garantindo que outros pa\u00edses se mantenham leais aos norte-americanos. Tamb\u00e9m tem citado quest\u00f5es de seguran\u00e7a.<\/p>\n\n\n\n<p>As sobretaxas s\u00e3o aplicadas por meio do aumento do imposto de importa\u00e7\u00e3o, que encarece as compras das na\u00e7\u00f5es alvejadas.<\/p>\n\n\n\n<p>Analistas avaliam, por\u00e9m, que essa essa t\u00e1tica pode ser um tiro que sai pela culatra, pressionando a infla\u00e7\u00e3o norte-americana.<\/p>\n\n\n\n<p>Nos \u00faltimos dias, Trump anunciou aumento das tarifas em 25% sobre produtos canadenses e mexicanos, citando quest\u00f5es de seguran\u00e7a, como tr\u00e1fico de drogas. Ap\u00f3s conversas com os presidentes das na\u00e7\u00f5es, que se comprometeram a aumentar o patrulhamento nas fronteiras,&nbsp;<a class=\"\" href=\"https:\/\/g1.globo.com\/economia\/noticia\/2025\/02\/03\/justin-trudeau-anuncia-acordo-com-trump-para-pausar-tarifas-por-um-mes.ghtml\">ele recuou temporariamente, por um m\u00eas.<\/a><\/p>\n\n\n\n<p>No caso da China, o presidente norte-americano vinha amea\u00e7ando impor tarifa de 60% durante a campanha presidencial, mas decidiu por uma sobretaxa menor, de 10%.<\/p>\n\n\n\n<p>Ele verbalizou quest\u00f5es de seguran\u00e7a, relacionadas com o fentanil, droga que se propagou nos EUA na \u00faltima d\u00e9cada causando milhares de mortes.<\/p>\n\n\n\n<blockquote class=\"wp-block-quote is-layout-flow wp-block-quote-is-layout-flow\">\n<p>\u201cEspero que a China pare de nos enviar fentanil e, se n\u00e3o o fizerem, as tarifas v\u00e3o subir substancialmente\u201d, disse Trump nesta semana.<\/p>\n<\/blockquote>\n\n\n\n<p>De um total de US$ 3 trilh\u00f5es importados at\u00e9 novembro de 2024, esses tr\u00eas pa\u00edses (M\u00e9xico, Canad\u00e1 e China) representam mais de 40% das compras dos EUA.<\/p>\n\n\n\n<p>Em contrapartida, o Minist\u00e9rio das Finan\u00e7as da China informou que vai&nbsp;<a class=\"\" href=\"https:\/\/g1.globo.com\/economia\/noticia\/2025\/02\/04\/china-retalia-trump-e-impoe-tarifas-de-10percent-e-15percent-em-importacoes-de-produtos-dos-eua.ghtml\">impor taxas de 15% para carv\u00e3o e G\u00e1s Natural Liquefeito (GNL) dos EUA e 10% para petr\u00f3leo bruto, equipamentos agr\u00edcolas e alguns autom\u00f3veis.&nbsp;<\/a>As novas tarifas sobre as exporta\u00e7\u00f5es dos EUA come\u00e7ar\u00e3o em 10 de fevereiro, segundo o minist\u00e9rio.<\/p>\n\n\n\n<p>A China avaliou que o fentanil \u00e9 problema dos EUA e informou que desafiaria as tarifas na Organiza\u00e7\u00e3o Mundial do Com\u00e9rcio (OMC) e tomaria outras contramedidas, mas tamb\u00e9m deixou a porta aberta para negocia\u00e7\u00f5es.<\/p>\n\n\n\n<p>No domingo (2), Trump j\u00e1 sinalizou que seu pr\u00f3ximo alvo ser\u00e1 a Uni\u00e3o Europeia, de onde importaram mais US$ 555 bilh\u00f5es no mesmo per\u00edodo. Ele considerou o d\u00e9ficit comercial com a Uni\u00e3o Europeia uma \u201catrocidade\u201d. Os americanos compram mesmo mais do que vendem para os europeus, um d\u00e9ficit na casa de US$ 50 bilh\u00f5es por ano.<\/p>\n\n\n\n<p>O chefe de com\u00e9rcio do bloco europeu, Maros Sefcovic, disse que a comunidade europeia est\u00e1 pronta para &#8220;ouvir e negociar em nosso interesse m\u00fatuo&#8221;. &#8220;Dito isso, a Uni\u00e3o Europeia vai responder com firmeza a qualquer parceiro comercial que imponha tarifas injustas ou arbitr\u00e1rias\u201d, acrescentou.<\/p>\n\n\n\n<h2 class=\"wp-block-heading\">Amea\u00e7as ao Brasil<\/h2>\n\n\n\n<p>O novo presidente dos Estados Unidos j\u00e1 iniciou amea\u00e7as ao Brasil, e aos demais pa\u00edses dos Brics (bloco econ\u00f4mico que re\u00fane, tamb\u00e9m, China, \u00cdndia, R\u00fassia e \u00c1frica do Sul),&nbsp;<strong>mas ainda n\u00e3o anunciou aumento de tarifas diretamente \u00e0 economia brasileira.<\/strong><\/p>\n\n\n\n<p>Sobre o Brasil,&nbsp;<a class=\"\" href=\"https:\/\/g1.globo.com\/mundo\/noticia\/2025\/01\/20\/eles-precisam-de-nos-mais-do-que-precisamos-deles-diz-trump-sobre-brasil-e-america-latina.ghtml\">Trump declarou., em janeiro, que o pa\u00eds, assim como a Am\u00e9rica Latina, precisam &#8220;mais dos EUA do que os EUA precisam deles&#8221;<\/a>. E que os Estados Unidos n\u00e3o precisariam do Brasil e da Am\u00e9rica Latina.<\/p>\n\n\n\n<blockquote class=\"wp-block-quote is-layout-flow wp-block-quote-is-layout-flow\">\n<p>&#8220;A rela\u00e7\u00e3o [dos EUA com Brasil e Am\u00e9rica Latina] \u00e9 excelente. Eles precisam de n\u00f3s, muito mais do que n\u00f3s precisamos deles. N\u00e3o precisamos deles. Eles precisam de n\u00f3s. Todos precisam de n\u00f3s&#8221;, disse Trump ao ser perguntado se iria falar com o presidente Lula e como seria a rela\u00e7\u00e3o com o Brasil e com a Am\u00e9rica Latina.<\/p>\n<\/blockquote>\n\n\n\n<p>A ministra interina das Rela\u00e7\u00f5es Exteriores, Maria Laura da Rocha, declarou que a diplomacia brasileira trabalhar\u00e1 para encontrar converg\u00eancias na rela\u00e7\u00e3o com o novo presidente dos EUA.<\/p>\n\n\n\n<p>\u201cO presidente Trump pode falar o que ele quiser. Ele \u00e9 presidente eleito dos Estados Unidos. N\u00f3s vamos analisar cada passo das decis\u00f5es que forem tomadas pelo novo governo. Mas acredito que, como somos um povo que tem f\u00e9 na vida, que tudo vai dar certo sempre. Vamos procurar trabalhar as nossas converg\u00eancias, que s\u00e3o muitas\u201d, declarou ela, em janeiro.<\/p>\n\n\n\n<p>Antes mesmo de assumir oficialmente o cargo, em novembro do ano passado, ele tamb\u00e9m exigiu que os pa\u00edses membros do Brics se comprometam a n\u00e3o criar uma nova moeda ou apoiar outra moeda que substitua o d\u00f3lar, sob pena de sofrerem tarifas de 100%.<\/p>\n\n\n\n<blockquote class=\"wp-block-quote is-layout-flow wp-block-quote-is-layout-flow\">\n<p>&#8220;Exigimos que esses pa\u00edses se comprometam a n\u00e3o criar uma nova moeda do Brics, nem apoiar qualquer outra moeda que substitua o poderoso d\u00f3lar americano, caso contr\u00e1rio, eles sofrer\u00e3o 100% de tarifas e dever\u00e3o dizer adeus \u00e0s vendas para a maravilhosa economia norte-americana&#8221;, escreveu Trump em sua rede social, em novembro de 2024.<\/p>\n<\/blockquote>\n\n\n\n<p>No fim do m\u00eas passado,&nbsp;<a class=\"\" href=\"https:\/\/g1.globo.com\/politica\/noticia\/2025\/01\/30\/lula-fala-sobre-trump-e-politica-externa-em-entrevista-a-jornalistas-no-palacio-do-planalto.ghtml\">o presidente Lula afirmou que se os Estados Unidos taxarem o Brasil, vai haver &#8220;reciprocidade&#8221;.<\/a>&nbsp;&#8220;Se ele [Trump] taxar os produtos brasileiros, haver\u00e1 reciprocidade no Brasil em taxar os produtos que s\u00e3o importados dos EUA&#8221;, afirmou, na ocasi\u00e3o.<\/p>\n\n\n\n<p>E, nesta quarta-feira (5), o presidente brasileiro afirmou que h\u00e1 pol\u00edticos que vivem de &#8220;bravatas&#8221; e voltou a defender o debate dos pa\u00edses do Brics a respeito da substitui\u00e7\u00e3o do d\u00f3lar como moeda para transa\u00e7\u00f5es entre pa\u00edses do bloco, entre os quais Brasil, China, \u00cdndia, R\u00fassia e \u00c1frica do Sul.<\/p>\n\n\n\n<blockquote class=\"wp-block-quote is-layout-flow wp-block-quote-is-layout-flow\">\n<p>&#8220;Temos direito de discutir forma de comercializa\u00e7\u00e3o que a gente n\u00e3o dependa s\u00f3 do d\u00f3lar. Importante que a gente n\u00e3o tenha preocupa\u00e7\u00e3o com as bravatas do Trump&#8221;, disse Lula, nesta quarta-feira (5).<\/p>\n<\/blockquote>\n\n\n\n<h2 class=\"wp-block-heading\">Empresas norte-americanas e investimentos<\/h2>\n\n\n\n<p>Quando se considera o investimento realizado no Brasil por outros pa\u00edses, os Estados Unidos lideram, de acordo com relat\u00f3rio divulgado pelo Banco Central no final do ano passado com dados relativos ao ano de 2023.<\/p>\n\n\n\n<p>A lideran\u00e7a dos EUA ocorre tanto no conceito de &#8220;investidor imediato&#8221; (domic\u00edlio da empresa n\u00e3o residente que investiu diretamente na subsidi\u00e1ria ou filial) quanto no de &#8220;controlador final&#8221; (resid\u00eancia do investidor que det\u00e9m o efetivo controle e interesse econ\u00f4mico na empresa investida no Brasil).<\/p>\n\n\n\n<p>Os dados referem-se \u00e0 participa\u00e7\u00e3o no capital, que considera as entradas de recursos em moeda ou bens relativos \u00e0 aquisi\u00e7\u00e3o, subscri\u00e7\u00e3o ou aumento total ou parcial do capital social de empresas residentes.<\/p>\n\n\n<div class=\"wp-block-image\">\n<figure class=\"aligncenter\"><img data-recalc-dims=\"1\" decoding=\"async\" src=\"https:\/\/i0.wp.com\/s2-g1.glbimg.com\/YI5mnWkBjr7hx2_D8DwnQ3mPCVw%3D\/0x0%3A696x684\/984x0\/smart\/filters%3Astrip_icc%28%29\/i.s3.glbimg.com\/v1\/AUTH_59edd422c0c84a879bd37670ae4f538a\/internal_photos\/bs\/2025\/T\/N\/iZS0G1QF2GoiK8cIWUGQ\/idpbrasil2023.jpg?w=800&#038;ssl=1\" alt=\"Investimentos diretos de empresas estrangeiras no Brasil em 2023 \u2014 Foto: Reprodu\u00e7\u00e3o de estudo do Banco Central\"\/><\/figure>\n<\/div>\n\n\n<p>Investimentos diretos de empresas estrangeiras no Brasil em 2023 \u2014 Foto: Reprodu\u00e7\u00e3o de estudo do Banco Central<\/p>\n\n\n\n<p>Dados do Banco Central citados pela C\u00e2mara Americana de Com\u00e9rcio para o Brasil (Amcham Brasil) mostram o crescimento do n\u00famero de empresas norte-americanas no Brasil, e tamb\u00e9m da participa\u00e7\u00e3o dessas empresas no pa\u00eds.<\/p>\n\n\n<div class=\"wp-block-image\">\n<figure class=\"aligncenter\"><img data-recalc-dims=\"1\" decoding=\"async\" src=\"https:\/\/i0.wp.com\/s2-g1.glbimg.com\/GhkwKGvM0NfCgeqXQ2_BhTsL_0E%3D\/0x0%3A942x672\/984x0\/smart\/filters%3Astrip_icc%28%29\/i.s3.glbimg.com\/v1\/AUTH_59edd422c0c84a879bd37670ae4f538a\/internal_photos\/bs\/2025\/F\/4\/BoKTAaQ5WYg3IQZHRA1g\/ancham-bc.jpg?w=800&#038;ssl=1\" alt=\"Crescimento do n\u00famero de empresas dos EUA e investimentos no pa\u00eds \u2014 Foto: Reprodu\u00e7\u00e3o de estudo da Amcham (com base em dados do BC)\"\/><\/figure>\n<\/div>\n\n\n<p>Crescimento do n\u00famero de empresas dos EUA e investimentos no pa\u00eds \u2014 Foto: Reprodu\u00e7\u00e3o de estudo da Amcham (com base em dados do BC)<\/p>\n\n\n\n<p>A Amcham tamb\u00e9m detalhou setores ligados a investimentos recentes no pa\u00eds, assim como informa\u00e7\u00f5es sobre marcas norte-americanas e patentes no pa\u00eds. Os dados s\u00e3o do Instituto Nacional da Propriedade Industrial (INPI).<\/p>\n\n\n<div class=\"wp-block-image\">\n<figure class=\"aligncenter\"><img data-recalc-dims=\"1\" decoding=\"async\" src=\"https:\/\/i0.wp.com\/s2-g1.glbimg.com\/pHah8X39ZB5NyjrwYg9w_4Z53CE%3D\/0x0%3A739x627\/984x0\/smart\/filters%3Astrip_icc%28%29\/i.s3.glbimg.com\/v1\/AUTH_59edd422c0c84a879bd37670ae4f538a\/internal_photos\/bs\/2025\/Y\/Y\/eSn1AMRKA2Lzc3BOFAAA\/amcham-inpi.jpg?w=800&#038;ssl=1\" alt=\"Investimentos, patentes e marcas dos EUA no Brasil \u2014 Foto: Amcham e INPI\"\/><\/figure>\n<\/div>\n\n\n<p>Investimentos, patentes e marcas dos EUA no Brasil \u2014 Foto: Amcham e INPI<\/p>\n\n\n\n<p>De acordo com an\u00e1lise de Abr\u00e3o Neto, CEO da Amcham Brasil, os Estados Unidos e o Brasil t\u00eam uma rela\u00e7\u00e3o econ\u00f4mica que gera benef\u00edcios para ambas as economias, que se caracteriza pelo alto valor agregado das trocas, complementariedade e diversifica\u00e7\u00e3o no com\u00e9rcio bilateral.<\/p>\n\n\n\n<blockquote class=\"wp-block-quote is-layout-flow wp-block-quote-is-layout-flow\">\n<p>&#8220;Os Estados Unidos s\u00e3o, para o Brasil, o principal mercado de exporta\u00e7\u00e3o de bens industriais e de servi\u00e7os. E os Estados Unidos s\u00e3o tamb\u00e9m o principal investidor estrangeiro no Brasil, com um estoque de mais de US$ 350 bilh\u00f5es e quase quatro mil empresas americanas operando no pa\u00eds&#8221;, destaca Abr\u00e3o Neto, da Amcham Brasil, em janeiro.<\/p>\n<\/blockquote>\n\n\n\n<p>Para o CEO da Amcham Brasil, um bom exemplo da liga\u00e7\u00e3o comercial entre os pa\u00edses \u00e9 o setor aeron\u00e1utico, no qual o Brasil exporta e importa bilh\u00f5es de d\u00f3lares em partes e pe\u00e7as de naves e aeronaves acabadas. &#8220;Ent\u00e3o essa integra\u00e7\u00e3o mostra uma interdepend\u00eancia e uma complementariedade no com\u00e9rcio entre os dois pa\u00edses&#8221;, concluiu.<\/p>\n","protected":false},"excerpt":{"rendered":"<p>O relacionamento comercial do Brasil com os Estados Unidos \u00e9 marcado por predomin\u00e2ncia da economia norte-americana, segundo n\u00fameros da s\u00e9rie hist\u00f3rica do Minist\u00e9rio do Desenvolvimento, Ind\u00fastria e Com\u00e9rcio Exterior (MDIC). A compila\u00e7\u00e3o de dados, que tem in\u00edcio em 1997, mostra um&nbsp;saldo superavit\u00e1rio (mais exporta\u00e7\u00f5es do que importa\u00e7\u00f5es) de US$ 48,21 bilh\u00f5es em favor dos EUA.&nbsp;Foram [&hellip;]<\/p>\n","protected":false},"author":2,"featured_media":23952,"comment_status":"open","ping_status":"open","sticky":false,"template":"","format":"standard","meta":{"_jetpack_memberships_contains_paid_content":false,"footnotes":""},"categories":[19],"tags":[],"class_list":["post-23951","post","type-post","status-publish","format-standard","has-post-thumbnail","hentry","category-economia"],"aioseo_notices":[],"jetpack_featured_media_url":"https:\/\/i0.wp.com\/minutobahia24h.com.br\/wp-content\/uploads\/2025\/02\/Sem-titulo-89.jpg?fit=984%2C552&ssl=1","jetpack_sharing_enabled":true,"_links":{"self":[{"href":"https:\/\/minutobahia24h.com.br\/index.php?rest_route=\/wp\/v2\/posts\/23951","targetHints":{"allow":["GET"]}}],"collection":[{"href":"https:\/\/minutobahia24h.com.br\/index.php?rest_route=\/wp\/v2\/posts"}],"about":[{"href":"https:\/\/minutobahia24h.com.br\/index.php?rest_route=\/wp\/v2\/types\/post"}],"author":[{"embeddable":true,"href":"https:\/\/minutobahia24h.com.br\/index.php?rest_route=\/wp\/v2\/users\/2"}],"replies":[{"embeddable":true,"href":"https:\/\/minutobahia24h.com.br\/index.php?rest_route=%2Fwp%2Fv2%2Fcomments&post=23951"}],"version-history":[{"count":1,"href":"https:\/\/minutobahia24h.com.br\/index.php?rest_route=\/wp\/v2\/posts\/23951\/revisions"}],"predecessor-version":[{"id":23953,"href":"https:\/\/minutobahia24h.com.br\/index.php?rest_route=\/wp\/v2\/posts\/23951\/revisions\/23953"}],"wp:featuredmedia":[{"embeddable":true,"href":"https:\/\/minutobahia24h.com.br\/index.php?rest_route=\/wp\/v2\/media\/23952"}],"wp:attachment":[{"href":"https:\/\/minutobahia24h.com.br\/index.php?rest_route=%2Fwp%2Fv2%2Fmedia&parent=23951"}],"wp:term":[{"taxonomy":"category","embeddable":true,"href":"https:\/\/minutobahia24h.com.br\/index.php?rest_route=%2Fwp%2Fv2%2Fcategories&post=23951"},{"taxonomy":"post_tag","embeddable":true,"href":"https:\/\/minutobahia24h.com.br\/index.php?rest_route=%2Fwp%2Fv2%2Ftags&post=23951"}],"curies":[{"name":"wp","href":"https:\/\/api.w.org\/{rel}","templated":true}]}}