{"id":2390,"date":"2023-10-17T07:21:16","date_gmt":"2023-10-17T10:21:16","guid":{"rendered":"https:\/\/minutobahia24h.com.br\/?p=2390"},"modified":"2023-10-17T07:21:17","modified_gmt":"2023-10-17T10:21:17","slug":"acoes-de-investigacao-contra-bolsonaro-voltam-a-pauta-do-tse-nesta-terca-feira","status":"publish","type":"post","link":"https:\/\/minutobahia24h.com.br\/?p=2390","title":{"rendered":"A\u00e7\u00f5es de investiga\u00e7\u00e3o contra Bolsonaro voltam \u00e0 pauta do TSE nesta ter\u00e7a-feira"},"content":{"rendered":"<div class=\"wp-block-image\">\n<figure class=\"aligncenter size-full\"><img data-recalc-dims=\"1\" fetchpriority=\"high\" decoding=\"async\" width=\"800\" height=\"533\" src=\"https:\/\/i0.wp.com\/minutobahia24h.com.br\/wp-content\/uploads\/2023\/10\/Sem-titulo-115.jpg?resize=800%2C533&#038;ssl=1\" alt=\"\" class=\"wp-image-2392\" srcset=\"https:\/\/i0.wp.com\/minutobahia24h.com.br\/wp-content\/uploads\/2023\/10\/Sem-titulo-115.jpg?w=984&amp;ssl=1 984w, https:\/\/i0.wp.com\/minutobahia24h.com.br\/wp-content\/uploads\/2023\/10\/Sem-titulo-115.jpg?resize=300%2C200&amp;ssl=1 300w, https:\/\/i0.wp.com\/minutobahia24h.com.br\/wp-content\/uploads\/2023\/10\/Sem-titulo-115.jpg?resize=768%2C512&amp;ssl=1 768w, https:\/\/i0.wp.com\/minutobahia24h.com.br\/wp-content\/uploads\/2023\/10\/Sem-titulo-115.jpg?resize=750%2C500&amp;ssl=1 750w\" sizes=\"(max-width: 800px) 100vw, 800px\" \/><figcaption class=\"wp-element-caption\">Braga Netto e Bolsonaro \u2014 Foto: REUTERS\/Adriano Machado<br><\/figcaption><\/figure>\n<\/div>\n\n\n<p>O\u00a0<a class=\"\" href=\"https:\/\/g1.globo.com\/tudo-sobre\/tribunal-superior-eleitoral\/\">Tribunal Superior Eleitoral<\/a>\u00a0(TSE) vai retomar nesta ter\u00e7a-feira (17) o julgamento de tr\u00eas a\u00e7\u00f5es de investiga\u00e7\u00e3o eleitoral contra o ex-presidente\u00a0<a class=\"\" href=\"https:\/\/g1.globo.com\/politica\/politico\/jair-bolsonaro\/\">Jair Bolsonaro<\/a>\u00a0e seu candidato a vice Braga Netto. O caso volta \u00e0 pauta com o voto do relator, ministro Benedito Gon\u00e7alves.<\/p>\n\n\n\n<p>Os processos se referem \u00e0 campanha eleitoral do ano passado e tratam de supostos abusos de poder pol\u00edtico e conduta proibida a agentes p\u00fablicos em per\u00edodo eleitoral. A quest\u00e3o envolve o\u00a0<a class=\"\" href=\"https:\/\/g1.globo.com\/jornal-nacional\/noticia\/2022\/10\/19\/bolsonaro-recebe-grupo-de-prefeitos-no-palacio-da-alvorada.ghtml\">suposto uso irregular de sedes da Presid\u00eancia para atos de campanha no ano passado<\/a>. Este tipo de processo, se considerado procedente pela Corte Eleitoral,\u00a0<a class=\"\" href=\"https:\/\/g1.globo.com\/politica\/noticia\/2023\/06\/30\/tse-condena-bolsonaro-e-o-declara-inelegivel.ghtml\">pode levar o pol\u00edtico \u00e0 inelegibilidade por oito anos<\/a>.<\/p>\n\n\n\n<p>Em junho deste ano, o\u00a0<a class=\"\" href=\"https:\/\/g1.globo.com\/politica\/noticia\/2023\/06\/30\/tse-condena-bolsonaro-e-o-declara-inelegivel.ghtml\">TSE j\u00e1 decidiu que Bolsonaro ficar\u00e1 fora da disputa eleitoral at\u00e9 2030<\/a>\u00a0por abuso de poder pol\u00edtico e uso indevido dos meios de comunica\u00e7\u00e3o.<\/p>\n\n\n\n<h2 class=\"wp-block-heading\">Come\u00e7o do julgamento<\/h2>\n\n\n\n<p>O caso come\u00e7ou a ser analisado na \u00faltima ter\u00e7a-feira (10), com a apresenta\u00e7\u00e3o do relat\u00f3rio do relator, ministro Benedito Gon\u00e7alves. No documento, ele fez um resumo do andamento das a\u00e7\u00f5es, da quest\u00e3o a ser discutida e dos posicionamentos das partes.<\/p>\n\n\n\n<p>Depois, representantes das partes apresentaram seus argumentos. Autores de duas das a\u00e7\u00f5es, advogados do&nbsp;<a class=\"\" href=\"https:\/\/g1.globo.com\/politica\/partido\/pdt\/\">PDT<\/a>&nbsp;sustentaram que houve inten\u00e7\u00e3o eleitoral no uso das sedes do governo federal, no pleito de 2022. Al\u00e9m disso, consideram que a utiliza\u00e7\u00e3o dos recursos gerou um desequil\u00edbrio entre os candidatos, afetando a disputa eleitoral.<\/p>\n\n\n\n<p>Advogados da campanha de&nbsp;<a class=\"\" href=\"https:\/\/g1.globo.com\/politica\/politico\/lula\/\">Lula<\/a>&nbsp;\u2013 autor da terceira a\u00e7\u00e3o \u2013 afirmaram que o uso de espa\u00e7os p\u00fablicos para fins eleitorais pela campanha de Bolsonaro foi &#8220;sistem\u00e1tico&#8221;.<\/p>\n\n\n\n<p>Al\u00e9m disso, disseram, as estruturas teriam se tornado &#8220;verdadeiro comit\u00ea de campanha&#8221;, o que aponta para o desvio de finalidade \u2013 ou seja, o uso de recursos p\u00fablicos para interesses pessoais.<\/p>\n\n\n\n<p>A defesa de Bolsonaro afirmou que n\u00e3o concorda com a reuni\u00e3o dos processos para julgamento conjunto, por considerar que a medida fere a legisla\u00e7\u00e3o processual. Que n\u00e3o houve fato il\u00edcito, nem com gravidade capaz de alterar o equil\u00edbrio do pleito.<\/p>\n\n\n\n<p>O Minist\u00e9rio P\u00fablico voltou a defender o arquivamento das a\u00e7\u00f5es, por considerar que n\u00e3o h\u00e1 provas suficientes de irregularidades. Sustentou que n\u00e3o h\u00e1 elementos que comprovem que as a\u00e7\u00f5es nos eventos tiveram impacto na elei\u00e7\u00e3o.<\/p>\n\n\n\n<h2 class=\"wp-block-heading\">Rito de julgamento<\/h2>\n\n\n\n<p>O pr\u00f3ximo passo no julgamento \u00e9 a apresenta\u00e7\u00e3o do voto do relator, ministro Benedito Gon\u00e7alves. O voto traz a avalia\u00e7\u00e3o jur\u00eddica do processo e a conclus\u00e3o \u2013 ou seja, se \u00e9 o caso de condenar ou n\u00e3o os pol\u00edticos.<\/p>\n\n\n\n<p>Na sequ\u00eancia, devem ser apresentados os votos de cada ministro. Pelas regras internas do tribunal, \u00e9 poss\u00edvel um ministro pedir vista \u2013 mais tempo para an\u00e1lise do caso.<\/p>\n\n\n\n<p>Nos votos, os magistrados v\u00e3o avaliar se as acusa\u00e7\u00f5es procedem ou n\u00e3o. No primeiro caso, os pol\u00edticos s\u00e3o condenados e ficam sujeitos \u00e0 inelegibilidade; na segunda situa\u00e7\u00e3o, os processos s\u00e3o arquivados.<\/p>\n\n\n\n<p>Cabe recurso dentro do pr\u00f3prio TSE tanto se houver condena\u00e7\u00e3o quanto se houver arquivamento dos processos. \u00c9 poss\u00edvel ainda recorrer ao Supremo Tribunal Federal caso as partes entendam que houve viola\u00e7\u00e3o da Constitui\u00e7\u00e3o.<\/p>\n\n\n\n<h2 class=\"wp-block-heading\">Processos contra Bolsonaro e Braga Netto<\/h2>\n\n\n\n<p>As tr\u00eas a\u00e7\u00f5es s\u00e3o julgadas em conjunto. Os casos tratam de supostas irregularidades no uso de sedes do governo federal para atos de campanha eleitoral.<\/p>\n\n\n\n<p>As a\u00e7\u00f5es foram apresentadas pelo PDT e pela coliga\u00e7\u00e3o que apoiou a elei\u00e7\u00e3o do presidente Lula. Os pol\u00edticos do&nbsp;<a class=\"\" href=\"https:\/\/g1.globo.com\/politica\/partido\/pl\/\">PL<\/a>&nbsp;foram acusados de abuso de poder pol\u00edtico, desvio de finalidade e conduta proibida a agentes p\u00fablicos nas elei\u00e7\u00f5es.<\/p>\n\n\n\n<p>Foram questionados os seguintes eventos:<\/p>\n\n\n\n<ul class=\"wp-block-list\">\n<li>coletivas de imprensa realizadas no Pal\u00e1cio da Alvorada, em que&nbsp;<a class=\"\" href=\"https:\/\/g1.globo.com\/jornal-nacional\/noticia\/2022\/10\/05\/bolsonaro-recebe-apoio-dos-governadores-reeleitos-do-distrito-federal-e-do-parana.ghtml\">governadores declararam apoio eleitoral ao ent\u00e3o presidente da Rep\u00fablica<\/a>;<\/li>\n\n\n\n<li><a class=\"\" href=\"https:\/\/g1.globo.com\/politica\/eleicoes\/2022\/noticia\/2022\/09\/24\/ministro-do-tse-decide-que-bolsonaro-nao-pode-usar-lives-no-alvorada-para-promover-candidatura-a-reeleicao.ghtml\">transmiss\u00f5es ao vivo nas redes sociais (as lives) com conte\u00fado eleitoral&nbsp;<\/a>nos pal\u00e1cios do Planalto e da Alvorada;<\/li>\n<\/ul>\n\n\n\n<h2 class=\"wp-block-heading\">Consequ\u00eancias<\/h2>\n\n\n\n<p>Os posicionamentos das partes e do MP Eleitoral n\u00e3o vinculam, ou seja, n\u00e3o obrigam que os ministros sigam na mesma linha.<\/p>\n\n\n\n<p>Se os ministros conclu\u00edrem que n\u00e3o houve irregularidades, o caso \u00e9 arquivado.<\/p>\n\n\n\n<p>Se conclu\u00edrem que as a\u00e7\u00f5es procedem, podem condenar Bolsonaro e Braga Netto, ou apenas um deles, \u00e0 inelegibilidade.<\/p>\n\n\n\n<p>O\u00a0<a class=\"\" href=\"https:\/\/g1.globo.com\/politica\/noticia\/2023\/06\/30\/entenda-o-que-pode-acontecer-se-o-tse-considerar-bolsonaro-inelegivel-nesta-sexta.ghtml\">ex-presidente j\u00e1 foi considerado ineleg\u00edvel por oito anos em outro processo<\/a>\u00a0\u2013 que aguarda an\u00e1lise de recurso ao Supremo Tribunal Federal. Uma eventual inelegibilidade em outras a\u00e7\u00f5es n\u00e3o se soma \u00e0 primeira puni\u00e7\u00e3o.<\/p>\n\n\n\n<p>Mas, se for aplicada, ser\u00e1 mais uma san\u00e7\u00e3o que a defesa ter\u00e1 de tentar derrubar em recursos, para garantir que Bolsonaro volte \u00e0s urnas.<\/p>\n\n\n\n<p>Se os ministros conclu\u00edrem que houve irregularidades tamb\u00e9m da parte de Braga Netto, ele estar\u00e1 sujeito \u00e0 mesma puni\u00e7\u00e3o. No julgamento do caso em que Bolsonaro ficou ineleg\u00edvel, o candidato a vice foi absolvido.<\/p>\n\n\n\n<p>S\u00e3o poss\u00edveis recursos tanto no pr\u00f3prio TSE quanto no&nbsp;<a class=\"\" href=\"https:\/\/g1.globo.com\/tudo-sobre\/supremo-tribunal-federal\/\">STF<\/a>.<\/p>\n","protected":false},"excerpt":{"rendered":"<p>O\u00a0Tribunal Superior Eleitoral\u00a0(TSE) vai retomar nesta ter\u00e7a-feira (17) o julgamento de tr\u00eas a\u00e7\u00f5es de investiga\u00e7\u00e3o eleitoral contra o ex-presidente\u00a0Jair Bolsonaro\u00a0e seu candidato a vice Braga Netto. O caso volta \u00e0 pauta com o voto do relator, ministro Benedito Gon\u00e7alves. Os processos se referem \u00e0 campanha eleitoral do ano passado e tratam de supostos abusos de [&hellip;]<\/p>\n","protected":false},"author":2,"featured_media":2392,"comment_status":"open","ping_status":"open","sticky":false,"template":"","format":"standard","meta":{"_jetpack_memberships_contains_paid_content":false,"footnotes":""},"categories":[39],"tags":[],"class_list":["post-2390","post","type-post","status-publish","format-standard","has-post-thumbnail","hentry","category-politica"],"aioseo_notices":[],"jetpack_featured_media_url":"https:\/\/i0.wp.com\/minutobahia24h.com.br\/wp-content\/uploads\/2023\/10\/Sem-titulo-115.jpg?fit=984%2C656&ssl=1","jetpack_sharing_enabled":true,"_links":{"self":[{"href":"https:\/\/minutobahia24h.com.br\/index.php?rest_route=\/wp\/v2\/posts\/2390","targetHints":{"allow":["GET"]}}],"collection":[{"href":"https:\/\/minutobahia24h.com.br\/index.php?rest_route=\/wp\/v2\/posts"}],"about":[{"href":"https:\/\/minutobahia24h.com.br\/index.php?rest_route=\/wp\/v2\/types\/post"}],"author":[{"embeddable":true,"href":"https:\/\/minutobahia24h.com.br\/index.php?rest_route=\/wp\/v2\/users\/2"}],"replies":[{"embeddable":true,"href":"https:\/\/minutobahia24h.com.br\/index.php?rest_route=%2Fwp%2Fv2%2Fcomments&post=2390"}],"version-history":[{"count":1,"href":"https:\/\/minutobahia24h.com.br\/index.php?rest_route=\/wp\/v2\/posts\/2390\/revisions"}],"predecessor-version":[{"id":2393,"href":"https:\/\/minutobahia24h.com.br\/index.php?rest_route=\/wp\/v2\/posts\/2390\/revisions\/2393"}],"wp:featuredmedia":[{"embeddable":true,"href":"https:\/\/minutobahia24h.com.br\/index.php?rest_route=\/wp\/v2\/media\/2392"}],"wp:attachment":[{"href":"https:\/\/minutobahia24h.com.br\/index.php?rest_route=%2Fwp%2Fv2%2Fmedia&parent=2390"}],"wp:term":[{"taxonomy":"category","embeddable":true,"href":"https:\/\/minutobahia24h.com.br\/index.php?rest_route=%2Fwp%2Fv2%2Fcategories&post=2390"},{"taxonomy":"post_tag","embeddable":true,"href":"https:\/\/minutobahia24h.com.br\/index.php?rest_route=%2Fwp%2Fv2%2Ftags&post=2390"}],"curies":[{"name":"wp","href":"https:\/\/api.w.org\/{rel}","templated":true}]}}