{"id":23795,"date":"2025-02-04T07:55:50","date_gmt":"2025-02-04T10:55:50","guid":{"rendered":"https:\/\/minutobahia24h.com.br\/?p=23795"},"modified":"2025-02-04T07:55:52","modified_gmt":"2025-02-04T10:55:52","slug":"bolsonaro-articula-mudar-ficha-limpa-no-congresso-para-driblar-inelegibilidade","status":"publish","type":"post","link":"https:\/\/minutobahia24h.com.br\/?p=23795","title":{"rendered":"Bolsonaro articula mudar Ficha Limpa no Congresso para driblar inelegibilidade"},"content":{"rendered":"<div class=\"wp-block-image\">\n<figure class=\"aligncenter size-full\"><img data-recalc-dims=\"1\" fetchpriority=\"high\" decoding=\"async\" width=\"800\" height=\"533\" src=\"https:\/\/i0.wp.com\/minutobahia24h.com.br\/wp-content\/uploads\/2025\/02\/Sem-titulo-43.jpg?resize=800%2C533&#038;ssl=1\" alt=\"\" class=\"wp-image-23796\" srcset=\"https:\/\/i0.wp.com\/minutobahia24h.com.br\/wp-content\/uploads\/2025\/02\/Sem-titulo-43.jpg?w=984&amp;ssl=1 984w, https:\/\/i0.wp.com\/minutobahia24h.com.br\/wp-content\/uploads\/2025\/02\/Sem-titulo-43.jpg?resize=300%2C200&amp;ssl=1 300w, https:\/\/i0.wp.com\/minutobahia24h.com.br\/wp-content\/uploads\/2025\/02\/Sem-titulo-43.jpg?resize=768%2C511&amp;ssl=1 768w, https:\/\/i0.wp.com\/minutobahia24h.com.br\/wp-content\/uploads\/2025\/02\/Sem-titulo-43.jpg?resize=750%2C499&amp;ssl=1 750w\" sizes=\"(max-width: 800px) 100vw, 800px\" \/><figcaption class=\"wp-element-caption\">Bolsonaro em foto de 21 de novembro \u2014 Foto: TON MOLINA\/FOTOARENA\/FOTOARENA\/ESTAD\u00c3O CONTE\u00daDO<br><\/figcaption><\/figure>\n<\/div>\n\n\n<p>Em frente paralela ao&nbsp;<a class=\"\" href=\"https:\/\/g1.globo.com\/politica\/noticia\/2024\/11\/24\/apos-atentado-e-indiciamentos-projeto-da-anistia-perde-clima-e-nao-deve-avancar-com-lira.ghtml\">projeto da anistia ao 8 de janeiro<\/a>, a oposi\u00e7\u00e3o decidiu apostar na articula\u00e7\u00e3o da altera\u00e7\u00e3o na Lei da Ficha Limpa para reduzir a inelegibilidade de oito para dois anos. De autoria do deputado Bibo Nunes (<a class=\"\" href=\"https:\/\/g1.globo.com\/politica\/partido\/pl\/\">PL<\/a>-RS), a proposta diz que o prazo passa a contar a partir da elei\u00e7\u00e3o que ensejou a puni\u00e7\u00e3o e abre caminho para o ex-presidente&nbsp;<a class=\"\" href=\"https:\/\/g1.globo.com\/politica\/politico\/jair-bolsonaro\/\">Jair Bolsonaro<\/a>&nbsp;(PL) disputar a elei\u00e7\u00e3o para presidente em 2026.<\/p>\n\n\n\n<p>A mudan\u00e7a de rota visa a ganhar a simpatia de outros partidos, j\u00e1 que inelegibilidade atinge pol\u00edticos de todas as matizes. O projeto j\u00e1 traz a assinatura de 73 deputados, a maioria do PL, mas tamb\u00e9m do MDB, Patriota, PP, PSD e Republicanos,&nbsp;<a class=\"\" href=\"https:\/\/g1.globo.com\/politica\/noticia\/2025\/02\/01\/mais-jovem-a-presidir-a-camara-hugo-motta-tem-forca-nos-bastidores-une-adversarios-e-foi-discipulo-de-cunha-conheca-o-politico.ghtml\">partido do novo presidente da C\u00e2mara, Hugo Motta (Republicanos-PB)<\/a>.<\/p>\n\n\n\n<p>A estrat\u00e9gia conta com aval da fam\u00edlia do ex-presidente, que tem representantes no Senado, como o senador Fl\u00e1vio Bolsonaro (PL-RJ).<\/p>\n\n\n\n<p>A proposta foi revelada pelo &#8220;Antagonista&#8221; e confirmada pelo&nbsp;<strong>blog<\/strong>.<\/p>\n\n\n\n<h2 class=\"wp-block-heading\">Embate com Judici\u00e1rio<\/h2>\n\n\n\n<p>Se avan\u00e7ar, a medida ser\u00e1 mais um capitulo do embate entre Congresso e Judici\u00e1rio, j\u00e1 que&nbsp;<a class=\"\" href=\"https:\/\/g1.globo.com\/politica\/noticia\/2023\/06\/30\/tse-condena-bolsonaro-e-o-declara-inelegivel.ghtml\">Bolsonaro ficou ineleg\u00edvel<\/a>&nbsp;por uma decis\u00e3o do Tribunal Superior Eleitoral (TSE).<\/p>\n\n\n\n<p>Como projeto eleitoral, a estrat\u00e9gia de Bolsonaro \u2013 at\u00e9 aqui \u2013 \u00e9 registrar a candidatura no TSE e esticar a bandeira de que \u00e9 o \u00fanico plano da direita at\u00e9 onde der.<\/p>\n\n\n\n<p>Para destravar as negocia\u00e7\u00f5es, o PL abriu m\u00e3o de indicar o presidente da Comiss\u00e3o da Constitui\u00e7\u00e3o e Justi\u00e7a (CCJ), posto a que teria direito tradicionalmente por ter a maior bancada. Com um nome mais neutro, h\u00e1 a expectativa de que pautas da direita tenham menos dificuldade.<\/p>\n\n\n\n<p>A avalia\u00e7\u00e3o \u00e9 de que sob o comando de Caroline de Toni (PL-SC), fiel bolsonarista, todos os debates j\u00e1 iniciavam contaminados pela polariza\u00e7\u00e3o. Pelas negocia\u00e7\u00f5es no momento, a presid\u00eancia da CCJ deve ser indicada pelo MDB.<\/p>\n\n\n\n<p>O relator da proposta \u00e9 o deputado Filipe Barros (PL-PR). Ele disse que foi designado no final de 2024 e que deve iniciar as articula\u00e7\u00f5es somente quando as comiss\u00f5es forem definidas. Ainda n\u00e3o h\u00e1 clareza se ele permanecer\u00e1 na CCJ, condi\u00e7\u00e3o para que ele mantenha&nbsp;a&nbsp;relatoria.<\/p>\n","protected":false},"excerpt":{"rendered":"<p>Em frente paralela ao&nbsp;projeto da anistia ao 8 de janeiro, a oposi\u00e7\u00e3o decidiu apostar na articula\u00e7\u00e3o da altera\u00e7\u00e3o na Lei da Ficha Limpa para reduzir a inelegibilidade de oito para dois anos. De autoria do deputado Bibo Nunes (PL-RS), a proposta diz que o prazo passa a contar a partir da elei\u00e7\u00e3o que ensejou a [&hellip;]<\/p>\n","protected":false},"author":2,"featured_media":23796,"comment_status":"open","ping_status":"open","sticky":false,"template":"","format":"standard","meta":{"_jetpack_memberships_contains_paid_content":false,"footnotes":""},"categories":[39],"tags":[],"class_list":["post-23795","post","type-post","status-publish","format-standard","has-post-thumbnail","hentry","category-politica"],"aioseo_notices":[],"jetpack_featured_media_url":"https:\/\/i0.wp.com\/minutobahia24h.com.br\/wp-content\/uploads\/2025\/02\/Sem-titulo-43.jpg?fit=984%2C655&ssl=1","jetpack_sharing_enabled":true,"_links":{"self":[{"href":"https:\/\/minutobahia24h.com.br\/index.php?rest_route=\/wp\/v2\/posts\/23795","targetHints":{"allow":["GET"]}}],"collection":[{"href":"https:\/\/minutobahia24h.com.br\/index.php?rest_route=\/wp\/v2\/posts"}],"about":[{"href":"https:\/\/minutobahia24h.com.br\/index.php?rest_route=\/wp\/v2\/types\/post"}],"author":[{"embeddable":true,"href":"https:\/\/minutobahia24h.com.br\/index.php?rest_route=\/wp\/v2\/users\/2"}],"replies":[{"embeddable":true,"href":"https:\/\/minutobahia24h.com.br\/index.php?rest_route=%2Fwp%2Fv2%2Fcomments&post=23795"}],"version-history":[{"count":1,"href":"https:\/\/minutobahia24h.com.br\/index.php?rest_route=\/wp\/v2\/posts\/23795\/revisions"}],"predecessor-version":[{"id":23797,"href":"https:\/\/minutobahia24h.com.br\/index.php?rest_route=\/wp\/v2\/posts\/23795\/revisions\/23797"}],"wp:featuredmedia":[{"embeddable":true,"href":"https:\/\/minutobahia24h.com.br\/index.php?rest_route=\/wp\/v2\/media\/23796"}],"wp:attachment":[{"href":"https:\/\/minutobahia24h.com.br\/index.php?rest_route=%2Fwp%2Fv2%2Fmedia&parent=23795"}],"wp:term":[{"taxonomy":"category","embeddable":true,"href":"https:\/\/minutobahia24h.com.br\/index.php?rest_route=%2Fwp%2Fv2%2Fcategories&post=23795"},{"taxonomy":"post_tag","embeddable":true,"href":"https:\/\/minutobahia24h.com.br\/index.php?rest_route=%2Fwp%2Fv2%2Ftags&post=23795"}],"curies":[{"name":"wp","href":"https:\/\/api.w.org\/{rel}","templated":true}]}}