{"id":23786,"date":"2025-02-04T07:48:38","date_gmt":"2025-02-04T10:48:38","guid":{"rendered":"https:\/\/minutobahia24h.com.br\/?p=23786"},"modified":"2025-02-04T07:48:40","modified_gmt":"2025-02-04T10:48:40","slug":"providencias-comecaram-a-ser-implementadas-diz-carmen-lucia-sobre-2026","status":"publish","type":"post","link":"https:\/\/minutobahia24h.com.br\/?p=23786","title":{"rendered":"\u2018Provid\u00eancias come\u00e7aram a ser implementadas\u2019, diz C\u00e1rmen L\u00facia sobre 2026"},"content":{"rendered":"<div class=\"wp-block-image\">\n<figure class=\"aligncenter size-full\"><img data-recalc-dims=\"1\" fetchpriority=\"high\" decoding=\"async\" width=\"599\" height=\"418\" src=\"https:\/\/i0.wp.com\/minutobahia24h.com.br\/wp-content\/uploads\/2025\/02\/Sem-titulo-40.jpg?resize=599%2C418&#038;ssl=1\" alt=\"\" class=\"wp-image-23787\" srcset=\"https:\/\/i0.wp.com\/minutobahia24h.com.br\/wp-content\/uploads\/2025\/02\/Sem-titulo-40.jpg?w=599&amp;ssl=1 599w, https:\/\/i0.wp.com\/minutobahia24h.com.br\/wp-content\/uploads\/2025\/02\/Sem-titulo-40.jpg?resize=300%2C209&amp;ssl=1 300w\" sizes=\"(max-width: 599px) 100vw, 599px\" \/><figcaption class=\"wp-element-caption\">Foto: Valter Campanato\/Ag\u00eancia Brasil<br><\/figcaption><\/figure>\n<\/div>\n\n\n<p>O Tribunal Superior Eleitoral (TSE) j\u00e1 come\u00e7ou os preparativos para as elei\u00e7\u00f5es presidenciais de 2026. \u00c9 o que disse a presidente do tribunal, a ministra C\u00e1rmen L\u00facia nesta segunda-feira (3) durante a sess\u00e3o solene de abertura dos trabalhos da Justi\u00e7a Eleitoral em 2025.<\/p>\n\n\n\n<p>\u201cPara garantia de elei\u00e7\u00f5es livres e democr\u00e1ticas no Brasil, este Tribunal Superior Eleitoral trabalha ininterruptamente. Para as elei\u00e7\u00f5es de 2026, as provid\u00eancias j\u00e1 come\u00e7aram a ser implementadas na sequ\u00eancia imediata ao t\u00e9rmino das elei\u00e7\u00f5es. Para a elei\u00e7\u00e3o de 2028, uma s\u00e9rie de provid\u00eancias j\u00e1 precisou ser iniciada, como a quest\u00e3o do c\u00e1lculo de eleitores e quantas urnas precisam\u201d, afirmou.<\/p>\n\n\n\n<p>C\u00e1rmen L\u00facia ainda voltou a defender o regime democr\u00e1tico no Brasil. Para ela, a liberdade e a justi\u00e7a s\u00f3 ser\u00e3o garantidas com a democracia.<\/p>\n\n\n\n<p>\u201cA Justi\u00e7a Eleitoral continuar\u00e1 a atuar com rigor, serenidade, com imparcialidade e comprometida com a democracia, garantindo as liberdades de eleitoras e eleitores. Que tenhamos um \u00f3timo per\u00edodo de perseveran\u00e7a no caminho da constru\u00e7\u00e3o democr\u00e1tica\u201d, finalizou.<\/p>\n\n\n\n<p>As elei\u00e7\u00f5es presidenciais de 2026 ser\u00e3o presididas pelo ministro Kassio Nunes Marques, atual vice-presidente do TSE e ministro do Supremo Tribunal Federal (STF). O mandato de C\u00e1rmen L\u00facia terminar\u00e1 em agosto do ano que vem. Kassio foi indica\u00e7\u00e3o do ex-presidente Jair Bolsonaro (PL) ao STF.<\/p>\n\n\n\n<p>Bahia.ba<\/p>\n","protected":false},"excerpt":{"rendered":"<p>O Tribunal Superior Eleitoral (TSE) j\u00e1 come\u00e7ou os preparativos para as elei\u00e7\u00f5es presidenciais de 2026. \u00c9 o que disse a presidente do tribunal, a ministra C\u00e1rmen L\u00facia nesta segunda-feira (3) durante a sess\u00e3o solene de abertura dos trabalhos da Justi\u00e7a Eleitoral em 2025. \u201cPara garantia de elei\u00e7\u00f5es livres e democr\u00e1ticas no Brasil, este Tribunal Superior [&hellip;]<\/p>\n","protected":false},"author":2,"featured_media":23787,"comment_status":"open","ping_status":"open","sticky":false,"template":"","format":"standard","meta":{"_jetpack_memberships_contains_paid_content":false,"footnotes":""},"categories":[23],"tags":[],"class_list":["post-23786","post","type-post","status-publish","format-standard","has-post-thumbnail","hentry","category-justica"],"aioseo_notices":[],"jetpack_featured_media_url":"https:\/\/i0.wp.com\/minutobahia24h.com.br\/wp-content\/uploads\/2025\/02\/Sem-titulo-40.jpg?fit=599%2C418&ssl=1","jetpack_sharing_enabled":true,"_links":{"self":[{"href":"https:\/\/minutobahia24h.com.br\/index.php?rest_route=\/wp\/v2\/posts\/23786","targetHints":{"allow":["GET"]}}],"collection":[{"href":"https:\/\/minutobahia24h.com.br\/index.php?rest_route=\/wp\/v2\/posts"}],"about":[{"href":"https:\/\/minutobahia24h.com.br\/index.php?rest_route=\/wp\/v2\/types\/post"}],"author":[{"embeddable":true,"href":"https:\/\/minutobahia24h.com.br\/index.php?rest_route=\/wp\/v2\/users\/2"}],"replies":[{"embeddable":true,"href":"https:\/\/minutobahia24h.com.br\/index.php?rest_route=%2Fwp%2Fv2%2Fcomments&post=23786"}],"version-history":[{"count":1,"href":"https:\/\/minutobahia24h.com.br\/index.php?rest_route=\/wp\/v2\/posts\/23786\/revisions"}],"predecessor-version":[{"id":23788,"href":"https:\/\/minutobahia24h.com.br\/index.php?rest_route=\/wp\/v2\/posts\/23786\/revisions\/23788"}],"wp:featuredmedia":[{"embeddable":true,"href":"https:\/\/minutobahia24h.com.br\/index.php?rest_route=\/wp\/v2\/media\/23787"}],"wp:attachment":[{"href":"https:\/\/minutobahia24h.com.br\/index.php?rest_route=%2Fwp%2Fv2%2Fmedia&parent=23786"}],"wp:term":[{"taxonomy":"category","embeddable":true,"href":"https:\/\/minutobahia24h.com.br\/index.php?rest_route=%2Fwp%2Fv2%2Fcategories&post=23786"},{"taxonomy":"post_tag","embeddable":true,"href":"https:\/\/minutobahia24h.com.br\/index.php?rest_route=%2Fwp%2Fv2%2Ftags&post=23786"}],"curies":[{"name":"wp","href":"https:\/\/api.w.org\/{rel}","templated":true}]}}