{"id":23689,"date":"2025-02-03T07:25:51","date_gmt":"2025-02-03T10:25:51","guid":{"rendered":"https:\/\/minutobahia24h.com.br\/?p=23689"},"modified":"2025-02-03T07:25:52","modified_gmt":"2025-02-03T10:25:52","slug":"advogado-entra-com-acao-popular-contra-terceira-eleicao-de-adolfo-menezes-a-presidencia-da-alba","status":"publish","type":"post","link":"https:\/\/minutobahia24h.com.br\/?p=23689","title":{"rendered":"Advogado entra com a\u00e7\u00e3o popular contra terceira elei\u00e7\u00e3o de Adolfo Menezes \u00e0 presid\u00eancia da Alba"},"content":{"rendered":"<div class=\"wp-block-image\">\n<figure class=\"aligncenter size-large\"><img data-recalc-dims=\"1\" fetchpriority=\"high\" decoding=\"async\" width=\"800\" height=\"420\" src=\"https:\/\/i0.wp.com\/minutobahia24h.com.br\/wp-content\/uploads\/2025\/02\/Sem-titulo-7-1024x538.jpg?resize=800%2C420&#038;ssl=1\" alt=\"\" class=\"wp-image-23690\" srcset=\"https:\/\/i0.wp.com\/minutobahia24h.com.br\/wp-content\/uploads\/2025\/02\/Sem-titulo-7.jpg?resize=1024%2C538&amp;ssl=1 1024w, https:\/\/i0.wp.com\/minutobahia24h.com.br\/wp-content\/uploads\/2025\/02\/Sem-titulo-7.jpg?resize=300%2C158&amp;ssl=1 300w, https:\/\/i0.wp.com\/minutobahia24h.com.br\/wp-content\/uploads\/2025\/02\/Sem-titulo-7.jpg?resize=768%2C403&amp;ssl=1 768w, https:\/\/i0.wp.com\/minutobahia24h.com.br\/wp-content\/uploads\/2025\/02\/Sem-titulo-7.jpg?resize=750%2C394&amp;ssl=1 750w, https:\/\/i0.wp.com\/minutobahia24h.com.br\/wp-content\/uploads\/2025\/02\/Sem-titulo-7.jpg?resize=1140%2C599&amp;ssl=1 1140w, https:\/\/i0.wp.com\/minutobahia24h.com.br\/wp-content\/uploads\/2025\/02\/Sem-titulo-7.jpg?w=1200&amp;ssl=1 1200w\" sizes=\"(max-width: 800px) 100vw, 800px\" \/><figcaption class=\"wp-element-caption\">Foto: Reprod\u00e7\u00e3o \/ Acorda Cidade<br><\/figcaption><\/figure>\n<\/div>\n\n\n<p class=\"wp-block-paragraph\">O advogado Hercules Oliveira da Silva ingressou neste domingo (2) com uma a\u00e7\u00e3o popular junto ao Tribunal Regional Eleitoral da Bahia (TRE-BA), questionando a recondu\u00e7\u00e3o do deputado Adolfo Menezes \u00e0 presid\u00eancia da Assembleia Legislativa da Bahia (ALBA) pela terceira vez. O pedido foi fundamentado em uma alegada viola\u00e7\u00e3o da Constitui\u00e7\u00e3o Federal.<\/p>\n\n\n\n<p class=\"wp-block-paragraph\">De acordo com o&nbsp;<strong><a href=\"https:\/\/www.acordacidade.com.br\/politica\/advogado-feirense-entra-com-acao-contra-reeleicao-de-adolfo-menezes-a-presidencia-da-alba\/?utm_source=whatsapp&amp;utm_medium=referral&amp;utm_campaign=share_alongisde\" target=\"_blank\" rel=\"noreferrer noopener\">Acorda Cidade<\/a><\/strong>, parceiro do Bahia Not\u00edcias, o advogado argumenta que a emenda aprovada pelos deputados estaduais ao artigo 71, inciso II, da Constitui\u00e7\u00e3o do Estado da Bahia, que permite reelei\u00e7\u00f5es consecutivas e indefinidas para a mesa diretiva da ALBA, infringe o artigo 57, \u00a7 4\u00ba da Constitui\u00e7\u00e3o Federal. Segundo ele, o Supremo Tribunal Federal (STF) j\u00e1 consolidou o entendimento de que s\u00e3o vendidas recondu\u00e7\u00f5es ou reelei\u00e7\u00f5es consecutivas, mesmo em legislaturas distintas, permitindo apenas uma recondu\u00e7\u00e3o.<\/p>\n\n\n\n<p class=\"wp-block-paragraph\">\u201cEste estado de coisas inconstitucionais, ilegais, que violam a Ordem Jur\u00eddica, e que configuram improbidade administrativa n\u00e3o podem prevalecer num estado democr\u00e1tico de direito social, como o Brasil. Precisamos estar atentos, e na condi\u00e7\u00e3o de cidad\u00e3os, independente de cores partid\u00e1rias ou quest\u00f5es financeiras, opormo-nos contra as arbitrariedades dos governantes e detentores moment\u00e2neos do poder que lhes foi concedido pelo povo\u201d, declarou o advogado.<\/p>\n\n\n\n<p class=\"wp-block-paragraph\">A A\u00e7\u00e3o foi registrada no TRE-BA sob o n\u00famero 0600021-06.2025.6.05.0000 e tem como relator o desembargador eleitoral substituto Ricardo Borges Maracaj\u00e1 Pereira.<\/p>\n\n\n\n<p class=\"wp-block-paragraph\">BN<\/p>\n","protected":false},"excerpt":{"rendered":"<p>O advogado Hercules Oliveira da Silva ingressou neste domingo (2) com uma a\u00e7\u00e3o popular junto ao Tribunal Regional Eleitoral da Bahia (TRE-BA), questionando a recondu\u00e7\u00e3o do deputado Adolfo Menezes \u00e0 presid\u00eancia da Assembleia Legislativa da Bahia (ALBA) pela terceira vez. O pedido foi fundamentado em uma alegada viola\u00e7\u00e3o da Constitui\u00e7\u00e3o Federal. De acordo com o&nbsp;Acorda [&hellip;]<\/p>\n","protected":false},"author":2,"featured_media":23690,"comment_status":"open","ping_status":"open","sticky":false,"template":"","format":"standard","meta":{"_jetpack_newsletter_access":"","_jetpack_dont_email_post_to_subs":false,"_jetpack_newsletter_tier_id":0,"_jetpack_memberships_contains_paywalled_content":false,"_jetpack_feature_clip_id":0,"_jetpack_memberships_contains_paid_content":false,"footnotes":"","jetpack_post_was_ever_published":false},"categories":[39],"tags":[],"class_list":["post-23689","post","type-post","status-publish","format-standard","has-post-thumbnail","hentry","category-politica"],"aioseo_notices":[],"aioseo_head":"\n\t\t<!-- All in One SEO 5.0.1.1 - aioseo.com -->\n\t<meta name=\"description\" content=\"O advogado Hercules Oliveira da Silva ingressou neste domingo (2) com uma a\u00e7\u00e3o popular junto ao Tribunal Regional Eleitoral da Bahia (TRE-BA), questionando a recondu\u00e7\u00e3o do deputado Adolfo Menezes \u00e0 presid\u00eancia da Assembleia Legislativa da Bahia (ALBA) pela terceira vez. O pedido foi fundamentado em uma alegada viola\u00e7\u00e3o da Constitui\u00e7\u00e3o Federal. De acordo com o Acorda\" \/>\n\t<meta name=\"robots\" content=\"max-image-preview:large\" \/>\n\t<meta name=\"author\" content=\"andre\"\/>\n\t<link rel=\"canonical\" href=\"https:\/\/minutobahia24h.com.br\/?p=23689\" \/>\n\t<meta name=\"generator\" content=\"All in One SEO (AIOSEO) 5.0.1.1\" \/>\n\t\t<meta property=\"og:locale\" content=\"pt_BR\" \/>\n\t\t<meta property=\"og:site_name\" content=\"Minuto Bahia 24h - O seu portal de not\u00edcias\" \/>\n\t\t<meta property=\"og:type\" content=\"article\" \/>\n\t\t<meta property=\"og:title\" content=\"Advogado entra com a\u00e7\u00e3o popular contra terceira elei\u00e7\u00e3o de Adolfo Menezes \u00e0 presid\u00eancia da Alba - Minuto Bahia 24h\" \/>\n\t\t<meta property=\"og:description\" content=\"O advogado Hercules Oliveira da Silva ingressou neste domingo (2) com uma a\u00e7\u00e3o popular junto ao Tribunal Regional Eleitoral da Bahia (TRE-BA), questionando a recondu\u00e7\u00e3o do deputado Adolfo Menezes \u00e0 presid\u00eancia da Assembleia Legislativa da Bahia (ALBA) pela terceira vez. O pedido foi fundamentado em uma alegada viola\u00e7\u00e3o da Constitui\u00e7\u00e3o Federal. De acordo com o Acorda\" \/>\n\t\t<meta property=\"og:url\" content=\"https:\/\/minutobahia24h.com.br\/?p=23689\" \/>\n\t\t<meta property=\"og:image\" content=\"https:\/\/minutobahia24h.com.br\/wp-content\/uploads\/2025\/02\/Sem-titulo-7.jpg\" \/>\n\t\t<meta property=\"og:image:secure_url\" content=\"https:\/\/minutobahia24h.com.br\/wp-content\/uploads\/2025\/02\/Sem-titulo-7.jpg\" \/>\n\t\t<meta property=\"og:image:width\" content=\"1200\" \/>\n\t\t<meta property=\"og:image:height\" content=\"630\" \/>\n\t\t<meta property=\"article:published_time\" content=\"2025-02-03T10:25:51+00:00\" \/>\n\t\t<meta property=\"article:modified_time\" content=\"2025-02-03T10:25:52+00:00\" \/>\n\t\t<meta name=\"twitter:card\" content=\"summary_large_image\" \/>\n\t\t<meta name=\"twitter:title\" content=\"Advogado entra com a\u00e7\u00e3o popular contra terceira elei\u00e7\u00e3o de Adolfo Menezes \u00e0 presid\u00eancia da Alba - Minuto Bahia 24h\" \/>\n\t\t<meta name=\"twitter:description\" content=\"O advogado Hercules Oliveira da Silva ingressou neste domingo (2) com uma a\u00e7\u00e3o popular junto ao Tribunal Regional Eleitoral da Bahia (TRE-BA), questionando a recondu\u00e7\u00e3o do deputado Adolfo Menezes \u00e0 presid\u00eancia da Assembleia Legislativa da Bahia (ALBA) pela terceira vez. O pedido foi fundamentado em uma alegada viola\u00e7\u00e3o da Constitui\u00e7\u00e3o Federal. De acordo com o Acorda\" \/>\n\t\t<meta name=\"twitter:image\" content=\"https:\/\/minutobahia24h.com.br\/wp-content\/uploads\/2025\/02\/Sem-titulo-7.jpg\" \/>\n\t\t<script type=\"application\/ld+json\" class=\"aioseo-schema\">\n\t\t\t{\"@context\":\"https:\\\/\\\/schema.org\",\"@graph\":[{\"@type\":\"BlogPosting\",\"@id\":\"https:\\\/\\\/minutobahia24h.com.br\\\/?p=23689#blogposting\",\"name\":\"Advogado entra com a\\u00e7\\u00e3o popular contra terceira elei\\u00e7\\u00e3o de Adolfo Menezes \\u00e0 presid\\u00eancia da Alba - Minuto Bahia 24h\",\"headline\":\"Advogado entra com a\\u00e7\\u00e3o popular contra terceira elei\\u00e7\\u00e3o de Adolfo Menezes \\u00e0 presid\\u00eancia da Alba\",\"author\":{\"@id\":\"https:\\\/\\\/minutobahia24h.com.br\\\/?author=2#author\"},\"publisher\":{\"@id\":\"https:\\\/\\\/minutobahia24h.com.br\\\/#organization\"},\"image\":{\"@type\":\"ImageObject\",\"url\":\"https:\\\/\\\/i0.wp.com\\\/minutobahia24h.com.br\\\/wp-content\\\/uploads\\\/2025\\\/02\\\/Sem-titulo-7.jpg?fit=1200%2C630&ssl=1\",\"width\":1200,\"height\":630},\"datePublished\":\"2025-02-03T07:25:51-03:00\",\"dateModified\":\"2025-02-03T07:25:52-03:00\",\"inLanguage\":\"pt-BR\",\"mainEntityOfPage\":{\"@id\":\"https:\\\/\\\/minutobahia24h.com.br\\\/?p=23689#webpage\"},\"isPartOf\":{\"@id\":\"https:\\\/\\\/minutobahia24h.com.br\\\/?p=23689#webpage\"},\"articleSection\":\"Pol\\u00edtica\"},{\"@type\":\"BreadcrumbList\",\"@id\":\"https:\\\/\\\/minutobahia24h.com.br\\\/?p=23689#breadcrumblist\",\"itemListElement\":[{\"@type\":\"ListItem\",\"@id\":\"https:\\\/\\\/minutobahia24h.com.br#listItem\",\"position\":1,\"name\":\"In\\u00edcio\",\"item\":\"https:\\\/\\\/minutobahia24h.com.br\",\"nextItem\":{\"@type\":\"ListItem\",\"@id\":\"https:\\\/\\\/minutobahia24h.com.br\\\/?cat=39#listItem\",\"name\":\"Pol\\u00edtica\"}},{\"@type\":\"ListItem\",\"@id\":\"https:\\\/\\\/minutobahia24h.com.br\\\/?cat=39#listItem\",\"position\":2,\"name\":\"Pol\\u00edtica\",\"item\":\"https:\\\/\\\/minutobahia24h.com.br\\\/?cat=39\",\"nextItem\":{\"@type\":\"ListItem\",\"@id\":\"https:\\\/\\\/minutobahia24h.com.br\\\/?p=23689#listItem\",\"name\":\"Advogado entra com a\\u00e7\\u00e3o popular contra terceira elei\\u00e7\\u00e3o de Adolfo Menezes \\u00e0 presid\\u00eancia da Alba\"},\"previousItem\":{\"@type\":\"ListItem\",\"@id\":\"https:\\\/\\\/minutobahia24h.com.br#listItem\",\"name\":\"In\\u00edcio\"}},{\"@type\":\"ListItem\",\"@id\":\"https:\\\/\\\/minutobahia24h.com.br\\\/?p=23689#listItem\",\"position\":3,\"name\":\"Advogado entra com a\\u00e7\\u00e3o popular contra terceira elei\\u00e7\\u00e3o de Adolfo Menezes \\u00e0 presid\\u00eancia da Alba\",\"previousItem\":{\"@type\":\"ListItem\",\"@id\":\"https:\\\/\\\/minutobahia24h.com.br\\\/?cat=39#listItem\",\"name\":\"Pol\\u00edtica\"}}]},{\"@type\":\"Organization\",\"@id\":\"https:\\\/\\\/minutobahia24h.com.br\\\/#organization\",\"name\":\"Minuto Bahia 24h\",\"description\":\"O seu portal de not\\u00edcias\",\"url\":\"https:\\\/\\\/minutobahia24h.com.br\\\/\",\"logo\":{\"@type\":\"ImageObject\",\"url\":\"https:\\\/\\\/i0.wp.com\\\/minutobahia24h.com.br\\\/wp-content\\\/uploads\\\/2023\\\/09\\\/cropped-minutoba.png?fit=457%2C119&ssl=1\",\"@id\":\"https:\\\/\\\/minutobahia24h.com.br\\\/?p=23689\\\/#organizationLogo\",\"width\":457,\"height\":119},\"image\":{\"@id\":\"https:\\\/\\\/minutobahia24h.com.br\\\/?p=23689\\\/#organizationLogo\"}},{\"@type\":\"Person\",\"@id\":\"https:\\\/\\\/minutobahia24h.com.br\\\/?author=2#author\",\"url\":\"https:\\\/\\\/minutobahia24h.com.br\\\/?author=2\",\"name\":\"andre\",\"image\":{\"@type\":\"ImageObject\",\"@id\":\"https:\\\/\\\/minutobahia24h.com.br\\\/?p=23689#authorImage\",\"url\":\"https:\\\/\\\/secure.gravatar.com\\\/avatar\\\/0ec5eafed5f3925c321625d79a680d589901b94bca787ae396a35f6c4a960922?s=96&d=mm&r=g\",\"width\":96,\"height\":96,\"caption\":\"andre\"}},{\"@type\":\"WebPage\",\"@id\":\"https:\\\/\\\/minutobahia24h.com.br\\\/?p=23689#webpage\",\"url\":\"https:\\\/\\\/minutobahia24h.com.br\\\/?p=23689\",\"name\":\"Advogado entra com a\\u00e7\\u00e3o popular contra terceira elei\\u00e7\\u00e3o de Adolfo Menezes \\u00e0 presid\\u00eancia da Alba - Minuto Bahia 24h\",\"description\":\"O advogado Hercules Oliveira da Silva ingressou neste domingo (2) com uma a\\u00e7\\u00e3o popular junto ao Tribunal Regional Eleitoral da Bahia (TRE-BA), questionando a recondu\\u00e7\\u00e3o do deputado Adolfo Menezes \\u00e0 presid\\u00eancia da Assembleia Legislativa da Bahia (ALBA) pela terceira vez. O pedido foi fundamentado em uma alegada viola\\u00e7\\u00e3o da Constitui\\u00e7\\u00e3o Federal. De acordo com o Acorda\",\"inLanguage\":\"pt-BR\",\"isPartOf\":{\"@id\":\"https:\\\/\\\/minutobahia24h.com.br\\\/#website\"},\"breadcrumb\":{\"@id\":\"https:\\\/\\\/minutobahia24h.com.br\\\/?p=23689#breadcrumblist\"},\"author\":{\"@id\":\"https:\\\/\\\/minutobahia24h.com.br\\\/?author=2#author\"},\"creator\":{\"@id\":\"https:\\\/\\\/minutobahia24h.com.br\\\/?author=2#author\"},\"image\":{\"@type\":\"ImageObject\",\"url\":\"https:\\\/\\\/i0.wp.com\\\/minutobahia24h.com.br\\\/wp-content\\\/uploads\\\/2025\\\/02\\\/Sem-titulo-7.jpg?fit=1200%2C630&ssl=1\",\"@id\":\"https:\\\/\\\/minutobahia24h.com.br\\\/?p=23689\\\/#mainImage\",\"width\":1200,\"height\":630},\"primaryImageOfPage\":{\"@id\":\"https:\\\/\\\/minutobahia24h.com.br\\\/?p=23689#mainImage\"},\"datePublished\":\"2025-02-03T07:25:51-03:00\",\"dateModified\":\"2025-02-03T07:25:52-03:00\"},{\"@type\":\"WebSite\",\"@id\":\"https:\\\/\\\/minutobahia24h.com.br\\\/#website\",\"url\":\"https:\\\/\\\/minutobahia24h.com.br\\\/\",\"name\":\"Minuto Bahia 24h\",\"description\":\"O seu portal de not\\u00edcias\",\"inLanguage\":\"pt-BR\",\"publisher\":{\"@id\":\"https:\\\/\\\/minutobahia24h.com.br\\\/#organization\"}}]}\n\t\t<\/script>\n\t\t<!-- All in One SEO -->\n\n","aioseo_head_json":{"title":"Advogado entra com a\u00e7\u00e3o popular contra terceira elei\u00e7\u00e3o de Adolfo Menezes \u00e0 presid\u00eancia da Alba - Minuto Bahia 24h","description":"O advogado Hercules Oliveira da Silva ingressou neste domingo (2) com uma a\u00e7\u00e3o popular junto ao Tribunal Regional Eleitoral da Bahia (TRE-BA), questionando a recondu\u00e7\u00e3o do deputado Adolfo Menezes \u00e0 presid\u00eancia da Assembleia Legislativa da Bahia (ALBA) pela terceira vez. O pedido foi fundamentado em uma alegada viola\u00e7\u00e3o da Constitui\u00e7\u00e3o Federal. De acordo com o Acorda","canonical_url":"https:\/\/minutobahia24h.com.br\/?p=23689","robots":"max-image-preview:large","keywords":"","webmasterTools":{"miscellaneous":""},"schema":{"@context":"https:\/\/schema.org","@graph":[{"@type":"BlogPosting","@id":"https:\/\/minutobahia24h.com.br\/?p=23689#blogposting","name":"Advogado entra com a\u00e7\u00e3o popular contra terceira elei\u00e7\u00e3o de Adolfo Menezes \u00e0 presid\u00eancia da Alba - Minuto Bahia 24h","headline":"Advogado entra com a\u00e7\u00e3o popular contra terceira elei\u00e7\u00e3o de Adolfo Menezes \u00e0 presid\u00eancia da Alba","author":{"@id":"https:\/\/minutobahia24h.com.br\/?author=2#author"},"publisher":{"@id":"https:\/\/minutobahia24h.com.br\/#organization"},"image":{"@type":"ImageObject","url":"https:\/\/i0.wp.com\/minutobahia24h.com.br\/wp-content\/uploads\/2025\/02\/Sem-titulo-7.jpg?fit=1200%2C630&ssl=1","width":1200,"height":630},"datePublished":"2025-02-03T07:25:51-03:00","dateModified":"2025-02-03T07:25:52-03:00","inLanguage":"pt-BR","mainEntityOfPage":{"@id":"https:\/\/minutobahia24h.com.br\/?p=23689#webpage"},"isPartOf":{"@id":"https:\/\/minutobahia24h.com.br\/?p=23689#webpage"},"articleSection":"Pol\u00edtica"},{"@type":"BreadcrumbList","@id":"https:\/\/minutobahia24h.com.br\/?p=23689#breadcrumblist","itemListElement":[{"@type":"ListItem","@id":"https:\/\/minutobahia24h.com.br#listItem","position":1,"name":"In\u00edcio","item":"https:\/\/minutobahia24h.com.br","nextItem":{"@type":"ListItem","@id":"https:\/\/minutobahia24h.com.br\/?cat=39#listItem","name":"Pol\u00edtica"}},{"@type":"ListItem","@id":"https:\/\/minutobahia24h.com.br\/?cat=39#listItem","position":2,"name":"Pol\u00edtica","item":"https:\/\/minutobahia24h.com.br\/?cat=39","nextItem":{"@type":"ListItem","@id":"https:\/\/minutobahia24h.com.br\/?p=23689#listItem","name":"Advogado entra com a\u00e7\u00e3o popular contra terceira elei\u00e7\u00e3o de Adolfo Menezes \u00e0 presid\u00eancia da Alba"},"previousItem":{"@type":"ListItem","@id":"https:\/\/minutobahia24h.com.br#listItem","name":"In\u00edcio"}},{"@type":"ListItem","@id":"https:\/\/minutobahia24h.com.br\/?p=23689#listItem","position":3,"name":"Advogado entra com a\u00e7\u00e3o popular contra terceira elei\u00e7\u00e3o de Adolfo Menezes \u00e0 presid\u00eancia da Alba","previousItem":{"@type":"ListItem","@id":"https:\/\/minutobahia24h.com.br\/?cat=39#listItem","name":"Pol\u00edtica"}}]},{"@type":"Organization","@id":"https:\/\/minutobahia24h.com.br\/#organization","name":"Minuto Bahia 24h","description":"O seu portal de not\u00edcias","url":"https:\/\/minutobahia24h.com.br\/","logo":{"@type":"ImageObject","url":"https:\/\/i0.wp.com\/minutobahia24h.com.br\/wp-content\/uploads\/2023\/09\/cropped-minutoba.png?fit=457%2C119&ssl=1","@id":"https:\/\/minutobahia24h.com.br\/?p=23689\/#organizationLogo","width":457,"height":119},"image":{"@id":"https:\/\/minutobahia24h.com.br\/?p=23689\/#organizationLogo"}},{"@type":"Person","@id":"https:\/\/minutobahia24h.com.br\/?author=2#author","url":"https:\/\/minutobahia24h.com.br\/?author=2","name":"andre","image":{"@type":"ImageObject","@id":"https:\/\/minutobahia24h.com.br\/?p=23689#authorImage","url":"https:\/\/secure.gravatar.com\/avatar\/0ec5eafed5f3925c321625d79a680d589901b94bca787ae396a35f6c4a960922?s=96&d=mm&r=g","width":96,"height":96,"caption":"andre"}},{"@type":"WebPage","@id":"https:\/\/minutobahia24h.com.br\/?p=23689#webpage","url":"https:\/\/minutobahia24h.com.br\/?p=23689","name":"Advogado entra com a\u00e7\u00e3o popular contra terceira elei\u00e7\u00e3o de Adolfo Menezes \u00e0 presid\u00eancia da Alba - Minuto Bahia 24h","description":"O advogado Hercules Oliveira da Silva ingressou neste domingo (2) com uma a\u00e7\u00e3o popular junto ao Tribunal Regional Eleitoral da Bahia (TRE-BA), questionando a recondu\u00e7\u00e3o do deputado Adolfo Menezes \u00e0 presid\u00eancia da Assembleia Legislativa da Bahia (ALBA) pela terceira vez. O pedido foi fundamentado em uma alegada viola\u00e7\u00e3o da Constitui\u00e7\u00e3o Federal. De acordo com o Acorda","inLanguage":"pt-BR","isPartOf":{"@id":"https:\/\/minutobahia24h.com.br\/#website"},"breadcrumb":{"@id":"https:\/\/minutobahia24h.com.br\/?p=23689#breadcrumblist"},"author":{"@id":"https:\/\/minutobahia24h.com.br\/?author=2#author"},"creator":{"@id":"https:\/\/minutobahia24h.com.br\/?author=2#author"},"image":{"@type":"ImageObject","url":"https:\/\/i0.wp.com\/minutobahia24h.com.br\/wp-content\/uploads\/2025\/02\/Sem-titulo-7.jpg?fit=1200%2C630&ssl=1","@id":"https:\/\/minutobahia24h.com.br\/?p=23689\/#mainImage","width":1200,"height":630},"primaryImageOfPage":{"@id":"https:\/\/minutobahia24h.com.br\/?p=23689#mainImage"},"datePublished":"2025-02-03T07:25:51-03:00","dateModified":"2025-02-03T07:25:52-03:00"},{"@type":"WebSite","@id":"https:\/\/minutobahia24h.com.br\/#website","url":"https:\/\/minutobahia24h.com.br\/","name":"Minuto Bahia 24h","description":"O seu portal de not\u00edcias","inLanguage":"pt-BR","publisher":{"@id":"https:\/\/minutobahia24h.com.br\/#organization"}}]},"og:locale":"pt_BR","og:site_name":"Minuto Bahia 24h - O seu portal de not\u00edcias","og:type":"article","og:title":"Advogado entra com a\u00e7\u00e3o popular contra terceira elei\u00e7\u00e3o de Adolfo Menezes \u00e0 presid\u00eancia da Alba - Minuto Bahia 24h","og:description":"O advogado Hercules Oliveira da Silva ingressou neste domingo (2) com uma a\u00e7\u00e3o popular junto ao Tribunal Regional Eleitoral da Bahia (TRE-BA), questionando a recondu\u00e7\u00e3o do deputado Adolfo Menezes \u00e0 presid\u00eancia da Assembleia Legislativa da Bahia (ALBA) pela terceira vez. O pedido foi fundamentado em uma alegada viola\u00e7\u00e3o da Constitui\u00e7\u00e3o Federal. De acordo com o Acorda","og:url":"https:\/\/minutobahia24h.com.br\/?p=23689","og:image":"https:\/\/minutobahia24h.com.br\/wp-content\/uploads\/2025\/02\/Sem-titulo-7.jpg","og:image:secure_url":"https:\/\/minutobahia24h.com.br\/wp-content\/uploads\/2025\/02\/Sem-titulo-7.jpg","og:image:width":1200,"og:image:height":630,"article:published_time":"2025-02-03T10:25:51+00:00","article:modified_time":"2025-02-03T10:25:52+00:00","twitter:card":"summary_large_image","twitter:title":"Advogado entra com a\u00e7\u00e3o popular contra terceira elei\u00e7\u00e3o de Adolfo Menezes \u00e0 presid\u00eancia da Alba - Minuto Bahia 24h","twitter:description":"O advogado Hercules Oliveira da Silva ingressou neste domingo (2) com uma a\u00e7\u00e3o popular junto ao Tribunal Regional Eleitoral da Bahia (TRE-BA), questionando a recondu\u00e7\u00e3o do deputado Adolfo Menezes \u00e0 presid\u00eancia da Assembleia Legislativa da Bahia (ALBA) pela terceira vez. O pedido foi fundamentado em uma alegada viola\u00e7\u00e3o da Constitui\u00e7\u00e3o Federal. De acordo com o Acorda","twitter:image":"https:\/\/minutobahia24h.com.br\/wp-content\/uploads\/2025\/02\/Sem-titulo-7.jpg"},"aioseo_meta_data":{"post_id":"23689","title":null,"description":null,"keywords":null,"keyphrases":{"focus":{"keyphrase":"","score":0,"analysis":{"keyphraseInTitle":{"score":0,"maxScore":9,"error":1}}},"additional":[]},"primary_term":null,"canonical_url":null,"og_title":null,"og_description":null,"og_object_type":"default","og_image_type":"default","og_image_url":null,"og_image_width":null,"og_image_height":null,"og_image_custom_url":null,"og_image_custom_fields":null,"og_video":"","og_custom_url":null,"og_article_section":null,"og_article_tags":null,"twitter_use_og":true,"twitter_card":"default","twitter_image_type":"default","twitter_image_url":null,"twitter_image_custom_url":null,"twitter_image_custom_fields":null,"twitter_title":null,"twitter_description":null,"schema":{"blockGraphs":[],"customGraphs":[],"default":{"data":{"Article":[],"Course":[],"Dataset":[],"FAQPage":[],"Movie":[],"Person":[],"Product":[],"ProductReview":[],"Car":[],"Recipe":[],"Service":[],"SoftwareApplication":[],"WebPage":[]},"graphName":"BlogPosting","isEnabled":true},"graphs":[]},"schema_type":"default","schema_type_options":null,"pillar_content":false,"robots_default":true,"robots_noindex":false,"robots_noarchive":false,"robots_nosnippet":false,"robots_nofollow":false,"robots_noimageindex":false,"robots_noodp":false,"robots_notranslate":false,"robots_max_snippet":"-1","robots_max_videopreview":"-1","robots_max_imagepreview":"large","priority":null,"frequency":"default","local_seo":null,"breadcrumb_settings":null,"limit_modified_date":false,"ai":null,"created":"2025-02-03 10:25:52","updated":"2025-06-05 11:45:51","seo_analyzer_scan_date":null,"focus_keyword":null,"additional_keywords":null,"truseo_locale":null},"aioseo_breadcrumb":"<div class=\"aioseo-breadcrumbs\"><span class=\"aioseo-breadcrumb\">\n\t\t\t<a href=\"https:\/\/minutobahia24h.com.br\" title=\"In\u00edcio\">In\u00edcio<\/a>\n\t\t<\/span><span class=\"aioseo-breadcrumb-separator\">&raquo;<\/span><span class=\"aioseo-breadcrumb\">\n\t\t\t<a href=\"https:\/\/minutobahia24h.com.br\/?cat=39\" title=\"Pol\u00edtica\">Pol\u00edtica<\/a>\n\t\t<\/span><span class=\"aioseo-breadcrumb-separator\">&raquo;<\/span><span class=\"aioseo-breadcrumb\">\n\t\t\tAdvogado entra com a\u00e7\u00e3o popular contra terceira elei\u00e7\u00e3o de Adolfo Menezes \u00e0 presid\u00eancia da Alba\n\t\t<\/span><\/div>","aioseo_breadcrumb_json":[{"label":"In\u00edcio","link":"https:\/\/minutobahia24h.com.br"},{"label":"Pol\u00edtica","link":"https:\/\/minutobahia24h.com.br\/?cat=39"},{"label":"Advogado entra com a\u00e7\u00e3o popular contra terceira elei\u00e7\u00e3o de Adolfo Menezes \u00e0 presid\u00eancia da Alba","link":"https:\/\/minutobahia24h.com.br\/?p=23689"}],"jetpack_sharing_enabled":true,"jetpack_featured_media_url":"https:\/\/i0.wp.com\/minutobahia24h.com.br\/wp-content\/uploads\/2025\/02\/Sem-titulo-7.jpg?fit=1200%2C630&ssl=1","_links":{"self":[{"href":"https:\/\/minutobahia24h.com.br\/index.php?rest_route=\/wp\/v2\/posts\/23689","targetHints":{"allow":["GET"]}}],"collection":[{"href":"https:\/\/minutobahia24h.com.br\/index.php?rest_route=\/wp\/v2\/posts"}],"about":[{"href":"https:\/\/minutobahia24h.com.br\/index.php?rest_route=\/wp\/v2\/types\/post"}],"author":[{"embeddable":true,"href":"https:\/\/minutobahia24h.com.br\/index.php?rest_route=\/wp\/v2\/users\/2"}],"replies":[{"embeddable":true,"href":"https:\/\/minutobahia24h.com.br\/index.php?rest_route=%2Fwp%2Fv2%2Fcomments&post=23689"}],"version-history":[{"count":1,"href":"https:\/\/minutobahia24h.com.br\/index.php?rest_route=\/wp\/v2\/posts\/23689\/revisions"}],"predecessor-version":[{"id":23691,"href":"https:\/\/minutobahia24h.com.br\/index.php?rest_route=\/wp\/v2\/posts\/23689\/revisions\/23691"}],"wp:featuredmedia":[{"embeddable":true,"href":"https:\/\/minutobahia24h.com.br\/index.php?rest_route=\/wp\/v2\/media\/23690"}],"wp:attachment":[{"href":"https:\/\/minutobahia24h.com.br\/index.php?rest_route=%2Fwp%2Fv2%2Fmedia&parent=23689"}],"wp:term":[{"taxonomy":"category","embeddable":true,"href":"https:\/\/minutobahia24h.com.br\/index.php?rest_route=%2Fwp%2Fv2%2Fcategories&post=23689"},{"taxonomy":"post_tag","embeddable":true,"href":"https:\/\/minutobahia24h.com.br\/index.php?rest_route=%2Fwp%2Fv2%2Ftags&post=23689"}],"curies":[{"name":"wp","href":"https:\/\/api.w.org\/{rel}","templated":true}]}}