{"id":23652,"date":"2025-01-31T18:13:36","date_gmt":"2025-01-31T21:13:36","guid":{"rendered":"https:\/\/minutobahia24h.com.br\/?p=23652"},"modified":"2025-01-31T18:15:58","modified_gmt":"2025-01-31T21:15:58","slug":"governo-federal-reajusta-piso-salarial-dos-professores-para-r-4-86777-em-2025","status":"publish","type":"post","link":"https:\/\/minutobahia24h.com.br\/?p=23652","title":{"rendered":"Governo Federal reajusta piso salarial dos professores para R$ 4.867,77 em 2025"},"content":{"rendered":"\n<figure class=\"wp-block-image size-large\"><img data-recalc-dims=\"1\" fetchpriority=\"high\" decoding=\"async\" width=\"800\" height=\"420\" src=\"https:\/\/i0.wp.com\/minutobahia24h.com.br\/wp-content\/uploads\/2025\/01\/Sem-titulo-609-1024x538.jpg?resize=800%2C420&#038;ssl=1\" alt=\"\" class=\"wp-image-23656\" srcset=\"https:\/\/i0.wp.com\/minutobahia24h.com.br\/wp-content\/uploads\/2025\/01\/Sem-titulo-609.jpg?resize=1024%2C538&amp;ssl=1 1024w, https:\/\/i0.wp.com\/minutobahia24h.com.br\/wp-content\/uploads\/2025\/01\/Sem-titulo-609.jpg?resize=300%2C158&amp;ssl=1 300w, https:\/\/i0.wp.com\/minutobahia24h.com.br\/wp-content\/uploads\/2025\/01\/Sem-titulo-609.jpg?resize=768%2C403&amp;ssl=1 768w, https:\/\/i0.wp.com\/minutobahia24h.com.br\/wp-content\/uploads\/2025\/01\/Sem-titulo-609.jpg?resize=750%2C394&amp;ssl=1 750w, https:\/\/i0.wp.com\/minutobahia24h.com.br\/wp-content\/uploads\/2025\/01\/Sem-titulo-609.jpg?resize=1140%2C599&amp;ssl=1 1140w, https:\/\/i0.wp.com\/minutobahia24h.com.br\/wp-content\/uploads\/2025\/01\/Sem-titulo-609.jpg?w=1200&amp;ssl=1 1200w\" sizes=\"(max-width: 800px) 100vw, 800px\" \/><\/figure>\n\n\n\n<p>O Governo Federal anunciou um reajuste de 6,27% no Piso Salarial Nacional do magist\u00e9rio p\u00fablico da educa\u00e7\u00e3o b\u00e1sica. Com a atualiza\u00e7\u00e3o, o valor m\u00ednimo para a remunera\u00e7\u00e3o dos professores da rede p\u00fablica em todo o pa\u00eds passa a ser de R$ 4.867,77 para uma jornada de 40 horas semanais.&nbsp;<\/p>\n\n\n\n<p>O an\u00fancio foi feito pelo ministro da Educa\u00e7\u00e3o, Camilo Santana, na noite desta quinta-feira (25), atrav\u00e9s de suas redes sociais, e oficializado nesta sexta-feira (26) com a publica\u00e7\u00e3o da Portaria N\u00ba 77\/2025 no Di\u00e1rio Oficial da Uni\u00e3o.<\/p>\n\n\n\n<p>O reajuste supera a infla\u00e7\u00e3o oficial do \u00faltimo ano. O \u00cdndice Nacional de Pre\u00e7os ao Consumidor Amplo (IPCA) fechou 2024 em 4,83%, enquanto o \u00cdndice Nacional de Pre\u00e7os ao Consumidor (INPC) ficou em 4,77%. \u201cValoriza\u00e7\u00e3o dos nossos professores\u201d, afirmou o ministro Camilo Santana em uma publica\u00e7\u00e3o na rede social X.<\/p>\n\n\n\n<p>A remunera\u00e7\u00e3o dos profissionais da educa\u00e7\u00e3o b\u00e1sica \u00e9 paga por estados e munic\u00edpios a partir de recursos do Fundo de Manuten\u00e7\u00e3o e Desenvolvimento da Educa\u00e7\u00e3o B\u00e1sica e de Valoriza\u00e7\u00e3o dos Profissionais da Educa\u00e7\u00e3o (Fundeb), com complementa\u00e7\u00f5es da Uni\u00e3o. Para o novo valor passar a vigorar, cada estado e munic\u00edpio deve oficializar o piso por meio de norma pr\u00f3pria.<\/p>\n\n\n\n<p>Criado em 2008, o piso salarial do magist\u00e9rio foi estabelecido para garantir uma refer\u00eancia m\u00ednima de remunera\u00e7\u00e3o para professores com jornada de 40 horas semanais. Desde sua cria\u00e7\u00e3o, tem proporcionado ganhos reais aos profissionais da educa\u00e7\u00e3o. \u201cEssa trajet\u00f3ria de valoriza\u00e7\u00e3o foi poss\u00edvel nos \u00faltimos 15 anos em fun\u00e7\u00e3o da lei do piso\u201d, destacou Armando Sim\u00f5es, secret\u00e1rio substituto da Secretaria de Articula\u00e7\u00e3o Intersetorial e com os Sistemas de Ensino.<\/p>\n\n\n\n<p>portalespacoaberto<\/p>\n","protected":false},"excerpt":{"rendered":"<p>O Governo Federal anunciou um reajuste de 6,27% no Piso Salarial Nacional do magist\u00e9rio p\u00fablico da educa\u00e7\u00e3o b\u00e1sica. Com a atualiza\u00e7\u00e3o, o valor m\u00ednimo para a remunera\u00e7\u00e3o dos professores da rede p\u00fablica em todo o pa\u00eds passa a ser de R$ 4.867,77 para uma jornada de 40 horas semanais.&nbsp; O an\u00fancio foi feito pelo ministro [&hellip;]<\/p>\n","protected":false},"author":2,"featured_media":23656,"comment_status":"open","ping_status":"open","sticky":false,"template":"","format":"standard","meta":{"_jetpack_memberships_contains_paid_content":false,"footnotes":""},"categories":[34],"tags":[],"class_list":["post-23652","post","type-post","status-publish","format-standard","has-post-thumbnail","hentry","category-educacao"],"aioseo_notices":[],"jetpack_featured_media_url":"https:\/\/i0.wp.com\/minutobahia24h.com.br\/wp-content\/uploads\/2025\/01\/Sem-titulo-609.jpg?fit=1200%2C630&ssl=1","jetpack_sharing_enabled":true,"_links":{"self":[{"href":"https:\/\/minutobahia24h.com.br\/index.php?rest_route=\/wp\/v2\/posts\/23652","targetHints":{"allow":["GET"]}}],"collection":[{"href":"https:\/\/minutobahia24h.com.br\/index.php?rest_route=\/wp\/v2\/posts"}],"about":[{"href":"https:\/\/minutobahia24h.com.br\/index.php?rest_route=\/wp\/v2\/types\/post"}],"author":[{"embeddable":true,"href":"https:\/\/minutobahia24h.com.br\/index.php?rest_route=\/wp\/v2\/users\/2"}],"replies":[{"embeddable":true,"href":"https:\/\/minutobahia24h.com.br\/index.php?rest_route=%2Fwp%2Fv2%2Fcomments&post=23652"}],"version-history":[{"count":2,"href":"https:\/\/minutobahia24h.com.br\/index.php?rest_route=\/wp\/v2\/posts\/23652\/revisions"}],"predecessor-version":[{"id":23657,"href":"https:\/\/minutobahia24h.com.br\/index.php?rest_route=\/wp\/v2\/posts\/23652\/revisions\/23657"}],"wp:featuredmedia":[{"embeddable":true,"href":"https:\/\/minutobahia24h.com.br\/index.php?rest_route=\/wp\/v2\/media\/23656"}],"wp:attachment":[{"href":"https:\/\/minutobahia24h.com.br\/index.php?rest_route=%2Fwp%2Fv2%2Fmedia&parent=23652"}],"wp:term":[{"taxonomy":"category","embeddable":true,"href":"https:\/\/minutobahia24h.com.br\/index.php?rest_route=%2Fwp%2Fv2%2Fcategories&post=23652"},{"taxonomy":"post_tag","embeddable":true,"href":"https:\/\/minutobahia24h.com.br\/index.php?rest_route=%2Fwp%2Fv2%2Ftags&post=23652"}],"curies":[{"name":"wp","href":"https:\/\/api.w.org\/{rel}","templated":true}]}}