{"id":23634,"date":"2025-01-31T17:45:45","date_gmt":"2025-01-31T20:45:45","guid":{"rendered":"https:\/\/minutobahia24h.com.br\/?p=23634"},"modified":"2025-01-31T17:45:46","modified_gmt":"2025-01-31T20:45:46","slug":"prefeito-adilberto-adquire-onibus-escolar-0km-para-reforcar-transporte-do-municipio-de-andorinha","status":"publish","type":"post","link":"https:\/\/minutobahia24h.com.br\/?p=23634","title":{"rendered":"Prefeito Adilberto adquire \u00f4nibus escolar 0km para refor\u00e7ar transporte do munic\u00edpio de Andorinha"},"content":{"rendered":"<div class=\"wp-block-image\">\n<figure class=\"aligncenter size-full\"><img data-recalc-dims=\"1\" fetchpriority=\"high\" decoding=\"async\" width=\"640\" height=\"461\" src=\"https:\/\/i0.wp.com\/minutobahia24h.com.br\/wp-content\/uploads\/2025\/01\/Sem-titulo-602.jpg?resize=640%2C461&#038;ssl=1\" alt=\"\" class=\"wp-image-23635\" srcset=\"https:\/\/i0.wp.com\/minutobahia24h.com.br\/wp-content\/uploads\/2025\/01\/Sem-titulo-602.jpg?w=640&amp;ssl=1 640w, https:\/\/i0.wp.com\/minutobahia24h.com.br\/wp-content\/uploads\/2025\/01\/Sem-titulo-602.jpg?resize=300%2C216&amp;ssl=1 300w, https:\/\/i0.wp.com\/minutobahia24h.com.br\/wp-content\/uploads\/2025\/01\/Sem-titulo-602.jpg?resize=120%2C86&amp;ssl=1 120w\" sizes=\"(max-width: 640px) 100vw, 640px\" \/><\/figure>\n<\/div>\n\n\n<p>O Prefeito de Andorinha,&nbsp;<strong>Adilberto Evangelista<\/strong>, celebra mais um avan\u00e7o significativo para a popula\u00e7\u00e3o: a aquisi\u00e7\u00e3o de um&nbsp;<strong>\u00f4nibus escolar 0km<\/strong>. Investimento, viabilizado por meio de uma emenda parlamentar dos&nbsp;<em>deputados<\/em>&nbsp;<strong>Gabriel Nunes<\/strong>&nbsp;(<em>Federal<\/em>) e&nbsp;<strong>Laerte do Vando<\/strong>&nbsp;(<em>Estadual<\/em>), refor\u00e7a o compromisso da atual gest\u00e3o com a qualidade e seguran\u00e7a do transporte&nbsp;<strong>Escolar<\/strong>&nbsp;no munic\u00edpio de Andorinha.<\/p>\n\n\n\n<p>O&nbsp;<em>prefeito<\/em>&nbsp;<strong>Adilberto Evangelista<\/strong>&nbsp;expressou sua gratid\u00e3o ao&nbsp;<em>Governador<\/em>&nbsp;<strong>Jer\u00f4nimo Rodrigues<\/strong>&nbsp;pelo apoio constante \u00e0 cidade. \u201c<em>O governador tem demonstrado grande aten\u00e7\u00e3o com o povo de Andorinha. Essa conquista \u00e9 reflexo dessa parceria entre as esferas municipal e federal<\/em>\u201d, destacou Adilberto.<\/p>\n\n\n\n<p>Com a chegada do novo \u00f4nibus, a frota de transporte do munic\u00edpio ser\u00e1 fortalecida, proporcionando mais acessibilidade e conforto aos cidad\u00e3os que dependem desse servi\u00e7o.<\/p>\n\n\n\n<p>andorinhanews<\/p>\n","protected":false},"excerpt":{"rendered":"<p>O Prefeito de Andorinha,&nbsp;Adilberto Evangelista, celebra mais um avan\u00e7o significativo para a popula\u00e7\u00e3o: a aquisi\u00e7\u00e3o de um&nbsp;\u00f4nibus escolar 0km. Investimento, viabilizado por meio de uma emenda parlamentar dos&nbsp;deputados&nbsp;Gabriel Nunes&nbsp;(Federal) e&nbsp;Laerte do Vando&nbsp;(Estadual), refor\u00e7a o compromisso da atual gest\u00e3o com a qualidade e seguran\u00e7a do transporte&nbsp;Escolar&nbsp;no munic\u00edpio de Andorinha. O&nbsp;prefeito&nbsp;Adilberto Evangelista&nbsp;expressou sua gratid\u00e3o ao&nbsp;Governador&nbsp;Jer\u00f4nimo Rodrigues&nbsp;pelo apoio [&hellip;]<\/p>\n","protected":false},"author":2,"featured_media":23635,"comment_status":"open","ping_status":"open","sticky":false,"template":"","format":"standard","meta":{"_jetpack_memberships_contains_paid_content":false,"footnotes":""},"categories":[3],"tags":[],"class_list":["post-23634","post","type-post","status-publish","format-standard","has-post-thumbnail","hentry","category-regional"],"aioseo_notices":[],"jetpack_featured_media_url":"https:\/\/i0.wp.com\/minutobahia24h.com.br\/wp-content\/uploads\/2025\/01\/Sem-titulo-602.jpg?fit=640%2C461&ssl=1","jetpack_sharing_enabled":true,"_links":{"self":[{"href":"https:\/\/minutobahia24h.com.br\/index.php?rest_route=\/wp\/v2\/posts\/23634","targetHints":{"allow":["GET"]}}],"collection":[{"href":"https:\/\/minutobahia24h.com.br\/index.php?rest_route=\/wp\/v2\/posts"}],"about":[{"href":"https:\/\/minutobahia24h.com.br\/index.php?rest_route=\/wp\/v2\/types\/post"}],"author":[{"embeddable":true,"href":"https:\/\/minutobahia24h.com.br\/index.php?rest_route=\/wp\/v2\/users\/2"}],"replies":[{"embeddable":true,"href":"https:\/\/minutobahia24h.com.br\/index.php?rest_route=%2Fwp%2Fv2%2Fcomments&post=23634"}],"version-history":[{"count":1,"href":"https:\/\/minutobahia24h.com.br\/index.php?rest_route=\/wp\/v2\/posts\/23634\/revisions"}],"predecessor-version":[{"id":23636,"href":"https:\/\/minutobahia24h.com.br\/index.php?rest_route=\/wp\/v2\/posts\/23634\/revisions\/23636"}],"wp:featuredmedia":[{"embeddable":true,"href":"https:\/\/minutobahia24h.com.br\/index.php?rest_route=\/wp\/v2\/media\/23635"}],"wp:attachment":[{"href":"https:\/\/minutobahia24h.com.br\/index.php?rest_route=%2Fwp%2Fv2%2Fmedia&parent=23634"}],"wp:term":[{"taxonomy":"category","embeddable":true,"href":"https:\/\/minutobahia24h.com.br\/index.php?rest_route=%2Fwp%2Fv2%2Fcategories&post=23634"},{"taxonomy":"post_tag","embeddable":true,"href":"https:\/\/minutobahia24h.com.br\/index.php?rest_route=%2Fwp%2Fv2%2Ftags&post=23634"}],"curies":[{"name":"wp","href":"https:\/\/api.w.org\/{rel}","templated":true}]}}