{"id":23621,"date":"2025-01-31T07:54:11","date_gmt":"2025-01-31T10:54:11","guid":{"rendered":"https:\/\/minutobahia24h.com.br\/?p=23621"},"modified":"2025-01-31T07:54:18","modified_gmt":"2025-01-31T10:54:18","slug":"tre-sp-cassa-mandato-de-carla-zambelli-por-abuso-de-poder","status":"publish","type":"post","link":"https:\/\/minutobahia24h.com.br\/?p=23621","title":{"rendered":"TRE-SP cassa mandato de Carla Zambelli por abuso de poder"},"content":{"rendered":"<div class=\"wp-block-image\">\n<figure class=\"aligncenter size-full\"><img data-recalc-dims=\"1\" fetchpriority=\"high\" decoding=\"async\" width=\"638\" height=\"383\" src=\"https:\/\/i0.wp.com\/minutobahia24h.com.br\/wp-content\/uploads\/2025\/01\/Sem-titulo-598.jpg?resize=638%2C383&#038;ssl=1\" alt=\"\" class=\"wp-image-23622\" srcset=\"https:\/\/i0.wp.com\/minutobahia24h.com.br\/wp-content\/uploads\/2025\/01\/Sem-titulo-598.jpg?w=638&amp;ssl=1 638w, https:\/\/i0.wp.com\/minutobahia24h.com.br\/wp-content\/uploads\/2025\/01\/Sem-titulo-598.jpg?resize=300%2C180&amp;ssl=1 300w\" sizes=\"(max-width: 638px) 100vw, 638px\" \/><figcaption class=\"wp-element-caption\">Foto: Lula Marques\/Ag\u00eancia Brasil<br><\/figcaption><\/figure>\n<\/div>\n\n\n<p>O TRE-SP (Tribunal Regional de S\u00e3o Paulo) cassou nesta quinta-feira, 30, o mandato da deputada federal Carla Zambelli (PL-SP) por abuso pol\u00edtico e uso indevido dos meios de comunica\u00e7\u00e3o. Al\u00e9m de perder o cargo, a parlamentar foi condenada \u00e0 inelegibilidade por oito anos a partir das elei\u00e7\u00f5es de 2022.<\/p>\n\n\n\n<p>Por 5 votos a 2, o tribunal entendeu que Zambelli violou os limites da liberdade de express\u00e3o ao divulgar informa\u00e7\u00f5es falsas sobre supostas fraudes eleitorais no pleito de 2022. A a\u00e7\u00e3o contra ela foi movida pela deputada federal S\u00e2mia Bomfim (PSOL-SP).<\/p>\n\n\n\n<p>A cassa\u00e7\u00e3o de Zambelli pelo TRE-SP n\u00e3o leva \u00e0 perda imediata do cargo, pois a parlamentar ainda pode recorrer ao TSE (Tribunal Superior Eleitoral).<\/p>\n\n\n\n<p>Mesmo assim, por meio de uma publica\u00e7\u00e3o no X, Carla Zambelli classificou a decis\u00e3o do tribunal paulista como \u201cpersegui\u00e7\u00e3o pol\u00edtica\u201d e ressaltou que pretende apresentar recurso contra a decis\u00e3o.<\/p>\n\n\n\n<p>\u201cHoje, o TRE-SP entendeu por anular os votos de 946.244 cidad\u00e3os paulistas e cassar meu mandato de deputada federal. Essa decis\u00e3o n\u00e3o tem efeitos imediatos, e irei continuar representando S\u00e3o Paulo e meus eleitores at\u00e9 o encerramento dos recursos cab\u00edveis. Fica claro que a persegui\u00e7\u00e3o pol\u00edtica em nosso pa\u00eds, contra os conservadores, \u00e9 vis\u00edvel como o Sol do meio-dia. Continuarei a lutar todos os dias de minha vida ao lado de voc\u00eas, para que tenhamos a esperan\u00e7a de um Brasil pr\u00f3spero e digno para o povo brasileiro\u201d, escreveu a parlamentar.<\/p>\n\n\n\n<p>O caso come\u00e7ou a ser julgado no dia 13 de dezembro de 2024 e o relator, desembargador Jos\u00e9 Antonio Encinas Manfr\u00e9, votou pela cassa\u00e7\u00e3o e pela inelegibilidade da deputada. O desembargador Cotrim Guimar\u00e3es e o juiz Claudio Langroiva acompanharam o relator, bem como o presidente do TRE-SP, desembargador Silmar Fernandes. No entanto a sess\u00e3o foi suspensa ap\u00f3s pedido de vista da ju\u00edza Maria Cl\u00e1udia Bedotti.<\/p>\n\n\n\n<p>Com a retomada do caso, Bedotti entendeu que n\u00e3o houve abuso de poder pol\u00edtico e uso indevido dos meios de comunica\u00e7\u00e3o e votou pela improced\u00eancia da a\u00e7\u00e3o. O juiz R\u00e9gis de Castilho acompanhou a avalia\u00e7\u00e3o da magistrada.<\/p>\n\n\n\n<p>Por\u00e9m o juiz Rog\u00e9rio Cury e o desembargador Encinas Manfr\u00e9 acompanharam o relator do caso.<\/p>\n\n\n\n<p>Fonte: Isto\u00c9<\/p>\n","protected":false},"excerpt":{"rendered":"<p>O TRE-SP (Tribunal Regional de S\u00e3o Paulo) cassou nesta quinta-feira, 30, o mandato da deputada federal Carla Zambelli (PL-SP) por abuso pol\u00edtico e uso indevido dos meios de comunica\u00e7\u00e3o. Al\u00e9m de perder o cargo, a parlamentar foi condenada \u00e0 inelegibilidade por oito anos a partir das elei\u00e7\u00f5es de 2022. Por 5 votos a 2, o [&hellip;]<\/p>\n","protected":false},"author":2,"featured_media":23622,"comment_status":"open","ping_status":"open","sticky":false,"template":"","format":"standard","meta":{"_jetpack_memberships_contains_paid_content":false,"footnotes":""},"categories":[39],"tags":[],"class_list":["post-23621","post","type-post","status-publish","format-standard","has-post-thumbnail","hentry","category-politica"],"aioseo_notices":[],"jetpack_featured_media_url":"https:\/\/i0.wp.com\/minutobahia24h.com.br\/wp-content\/uploads\/2025\/01\/Sem-titulo-598.jpg?fit=638%2C383&ssl=1","jetpack_sharing_enabled":true,"_links":{"self":[{"href":"https:\/\/minutobahia24h.com.br\/index.php?rest_route=\/wp\/v2\/posts\/23621","targetHints":{"allow":["GET"]}}],"collection":[{"href":"https:\/\/minutobahia24h.com.br\/index.php?rest_route=\/wp\/v2\/posts"}],"about":[{"href":"https:\/\/minutobahia24h.com.br\/index.php?rest_route=\/wp\/v2\/types\/post"}],"author":[{"embeddable":true,"href":"https:\/\/minutobahia24h.com.br\/index.php?rest_route=\/wp\/v2\/users\/2"}],"replies":[{"embeddable":true,"href":"https:\/\/minutobahia24h.com.br\/index.php?rest_route=%2Fwp%2Fv2%2Fcomments&post=23621"}],"version-history":[{"count":1,"href":"https:\/\/minutobahia24h.com.br\/index.php?rest_route=\/wp\/v2\/posts\/23621\/revisions"}],"predecessor-version":[{"id":23623,"href":"https:\/\/minutobahia24h.com.br\/index.php?rest_route=\/wp\/v2\/posts\/23621\/revisions\/23623"}],"wp:featuredmedia":[{"embeddable":true,"href":"https:\/\/minutobahia24h.com.br\/index.php?rest_route=\/wp\/v2\/media\/23622"}],"wp:attachment":[{"href":"https:\/\/minutobahia24h.com.br\/index.php?rest_route=%2Fwp%2Fv2%2Fmedia&parent=23621"}],"wp:term":[{"taxonomy":"category","embeddable":true,"href":"https:\/\/minutobahia24h.com.br\/index.php?rest_route=%2Fwp%2Fv2%2Fcategories&post=23621"},{"taxonomy":"post_tag","embeddable":true,"href":"https:\/\/minutobahia24h.com.br\/index.php?rest_route=%2Fwp%2Fv2%2Ftags&post=23621"}],"curies":[{"name":"wp","href":"https:\/\/api.w.org\/{rel}","templated":true}]}}