{"id":23609,"date":"2025-01-31T07:48:15","date_gmt":"2025-01-31T10:48:15","guid":{"rendered":"https:\/\/minutobahia24h.com.br\/?p=23609"},"modified":"2025-01-31T07:48:16","modified_gmt":"2025-01-31T10:48:16","slug":"embasa-cidades-ficarao-sem-agua-a-partir-de-segunda-feira-3","status":"publish","type":"post","link":"https:\/\/minutobahia24h.com.br\/?p=23609","title":{"rendered":"Embasa: cidades ficar\u00e3o sem \u00e1gua a partir de segunda-feira (3)"},"content":{"rendered":"<div class=\"wp-block-image\">\n<figure class=\"aligncenter size-full\"><img data-recalc-dims=\"1\" fetchpriority=\"high\" decoding=\"async\" width=\"600\" height=\"420\" src=\"https:\/\/i0.wp.com\/minutobahia24h.com.br\/wp-content\/uploads\/2025\/01\/Sem-titulo-594.jpg?resize=600%2C420&#038;ssl=1\" alt=\"\" class=\"wp-image-23610\" srcset=\"https:\/\/i0.wp.com\/minutobahia24h.com.br\/wp-content\/uploads\/2025\/01\/Sem-titulo-594.jpg?w=600&amp;ssl=1 600w, https:\/\/i0.wp.com\/minutobahia24h.com.br\/wp-content\/uploads\/2025\/01\/Sem-titulo-594.jpg?resize=300%2C210&amp;ssl=1 300w\" sizes=\"(max-width: 600px) 100vw, 600px\" \/><figcaption class=\"wp-element-caption\">Foto: Marcello Casal Jr\/Ag\u00eancia Brasil<br><\/figcaption><\/figure>\n<\/div>\n\n\n<p>O fornecimento de \u00e1gua ser\u00e1 interrompido em seis cidades baianas a partir da pr\u00f3xima segunda-feira (3). De acordo com a Embasa (Empresa Baiana de \u00c1guas e Saneamento), a suspens\u00e3o do servi\u00e7o est\u00e1 previsto para acontecer a partir das 8h.<\/p>\n\n\n\n<p>Os munic\u00edpios s\u00e3o: Feira de Santana, Tanquinho, Santan\u00f3polis, Concei\u00e7\u00e3o da Feira, S\u00e3o Gon\u00e7alo dos Campos e Santa B\u00e1rbara.<\/p>\n\n\n\n<p>Segundo a empresa, os im\u00f3veis que possuem reserva de \u00e1gua adequada n\u00e3o ser\u00e3o afetadas. A previs\u00e3o \u00e9 que o servi\u00e7o seja conclu\u00eddo no fim da manh\u00e3. O fornecimento deve ser totalmente regularizado em at\u00e9 24 horas.<\/p>\n\n\n\n<p>Bahia.ba<\/p>\n","protected":false},"excerpt":{"rendered":"<p>O fornecimento de \u00e1gua ser\u00e1 interrompido em seis cidades baianas a partir da pr\u00f3xima segunda-feira (3). De acordo com a Embasa (Empresa Baiana de \u00c1guas e Saneamento), a suspens\u00e3o do servi\u00e7o est\u00e1 previsto para acontecer a partir das 8h. Os munic\u00edpios s\u00e3o: Feira de Santana, Tanquinho, Santan\u00f3polis, Concei\u00e7\u00e3o da Feira, S\u00e3o Gon\u00e7alo dos Campos e [&hellip;]<\/p>\n","protected":false},"author":2,"featured_media":23610,"comment_status":"open","ping_status":"open","sticky":false,"template":"","format":"standard","meta":{"_jetpack_memberships_contains_paid_content":false,"footnotes":""},"categories":[46],"tags":[],"class_list":["post-23609","post","type-post","status-publish","format-standard","has-post-thumbnail","hentry","category-noticia"],"aioseo_notices":[],"jetpack_featured_media_url":"https:\/\/i0.wp.com\/minutobahia24h.com.br\/wp-content\/uploads\/2025\/01\/Sem-titulo-594.jpg?fit=600%2C420&ssl=1","jetpack_sharing_enabled":true,"_links":{"self":[{"href":"https:\/\/minutobahia24h.com.br\/index.php?rest_route=\/wp\/v2\/posts\/23609","targetHints":{"allow":["GET"]}}],"collection":[{"href":"https:\/\/minutobahia24h.com.br\/index.php?rest_route=\/wp\/v2\/posts"}],"about":[{"href":"https:\/\/minutobahia24h.com.br\/index.php?rest_route=\/wp\/v2\/types\/post"}],"author":[{"embeddable":true,"href":"https:\/\/minutobahia24h.com.br\/index.php?rest_route=\/wp\/v2\/users\/2"}],"replies":[{"embeddable":true,"href":"https:\/\/minutobahia24h.com.br\/index.php?rest_route=%2Fwp%2Fv2%2Fcomments&post=23609"}],"version-history":[{"count":1,"href":"https:\/\/minutobahia24h.com.br\/index.php?rest_route=\/wp\/v2\/posts\/23609\/revisions"}],"predecessor-version":[{"id":23611,"href":"https:\/\/minutobahia24h.com.br\/index.php?rest_route=\/wp\/v2\/posts\/23609\/revisions\/23611"}],"wp:featuredmedia":[{"embeddable":true,"href":"https:\/\/minutobahia24h.com.br\/index.php?rest_route=\/wp\/v2\/media\/23610"}],"wp:attachment":[{"href":"https:\/\/minutobahia24h.com.br\/index.php?rest_route=%2Fwp%2Fv2%2Fmedia&parent=23609"}],"wp:term":[{"taxonomy":"category","embeddable":true,"href":"https:\/\/minutobahia24h.com.br\/index.php?rest_route=%2Fwp%2Fv2%2Fcategories&post=23609"},{"taxonomy":"post_tag","embeddable":true,"href":"https:\/\/minutobahia24h.com.br\/index.php?rest_route=%2Fwp%2Fv2%2Ftags&post=23609"}],"curies":[{"name":"wp","href":"https:\/\/api.w.org\/{rel}","templated":true}]}}