{"id":23550,"date":"2025-01-30T09:58:40","date_gmt":"2025-01-30T12:58:40","guid":{"rendered":"https:\/\/minutobahia24h.com.br\/?p=23550"},"modified":"2025-01-30T09:58:42","modified_gmt":"2025-01-30T12:58:42","slug":"autista-jacobinense-e-aprovado-em-1%e2%81%b0-lugar-no-ifba","status":"publish","type":"post","link":"https:\/\/minutobahia24h.com.br\/?p=23550","title":{"rendered":"Autista jacobinense \u00e9 aprovado em 1\u2070 lugar no IFBA"},"content":{"rendered":"<div class=\"wp-block-image\">\n<figure class=\"aligncenter size-full\"><img data-recalc-dims=\"1\" fetchpriority=\"high\" decoding=\"async\" width=\"641\" height=\"480\" src=\"https:\/\/i0.wp.com\/minutobahia24h.com.br\/wp-content\/uploads\/2025\/01\/Sem-titulo-579.jpg?resize=641%2C480&#038;ssl=1\" alt=\"\" class=\"wp-image-23551\" srcset=\"https:\/\/i0.wp.com\/minutobahia24h.com.br\/wp-content\/uploads\/2025\/01\/Sem-titulo-579.jpg?w=641&amp;ssl=1 641w, https:\/\/i0.wp.com\/minutobahia24h.com.br\/wp-content\/uploads\/2025\/01\/Sem-titulo-579.jpg?resize=300%2C225&amp;ssl=1 300w\" sizes=\"(max-width: 641px) 100vw, 641px\" \/><\/figure>\n<\/div>\n\n\n<p>O jacobinense Ariel Ayala, 18 anos, comemorou sua aprova\u00e7\u00e3o para o curso de Licenciatura em Computa\u00e7\u00e3o, publicado nesta segunda-feira, 27 no portal do Instituto Federal da Bahia &#8211; IFBA Jacobina.<\/p>\n\n\n\n<p>Ariel, que tem o diagn\u00f3stico de Transtorno do Espectro Autista (TEA), passou em primeiro lugar com a nota do SISU e est\u00e1 bastante ansioso para iniciar seus estudos.<\/p>\n\n\n\n<p>\u201cEstamos emocionados, pois ele \u00e9 merecedor de tudo isso, de ter passado por diversos desafios recentemente e mesmo assim conseguiu galgar o primeiro lugar\u201d expressou o doutor S\u00e9rgio Ayala, pai do jovem.<\/p>\n\n\n\n<p>S\u00e9rgio diz que essa \u00e9 uma grande vit\u00f3ria para Ariel e torce que sirva de motiva\u00e7\u00e3o para que outros jovens autistas tamb\u00e9m conquistem seus sonhos.<\/p>\n\n\n\n<p>Fonte: Di\u00e1rio da Chapada<\/p>\n","protected":false},"excerpt":{"rendered":"<p>O jacobinense Ariel Ayala, 18 anos, comemorou sua aprova\u00e7\u00e3o para o curso de Licenciatura em Computa\u00e7\u00e3o, publicado nesta segunda-feira, 27 no portal do Instituto Federal da Bahia &#8211; IFBA Jacobina. Ariel, que tem o diagn\u00f3stico de Transtorno do Espectro Autista (TEA), passou em primeiro lugar com a nota do SISU e est\u00e1 bastante ansioso para [&hellip;]<\/p>\n","protected":false},"author":2,"featured_media":23551,"comment_status":"open","ping_status":"open","sticky":false,"template":"","format":"standard","meta":{"_jetpack_memberships_contains_paid_content":false,"footnotes":""},"categories":[3],"tags":[],"class_list":["post-23550","post","type-post","status-publish","format-standard","has-post-thumbnail","hentry","category-regional"],"aioseo_notices":[],"jetpack_featured_media_url":"https:\/\/i0.wp.com\/minutobahia24h.com.br\/wp-content\/uploads\/2025\/01\/Sem-titulo-579.jpg?fit=641%2C480&ssl=1","jetpack_sharing_enabled":true,"_links":{"self":[{"href":"https:\/\/minutobahia24h.com.br\/index.php?rest_route=\/wp\/v2\/posts\/23550","targetHints":{"allow":["GET"]}}],"collection":[{"href":"https:\/\/minutobahia24h.com.br\/index.php?rest_route=\/wp\/v2\/posts"}],"about":[{"href":"https:\/\/minutobahia24h.com.br\/index.php?rest_route=\/wp\/v2\/types\/post"}],"author":[{"embeddable":true,"href":"https:\/\/minutobahia24h.com.br\/index.php?rest_route=\/wp\/v2\/users\/2"}],"replies":[{"embeddable":true,"href":"https:\/\/minutobahia24h.com.br\/index.php?rest_route=%2Fwp%2Fv2%2Fcomments&post=23550"}],"version-history":[{"count":1,"href":"https:\/\/minutobahia24h.com.br\/index.php?rest_route=\/wp\/v2\/posts\/23550\/revisions"}],"predecessor-version":[{"id":23552,"href":"https:\/\/minutobahia24h.com.br\/index.php?rest_route=\/wp\/v2\/posts\/23550\/revisions\/23552"}],"wp:featuredmedia":[{"embeddable":true,"href":"https:\/\/minutobahia24h.com.br\/index.php?rest_route=\/wp\/v2\/media\/23551"}],"wp:attachment":[{"href":"https:\/\/minutobahia24h.com.br\/index.php?rest_route=%2Fwp%2Fv2%2Fmedia&parent=23550"}],"wp:term":[{"taxonomy":"category","embeddable":true,"href":"https:\/\/minutobahia24h.com.br\/index.php?rest_route=%2Fwp%2Fv2%2Fcategories&post=23550"},{"taxonomy":"post_tag","embeddable":true,"href":"https:\/\/minutobahia24h.com.br\/index.php?rest_route=%2Fwp%2Fv2%2Ftags&post=23550"}],"curies":[{"name":"wp","href":"https:\/\/api.w.org\/{rel}","templated":true}]}}