{"id":23516,"date":"2025-01-30T07:46:39","date_gmt":"2025-01-30T10:46:39","guid":{"rendered":"https:\/\/minutobahia24h.com.br\/?p=23516"},"modified":"2025-01-30T07:46:42","modified_gmt":"2025-01-30T10:46:42","slug":"18-ex-vereadores-sao-beneficiados-pela-previdencia-municipal-em-salvador","status":"publish","type":"post","link":"https:\/\/minutobahia24h.com.br\/?p=23516","title":{"rendered":"18 ex-vereadores s\u00e3o beneficiados pela previd\u00eancia municipal em Salvador"},"content":{"rendered":"<div class=\"wp-block-image\">\n<figure class=\"aligncenter size-large\"><img data-recalc-dims=\"1\" fetchpriority=\"high\" decoding=\"async\" width=\"800\" height=\"420\" src=\"https:\/\/i0.wp.com\/minutobahia24h.com.br\/wp-content\/uploads\/2025\/01\/Sem-titulo-568-1024x538.jpg?resize=800%2C420&#038;ssl=1\" alt=\"\" class=\"wp-image-23517\" srcset=\"https:\/\/i0.wp.com\/minutobahia24h.com.br\/wp-content\/uploads\/2025\/01\/Sem-titulo-568.jpg?resize=1024%2C538&amp;ssl=1 1024w, https:\/\/i0.wp.com\/minutobahia24h.com.br\/wp-content\/uploads\/2025\/01\/Sem-titulo-568.jpg?resize=300%2C158&amp;ssl=1 300w, https:\/\/i0.wp.com\/minutobahia24h.com.br\/wp-content\/uploads\/2025\/01\/Sem-titulo-568.jpg?resize=768%2C403&amp;ssl=1 768w, https:\/\/i0.wp.com\/minutobahia24h.com.br\/wp-content\/uploads\/2025\/01\/Sem-titulo-568.jpg?resize=750%2C394&amp;ssl=1 750w, https:\/\/i0.wp.com\/minutobahia24h.com.br\/wp-content\/uploads\/2025\/01\/Sem-titulo-568.jpg?resize=1140%2C599&amp;ssl=1 1140w, https:\/\/i0.wp.com\/minutobahia24h.com.br\/wp-content\/uploads\/2025\/01\/Sem-titulo-568.jpg?w=1200&amp;ssl=1 1200w\" sizes=\"(max-width: 800px) 100vw, 800px\" \/><figcaption class=\"wp-element-caption\">Foto: Divulga\u00e7\u00e3o<br><\/figcaption><\/figure>\n<\/div>\n\n\n<p>Um total de 18 ex-vereadores utilizam o benef\u00edcio de previd\u00eancia da C\u00e2mara de Vereadores de Salvador. O benef\u00edcio, que faz parte do Fundo Financeiro da C\u00e2mara de Salvador, \u00e9 pago pela Prefeitura a todos os vereadores que cumpriram exerc\u00edcio de mandato da C\u00e2mara, ainda que na supl\u00eancia. A previd\u00eancia \u00e9 vital\u00edcia.&nbsp;<\/p>\n\n\n\n<p>Conforme os dados obtidos pelo Bahia Not\u00edcias, os valores pagos a cada benefici\u00e1rio n\u00e3o s\u00e3o detalhados, no entanto, todos os vereadores inclu\u00eddos na lista constam como servidores com carga hor\u00e1ria de 40 horas semanais, ainda que n\u00e3o haja crit\u00e9rio preestabelecido para o controle da carga hor\u00e1ria legislativa.&nbsp;<\/p>\n\n\n\n<p>Ao total, 12 dos 18 ex-legisladores soteropolitanos citados fazem uso do benef\u00edcio h\u00e1 mais de 20 anos e 7 deles fazem uso do benef\u00edcio desde 1999, chegando a 25 anos de uso. Alguns fizeram ou fazem uso do benef\u00edcio durante mandato na pr\u00f3pria C\u00e2mara, ou em outros cargos eletivos.&nbsp;<\/p>\n\n\n\n<p>Os ex-legisladores que utilizam o benef\u00edcio s\u00e3o, em ordem alfab\u00e9tica: Alfredo Macedo Mangueira; Ana Maria Coelho Nunes; Arnando Lessa Silveira; Atanazio Julio dos Santos; Dion\u00edsio Juvenal dos Santos; Gilberto Jos\u00e9&nbsp;dos Santos Filho; Jo\u00e3o Carlos Bacelar Batista; Jorge Eduardo de Schoucair Jambeiro; Odiosvaldo Bonfim Vigas; Pedro dos Santos Melo; Pedro Luiz da Silva Godinho; Pedro Souza dos Santos; Sandoval Souza Guimar\u00e3es; Sergio Antonio Falc\u00e3o de Olivaes; Silvoney Sales de Almeida; Valdenor Moreira Cardoso e Waldemar Almeida de Oliveira.&nbsp;<\/p>\n\n\n\n<p>Relembre a carreira dos legisladores:<\/p>\n\n\n\n<p>O ex-edil Alfredo Macedo Mangueira, faz uso da previd\u00eancia da C\u00e2mara desde julho de 2011. Vinculado ao Republicanos, o soteropolitano se elegeu pela primeira vez ao cargo em 1992 e teve sete mandatos consecutivos at\u00e9 2021, quando j\u00e1 possuia o benef\u00edcio h\u00e1 10 anos. Mangueira ficou na supl\u00eancia durante as elei\u00e7\u00f5es de 2020 e chegou a exercer a profiss\u00e3o pela \u00faltima vez em 2023. Em 2024, buscou a reelei\u00e7\u00e3o, tendo garantido apenas&nbsp;3.437 votos.&nbsp;<\/p>\n\n\n\n<p>A ex-vereadora Ana Maria Coelho Nunes foi candidata ao cargo em 1996 pelo PSDB, ficando na supl\u00eancia. Ela recebe o benef\u00edcio desde maio de 1999.&nbsp;<\/p>\n\n\n\n<p>O ex-vereador e ex-deputado baiano Arnando Lessa, por sua vez, \u00e9 benefici\u00e1rio da previd\u00eancia desde 1999, quando ele deixou o cargo de deputado estadual, pelo PSDB. Pelo PMDB foi eleito a tr\u00eas mandatos consecutivos entre 1982 e 1994. Lessa voltou a vida pol\u00edcia em 2013, tamb\u00e9m na C\u00e2mara, onde ficou at\u00e9 2017. E em 2023, assumiu um mandato de supl\u00eancia na Casa.\u00a0<\/p>\n\n\n\n<p>O ex-legislador Atanazio Julio dos Santos, de 75 anos, chegou a ser candidato a elei\u00e7\u00e3o em 2024. Pelo PDT, Atan\u00e1zio chegou a se eleger \u00e0 C\u00e2mara em 1992 e pelo PT, em 2004. Desde ent\u00e3o, ele segue sendo candidato \u00e0s elei\u00e7\u00f5es municipais e estaduais a cada dois anos, atualmente vinculado ao PSDB. Atan\u00e1zio recebe o benef\u00edcio desde maio de 2009.&nbsp;<\/p>\n\n\n\n<p>Eleito pela primeira vez em 1996, pelo PFL, o ex-edil Dion\u00edsio Juvenal dos Santos recebe a previd\u00eancia da Prefeitura desde 2004, mesmo ano em que acabou a elei\u00e7\u00e3o na supl\u00eancia. Ele seguiu buscando uma candidatura desde ent\u00e3o, at\u00e9 2016, pelo PTN.&nbsp;<\/p>\n\n\n\n<p>Benefici\u00e1rio da previd\u00eancia desde 2004, o ex-legislador da C\u00e2mara de Salvador, Gilberto Jos\u00e9, foi eleito ao cargo pela primeira vez em 2000, pelo PTB. Desde ent\u00e3o, cumpriu 3 mandatos consecutivos na Casa, at\u00e9 o ano de 2012.&nbsp;<\/p>\n\n\n\n<p>O ex-vereador de Salvador e atual deputado federal, Jo\u00e3o Carlos Bacelar tamb\u00e9m recebe o benef\u00edcio da Prefeitura desde 2014. Com mais de 30 anos de carreira pol\u00edtica, Bacelar foi eleito pela primeira vez em Salvador em 1992, pelo PMDB, onde seguiu at\u00e9 2000. Na elei\u00e7\u00e3o seguinte, n\u00e3o foi reeleito, mas voltou a ocupar um cargo na C\u00e2mara ap\u00f3s a elei\u00e7\u00e3o de 2004, quando foi eleito pelo PTN. Tamb\u00e9m j\u00e1 ocupou cargos de deputado estadual e secret\u00e1rio municipal.&nbsp;<\/p>\n\n\n\n<p>Jorge Jambeiro foi eleito pela primeira vez \u00e0 C\u00e2mara de Vereadores em 1996 pelo PDT, e desde ent\u00e3o cumpriu 4 mandatos, at\u00e9 2012, passando pelos partidos PSC, PSDB e PP. Jambeiro \u00e9 vinculado a previd\u00eancia de Salvador desde mar\u00e7o de 2007.&nbsp;<\/p>\n\n\n\n<p>O ex-edil Odiosvaldo&nbsp;Vigas foi eleito pela primeira vez \u00e0 C\u00e2mara de Salvador em 1996, pelo PDT, e desde ent\u00e3o, cumpriu sete mandatos consecutivos at\u00e9 2020, pela mesma sigla. O vereador come\u00e7ou a utilizar o benef\u00edcio previdenci\u00e1rio em 2004.&nbsp;<\/p>\n\n\n\n<p>Pedro dos Santos Melo foi eleito para supl\u00eancia do PL na C\u00e2mara em 1996 e voltou a mesma posi\u00e7\u00e3o em 2008 pelo PSC. Ele possui v\u00ednculo ativo na previd\u00eancia desde 1999.<\/p>\n\n\n\n<p>Aos 77 anos, o ex-vereador Pedro&nbsp;Godinho \u00e9 benefici\u00e1rio da previd\u00eancia da Prefeitura desde julho de 1999. Tendo sido eleito pela primeira vez em 1989, Godinho teve sete mandados exercidos na Casa, sendo que o \u00faltimo deles ocorreu em 2019, como suplente do PMDB.<\/p>\n\n\n\n<p>O ex-vereador Pedro Souza dos Santos, o Pedrinho P\u00eap\u00ea, foi eleito pela primeira vez na elei\u00e7\u00e3o de 2000 e se manteve na C\u00e2mara de Salvador por tr\u00eas mandatos consecutivos at\u00e9 2012, passando pelo PSDB, PP e PMDB. Pedro \u00e9 vinculado a previd\u00eancia da Prefeitura desde 2001.<\/p>\n\n\n\n<p>Sandoval Guimar\u00e3es foi suplente de vereador em seu primeiro mandato na C\u00e2mara de Vereadores em 1996 e depois foi eleito oficialmente em 2004 pelo PMDB. Ele chegou a ser suplente de vereador pelo mesmo partido em 2012 e 2016. O ex-vereador teve acesso ao benef\u00edcio em maio de 2012.&nbsp;<\/p>\n\n\n\n<p>O ex-vereador de Salvador, S\u00e9rgio Ant\u00f4nio Falc\u00e3o Olivaes, exerceu mandato de vereador em 1984 e recebe a pens\u00e3o previdenci\u00e1ria desde 1999.&nbsp;<\/p>\n\n\n\n<p>Sergio Passarinho \u00e9 vinculado a previd\u00eancia da Prefeitura desde 1999, anos ap\u00f3s ter cumprido mandato na C\u00e2mara de Salvador em 1984.&nbsp;<\/p>\n\n\n\n<p>Eleito em primeiro mandato em 1996, o ex-vereador de Salvador, Silvoney Sales se vinculou a previd\u00eancia da C\u00e2mara em julho de 2002, em meio ao seu segundo mandato na Casa, pelo PMDB. Ele se manteve no cargo por quatro mandatos consecutivos.&nbsp;<\/p>\n\n\n\n<p>O ex-legislador soteropolitano Valdenor Cardoso assumiu o primeiro mandato na Casa em 1996. Desde ent\u00e3o, assumiu tr\u00eas mandatos consecutivos at\u00e9 2008. Em seu tempo como legislador, Valdenor chegou a atuar como presidente da C\u00e2mara. Ele \u00e9 benefici\u00e1rio da previd\u00eancia desde 2009.&nbsp;<\/p>\n\n\n\n<p>Waldemar Almeida de Oliveira recebe a pens\u00e3o previdenci\u00e1ria da Prefeitura desde julho de 1999. Atuou como vereador de Salvador na d\u00e9cada de 80, conhecido como \u201cVav\u00e1\u201d, pelo PMDB.<\/p>\n\n\n\n<p>BN<\/p>\n","protected":false},"excerpt":{"rendered":"<p>Um total de 18 ex-vereadores utilizam o benef\u00edcio de previd\u00eancia da C\u00e2mara de Vereadores de Salvador. O benef\u00edcio, que faz parte do Fundo Financeiro da C\u00e2mara de Salvador, \u00e9 pago pela Prefeitura a todos os vereadores que cumpriram exerc\u00edcio de mandato da C\u00e2mara, ainda que na supl\u00eancia. A previd\u00eancia \u00e9 vital\u00edcia.&nbsp; Conforme os dados obtidos [&hellip;]<\/p>\n","protected":false},"author":2,"featured_media":23517,"comment_status":"open","ping_status":"open","sticky":false,"template":"","format":"standard","meta":{"_jetpack_memberships_contains_paid_content":false,"footnotes":""},"categories":[3],"tags":[],"class_list":["post-23516","post","type-post","status-publish","format-standard","has-post-thumbnail","hentry","category-regional"],"aioseo_notices":[],"jetpack_featured_media_url":"https:\/\/i0.wp.com\/minutobahia24h.com.br\/wp-content\/uploads\/2025\/01\/Sem-titulo-568.jpg?fit=1200%2C630&ssl=1","jetpack_sharing_enabled":true,"_links":{"self":[{"href":"https:\/\/minutobahia24h.com.br\/index.php?rest_route=\/wp\/v2\/posts\/23516","targetHints":{"allow":["GET"]}}],"collection":[{"href":"https:\/\/minutobahia24h.com.br\/index.php?rest_route=\/wp\/v2\/posts"}],"about":[{"href":"https:\/\/minutobahia24h.com.br\/index.php?rest_route=\/wp\/v2\/types\/post"}],"author":[{"embeddable":true,"href":"https:\/\/minutobahia24h.com.br\/index.php?rest_route=\/wp\/v2\/users\/2"}],"replies":[{"embeddable":true,"href":"https:\/\/minutobahia24h.com.br\/index.php?rest_route=%2Fwp%2Fv2%2Fcomments&post=23516"}],"version-history":[{"count":1,"href":"https:\/\/minutobahia24h.com.br\/index.php?rest_route=\/wp\/v2\/posts\/23516\/revisions"}],"predecessor-version":[{"id":23518,"href":"https:\/\/minutobahia24h.com.br\/index.php?rest_route=\/wp\/v2\/posts\/23516\/revisions\/23518"}],"wp:featuredmedia":[{"embeddable":true,"href":"https:\/\/minutobahia24h.com.br\/index.php?rest_route=\/wp\/v2\/media\/23517"}],"wp:attachment":[{"href":"https:\/\/minutobahia24h.com.br\/index.php?rest_route=%2Fwp%2Fv2%2Fmedia&parent=23516"}],"wp:term":[{"taxonomy":"category","embeddable":true,"href":"https:\/\/minutobahia24h.com.br\/index.php?rest_route=%2Fwp%2Fv2%2Fcategories&post=23516"},{"taxonomy":"post_tag","embeddable":true,"href":"https:\/\/minutobahia24h.com.br\/index.php?rest_route=%2Fwp%2Fv2%2Ftags&post=23516"}],"curies":[{"name":"wp","href":"https:\/\/api.w.org\/{rel}","templated":true}]}}