{"id":23471,"date":"2025-01-29T15:19:34","date_gmt":"2025-01-29T18:19:34","guid":{"rendered":"https:\/\/minutobahia24h.com.br\/?p=23471"},"modified":"2025-01-29T15:19:36","modified_gmt":"2025-01-29T18:19:36","slug":"sindicato-rodoviario-de-juazeiro-e-regiao-diz-que-se-empresa-joafra-nao-pagar-salarios-categoria-entrara-em-greve-por-tempo-indeterminado","status":"publish","type":"post","link":"https:\/\/minutobahia24h.com.br\/?p=23471","title":{"rendered":"Sindicato Rodovi\u00e1rio de Juazeiro e Regi\u00e3o diz que &#8220;se empresa Joafra n\u00e3o pagar sal\u00e1rios categoria entrar\u00e1 em greve por tempo indeterminado&#8221;"},"content":{"rendered":"<div class=\"wp-block-image\">\n<figure class=\"aligncenter size-full\"><img data-recalc-dims=\"1\" fetchpriority=\"high\" decoding=\"async\" width=\"602\" height=\"247\" src=\"https:\/\/i0.wp.com\/minutobahia24h.com.br\/wp-content\/uploads\/2025\/01\/Sem-titulo-555.jpg?resize=602%2C247&#038;ssl=1\" alt=\"\" class=\"wp-image-23472\" srcset=\"https:\/\/i0.wp.com\/minutobahia24h.com.br\/wp-content\/uploads\/2025\/01\/Sem-titulo-555.jpg?w=602&amp;ssl=1 602w, https:\/\/i0.wp.com\/minutobahia24h.com.br\/wp-content\/uploads\/2025\/01\/Sem-titulo-555.jpg?resize=300%2C123&amp;ssl=1 300w\" sizes=\"(max-width: 602px) 100vw, 602px\" \/><figcaption class=\"wp-element-caption\">Foto redes sociais<\/figcaption><\/figure>\n<\/div>\n\n\n<p>O presidente do Sindicato Rodovi\u00e1rio de Juazeiro e Regi\u00e3o, Antenor Arcanjo Bispo, declarou &#8220;que caso a classe empresarial da Empresa Joafra n\u00e3o fa\u00e7a reuni\u00e3o com os funcion\u00e1rios e pague o sal\u00e1rio atrasado a greve ser\u00e1 iniciada por tempo indeterminado&#8221;.<\/p>\n\n\n\n<p>A paralisa\u00e7\u00e3o, denominada de advert\u00eancia, completa nesta quarta-feira (29) o segundo dia. Funcion\u00e1rios solicitaram que o prefeito Andrei Gon\u00e7alves fa\u00e7a a media\u00e7\u00e3o para que os diretores da Empresa Joafra &#8220;encontre&#8221; com o sindicato para que a paralisa\u00e7\u00e3o possa ter um fim.<\/p>\n\n\n\n<p>Antenor Arcanjo Bispo, presidente do Sindicato Rodovi\u00e1rio de Juazeiro e Regi\u00e3o, voltou a ressaltar que \u00e9 o protesto \u00e9 um &#8220;advert\u00eancia e que a empresa tem que providenciar o pagamento dos sal\u00e1rios atrasados e caso isto n\u00e3o aconte\u00e7a a categoria far\u00e1 greve por tempo indeterminado&#8221;.<\/p>\n\n\n\n<p>&#8220;Os \u00f4nibus s\u00f3 sair\u00e3o quando a empresa resolver as pend\u00eancias trabalhistas. Somos todos pais de familias&#8221;. Os motoristas concentram os protestos no terminal rodovi\u00e1rio de Juazeiro. Moradores da comunidade Carna\u00edba do Sert\u00e3o &#8220;pedem socorro pois est\u00e3o sem conseguir outro meio de transporte, visto os altoso pre\u00e7os cobrados por mototaxias e carros aplicativos fica imposs\u00edvel devido os valores&#8221;<\/p>\n\n\n\n<p>De acordo com Antenor existe uma &#8220;s\u00e9rie de irregularidades trabalhistas, sal\u00e1rios atrasados, Ticket Alimenta\u00e7\u00e3o j\u00e1 h\u00e1 dois meses sem pagar, FGTS e acumulo de fun\u00e7\u00e3o.<\/p>\n\n\n\n<p>Nas redes sociais usu\u00e1rios do transporte p\u00fablico reclamam da situa\u00e7\u00e3o visto que &#8220;todos os \u00f4nibus est\u00e3o parados&#8221;.<\/p>\n\n\n\n<p>Ontem, dia 28, a empresa Joafra, Prefeitura de Juazeiro e Sindicato dos Lojistas Com\u00e9rcio enviaram nota. Confira:<\/p>\n\n\n\n<p>A JOAFRA TRANSPORTES, respondeu questionamento da REDEGN e informou que a paralisa\u00e7\u00e3o ocorrida no dia de hoje e tamb\u00e9m dia (16\/01\/2025), foram realizadas de forma ilegal e sem qualquer aviso pr\u00e9vio, mas que as provid\u00eancias cab\u00edveis ser\u00e3o tomadas para evitar novas paralisa\u00e7\u00f5es. Informamos que desde o in\u00edcio do ano estamos em contato com a nova administra\u00e7\u00e3o municipal, a fim de mostrar o desequil\u00edbrio econ\u00f4mico\/financeiro do sistema de transportes, alertando para o colapso que vem sendo enfrentado, e principalmente solicitando os pagamentos de valores devidos pelo munic\u00edpio para que possamos honrar com os sal\u00e1rios dos nossos colaboradores, e ainda pagar diversos fornecedores de insumos que s\u00e3o essenciais para a opera\u00e7\u00e3o.<\/p>\n\n\n\n<p>NOTA PREFEITURA JUAZEIRO: A Assessoria de Comunica\u00e7\u00e3o da Prefeitura de Juazeiro informou que n\u00e3o foi identificada qualquer d\u00edvida com a Empresa Joafra Transportes e que, at\u00e9 a presente data, o Munic\u00edpio n\u00e3o recebeu nenhum demonstrativo dos supostos valores em aberto, bem como notas fiscais que comprovariam servi\u00e7os prestados pela mesma. \u00c9 importante salientar que, de acordo com a Consolida\u00e7\u00e3o das Leis Trabalhistas (CLT), a responsabilidade pelo pagamento de sal\u00e1rios e demais direitos trabalhistas dos funcion\u00e1rios \u00e9 do empregador que os contratou.<\/p>\n\n\n\n<p>EMPRES\u00c1RIOS: Diante a paralisa\u00e7\u00e3o da frota de \u00f4nibus &nbsp;com a perspectiva de se estender, as entidades comerciais, Aciaj, CDL e Sindilojas de Juazeiro lamentam esse imbr\u00f3glio, ao tempo que tamb\u00e9m compreendem a legitimidade da cobran\u00e7a dos funcion\u00e1rios da empresa de transportes coletivos.<\/p>\n\n\n\n<p>Lamentam porque a greve causa um efeito negativo no com\u00e9rcio, devido a dificuldade dos comerci\u00e1rios chegarem ao seu local de trabalho, bem como, os consumidores de transitarem at\u00e9 o com\u00e9rcio local.<\/p>\n\n\n\n<p>As entidades comerciais aguardam que os problemas sejam sanados com o m\u00e1ximo de brevidade poss\u00edvel, para que a sociedade n\u00e3o seja mais prejudicada e o com\u00e9rcio varejista tamb\u00e9m n\u00e3o sofra as consequ\u00eancias negativas deste epis\u00f3dio.<\/p>\n\n\n\n<p>Lembrando que n\u00e3o tivemos como mensurar o impacto geral do com\u00e9rcio, no entanto, em contato com alguns comerciantes do varejo de Juazeiro, foi registrado atraso de funcion\u00e1rios e queda na movimenta\u00e7\u00e3o comercial neste in\u00edcio de semana, em compara\u00e7\u00e3o a segunda-feira passada.<\/p>\n\n\n\n<p>redegn <\/p>\n","protected":false},"excerpt":{"rendered":"<p>O presidente do Sindicato Rodovi\u00e1rio de Juazeiro e Regi\u00e3o, Antenor Arcanjo Bispo, declarou &#8220;que caso a classe empresarial da Empresa Joafra n\u00e3o fa\u00e7a reuni\u00e3o com os funcion\u00e1rios e pague o sal\u00e1rio atrasado a greve ser\u00e1 iniciada por tempo indeterminado&#8221;. A paralisa\u00e7\u00e3o, denominada de advert\u00eancia, completa nesta quarta-feira (29) o segundo dia. Funcion\u00e1rios solicitaram que o [&hellip;]<\/p>\n","protected":false},"author":2,"featured_media":23472,"comment_status":"open","ping_status":"open","sticky":false,"template":"","format":"standard","meta":{"_jetpack_memberships_contains_paid_content":false,"footnotes":""},"categories":[3],"tags":[],"class_list":["post-23471","post","type-post","status-publish","format-standard","has-post-thumbnail","hentry","category-regional"],"aioseo_notices":[],"jetpack_featured_media_url":"https:\/\/i0.wp.com\/minutobahia24h.com.br\/wp-content\/uploads\/2025\/01\/Sem-titulo-555.jpg?fit=602%2C247&ssl=1","jetpack_sharing_enabled":true,"_links":{"self":[{"href":"https:\/\/minutobahia24h.com.br\/index.php?rest_route=\/wp\/v2\/posts\/23471","targetHints":{"allow":["GET"]}}],"collection":[{"href":"https:\/\/minutobahia24h.com.br\/index.php?rest_route=\/wp\/v2\/posts"}],"about":[{"href":"https:\/\/minutobahia24h.com.br\/index.php?rest_route=\/wp\/v2\/types\/post"}],"author":[{"embeddable":true,"href":"https:\/\/minutobahia24h.com.br\/index.php?rest_route=\/wp\/v2\/users\/2"}],"replies":[{"embeddable":true,"href":"https:\/\/minutobahia24h.com.br\/index.php?rest_route=%2Fwp%2Fv2%2Fcomments&post=23471"}],"version-history":[{"count":1,"href":"https:\/\/minutobahia24h.com.br\/index.php?rest_route=\/wp\/v2\/posts\/23471\/revisions"}],"predecessor-version":[{"id":23473,"href":"https:\/\/minutobahia24h.com.br\/index.php?rest_route=\/wp\/v2\/posts\/23471\/revisions\/23473"}],"wp:featuredmedia":[{"embeddable":true,"href":"https:\/\/minutobahia24h.com.br\/index.php?rest_route=\/wp\/v2\/media\/23472"}],"wp:attachment":[{"href":"https:\/\/minutobahia24h.com.br\/index.php?rest_route=%2Fwp%2Fv2%2Fmedia&parent=23471"}],"wp:term":[{"taxonomy":"category","embeddable":true,"href":"https:\/\/minutobahia24h.com.br\/index.php?rest_route=%2Fwp%2Fv2%2Fcategories&post=23471"},{"taxonomy":"post_tag","embeddable":true,"href":"https:\/\/minutobahia24h.com.br\/index.php?rest_route=%2Fwp%2Fv2%2Ftags&post=23471"}],"curies":[{"name":"wp","href":"https:\/\/api.w.org\/{rel}","templated":true}]}}