{"id":23442,"date":"2025-01-29T08:15:16","date_gmt":"2025-01-29T11:15:16","guid":{"rendered":"https:\/\/minutobahia24h.com.br\/?p=23442"},"modified":"2025-01-29T08:15:18","modified_gmt":"2025-01-29T11:15:18","slug":"zema-sai-em-defesa-de-candidatura-de-bolsonaro-em-2026-espero-que-ele-venca-essa-batalha","status":"publish","type":"post","link":"https:\/\/minutobahia24h.com.br\/?p=23442","title":{"rendered":"Zema sai em defesa de candidatura de Bolsonaro em 2026: &#8220;Espero que ele ven\u00e7a essa batalha&#8221;"},"content":{"rendered":"<div class=\"wp-block-image\">\n<figure class=\"aligncenter size-full\"><img data-recalc-dims=\"1\" fetchpriority=\"high\" decoding=\"async\" width=\"800\" height=\"450\" src=\"https:\/\/i0.wp.com\/minutobahia24h.com.br\/wp-content\/uploads\/2025\/01\/Sem-titulo-546.jpg?resize=800%2C450&#038;ssl=1\" alt=\"\" class=\"wp-image-23443\" srcset=\"https:\/\/i0.wp.com\/minutobahia24h.com.br\/wp-content\/uploads\/2025\/01\/Sem-titulo-546.jpg?w=800&amp;ssl=1 800w, https:\/\/i0.wp.com\/minutobahia24h.com.br\/wp-content\/uploads\/2025\/01\/Sem-titulo-546.jpg?resize=300%2C169&amp;ssl=1 300w, https:\/\/i0.wp.com\/minutobahia24h.com.br\/wp-content\/uploads\/2025\/01\/Sem-titulo-546.jpg?resize=768%2C432&amp;ssl=1 768w, https:\/\/i0.wp.com\/minutobahia24h.com.br\/wp-content\/uploads\/2025\/01\/Sem-titulo-546.jpg?resize=750%2C422&amp;ssl=1 750w\" sizes=\"(max-width: 800px) 100vw, 800px\" \/><figcaption class=\"wp-element-caption\">\u00a0Reprodu\u00e7\u00e3o<\/figcaption><\/figure>\n<\/div>\n\n\n<p>Em meio a um quadro de inelegibilidade, o governador de Minas Gerais, Romeu Zema (Novo), defendeu a candidatura do<a href=\"https:\/\/www.bnews.com.br\/tags\/bolsonaro\" rel=\"noreferrer noopener\" target=\"_blank\">&nbsp;ex-presidente Jair Bolsonaro (PL)<\/a>&nbsp;como a mais competitiva entre os nomes da direita no pa\u00eds para as elei\u00e7\u00f5es de 2026.<\/p>\n\n\n\n<blockquote class=\"wp-block-quote is-layout-flow wp-block-quote-is-layout-flow\">\n<p>&#8220;Eu espero que ele ven\u00e7a essa batalha [da revers\u00e3o da inelegibilidade]. N\u00e3o h\u00e1, segundo as pr\u00f3prias pesquisas, nenhum nome que supere o dele [Bolsonaro] com chances de ganhar da esquerda&#8221;, afirmou Zema em entrevista ao jornalista Cl\u00e1udio Dantas.<\/p>\n<\/blockquote>\n\n\n\n<p>O governador j\u00e1 vem desde sua reelei\u00e7\u00e3o, em 2022, tem enviado sinais trocados, entre acenos e distanciamento, sobre sua rela\u00e7\u00e3o com o bolsonarismo.<\/p>\n\n\n\n<p>Bolsonaro ainda insiste na revers\u00e3o de sua inelegibilidade em cortes superiores. Ele inclusive reafirma ser o &#8216;plano A&#8217;, em 2026. Ao mesmo tempo, tem poderado o deputado federal, Eduardo Bolsonaro (PL), como poss\u00edvel substituto.<\/p>\n\n\n\n<p>Bnews<\/p>\n","protected":false},"excerpt":{"rendered":"<p>Em meio a um quadro de inelegibilidade, o governador de Minas Gerais, Romeu Zema (Novo), defendeu a candidatura do&nbsp;ex-presidente Jair Bolsonaro (PL)&nbsp;como a mais competitiva entre os nomes da direita no pa\u00eds para as elei\u00e7\u00f5es de 2026. &#8220;Eu espero que ele ven\u00e7a essa batalha [da revers\u00e3o da inelegibilidade]. N\u00e3o h\u00e1, segundo as pr\u00f3prias pesquisas, nenhum [&hellip;]<\/p>\n","protected":false},"author":2,"featured_media":23443,"comment_status":"open","ping_status":"open","sticky":false,"template":"","format":"standard","meta":{"_jetpack_memberships_contains_paid_content":false,"footnotes":""},"categories":[39],"tags":[],"class_list":["post-23442","post","type-post","status-publish","format-standard","has-post-thumbnail","hentry","category-politica"],"aioseo_notices":[],"jetpack_featured_media_url":"https:\/\/i0.wp.com\/minutobahia24h.com.br\/wp-content\/uploads\/2025\/01\/Sem-titulo-546.jpg?fit=800%2C450&ssl=1","jetpack_sharing_enabled":true,"_links":{"self":[{"href":"https:\/\/minutobahia24h.com.br\/index.php?rest_route=\/wp\/v2\/posts\/23442","targetHints":{"allow":["GET"]}}],"collection":[{"href":"https:\/\/minutobahia24h.com.br\/index.php?rest_route=\/wp\/v2\/posts"}],"about":[{"href":"https:\/\/minutobahia24h.com.br\/index.php?rest_route=\/wp\/v2\/types\/post"}],"author":[{"embeddable":true,"href":"https:\/\/minutobahia24h.com.br\/index.php?rest_route=\/wp\/v2\/users\/2"}],"replies":[{"embeddable":true,"href":"https:\/\/minutobahia24h.com.br\/index.php?rest_route=%2Fwp%2Fv2%2Fcomments&post=23442"}],"version-history":[{"count":1,"href":"https:\/\/minutobahia24h.com.br\/index.php?rest_route=\/wp\/v2\/posts\/23442\/revisions"}],"predecessor-version":[{"id":23444,"href":"https:\/\/minutobahia24h.com.br\/index.php?rest_route=\/wp\/v2\/posts\/23442\/revisions\/23444"}],"wp:featuredmedia":[{"embeddable":true,"href":"https:\/\/minutobahia24h.com.br\/index.php?rest_route=\/wp\/v2\/media\/23443"}],"wp:attachment":[{"href":"https:\/\/minutobahia24h.com.br\/index.php?rest_route=%2Fwp%2Fv2%2Fmedia&parent=23442"}],"wp:term":[{"taxonomy":"category","embeddable":true,"href":"https:\/\/minutobahia24h.com.br\/index.php?rest_route=%2Fwp%2Fv2%2Fcategories&post=23442"},{"taxonomy":"post_tag","embeddable":true,"href":"https:\/\/minutobahia24h.com.br\/index.php?rest_route=%2Fwp%2Fv2%2Ftags&post=23442"}],"curies":[{"name":"wp","href":"https:\/\/api.w.org\/{rel}","templated":true}]}}