{"id":23436,"date":"2025-01-29T08:11:26","date_gmt":"2025-01-29T11:11:26","guid":{"rendered":"https:\/\/minutobahia24h.com.br\/?p=23436"},"modified":"2025-01-29T08:11:28","modified_gmt":"2025-01-29T11:11:28","slug":"na-1a-reuniao-chefiada-por-galipolo-copom-deve-manter-ritmo-forte-de-alta-e-subir-taxa-de-juros-para-1325","status":"publish","type":"post","link":"https:\/\/minutobahia24h.com.br\/?p=23436","title":{"rendered":"Na 1\u00aa reuni\u00e3o chefiada por Gal\u00edpolo, Copom deve manter ritmo forte de alta e subir taxa de juros para 13,25%"},"content":{"rendered":"<div class=\"wp-block-image\">\n<figure class=\"aligncenter size-full\"><img data-recalc-dims=\"1\" fetchpriority=\"high\" decoding=\"async\" width=\"800\" height=\"534\" src=\"https:\/\/i0.wp.com\/minutobahia24h.com.br\/wp-content\/uploads\/2025\/01\/Sem-titulo-544.jpg?resize=800%2C534&#038;ssl=1\" alt=\"\" class=\"wp-image-23437\" srcset=\"https:\/\/i0.wp.com\/minutobahia24h.com.br\/wp-content\/uploads\/2025\/01\/Sem-titulo-544.jpg?w=984&amp;ssl=1 984w, https:\/\/i0.wp.com\/minutobahia24h.com.br\/wp-content\/uploads\/2025\/01\/Sem-titulo-544.jpg?resize=300%2C200&amp;ssl=1 300w, https:\/\/i0.wp.com\/minutobahia24h.com.br\/wp-content\/uploads\/2025\/01\/Sem-titulo-544.jpg?resize=768%2C513&amp;ssl=1 768w, https:\/\/i0.wp.com\/minutobahia24h.com.br\/wp-content\/uploads\/2025\/01\/Sem-titulo-544.jpg?resize=750%2C501&amp;ssl=1 750w\" sizes=\"(max-width: 800px) 100vw, 800px\" \/><figcaption class=\"wp-element-caption\">Ministro da Fazenda, Fernando Haddad anuncia Gabriel Gal\u00edpolo para Presidente do Banco Central, durante coletiva nesta quarta-feira, 28 de agosto no Pal\u00e1cio do Planalto. \u2014 Foto: MATEUS BONOMI\/ESTAD\u00c3O CONTE\u00daDO<\/figcaption><\/figure>\n<\/div>\n\n\n<p>Na primeira reuni\u00e3o do Comit\u00ea de Pol\u00edtica Monet\u00e1ria (<a class=\"\" href=\"https:\/\/g1.globo.com\/tudo-sobre\/copom\/\">Copom<\/a>) chefiada pelo novo presidente da institui\u00e7\u00e3o,\u00a0<a class=\"\" href=\"https:\/\/g1.globo.com\/tudo-sobre\/gabriel-galipolo\/\">Gabriel Gal\u00edpolo<\/a>, indicado pelo presidente\u00a0<a class=\"\" href=\"https:\/\/g1.globo.com\/tudo-sobre\/luiz-inacio-lula-da-silva\/\">Luiz In\u00e1cio Lula da Silva<\/a>, o Banco Central deve manter o ritmo de promover uma\u00a0<strong>forte alta de um ponto percentual na taxa b\u00e1sica de juros<\/strong>\u00a0da economia, de\u00a0<strong>12,25% para 13,25% ao ano<\/strong>. Essa \u00e9 a expectativa de quase todos economistas do mercado financeiro, que t\u00eam por base\u00a0<a class=\"\" href=\"https:\/\/g1.globo.com\/economia\/noticia\/2024\/12\/11\/copom-acelera-alta-de-juros-e-eleva-taxa-selic-de-1125percent-para-1225percent-ao-ano.ghtml\">indica\u00e7\u00e3o do pr\u00f3prio Banco Central \u2014 feita em dezembro do ano passado<\/a>.<\/p>\n\n\n\n<p>\u27a1\ufe0f Se confirmada, ser\u00e1 a&nbsp;<strong>quarta alta consecutiva da taxa Selic<\/strong>. E a proje\u00e7\u00e3o \u00e9 de<a class=\"\" href=\"https:\/\/g1.globo.com\/economia\/noticia\/2025\/01\/27\/choque-de-juros-mercado-preve-novo-aumento-nesta-quarta-taxa-selic-deve-atingir-maior-nivel-em-quase-20-anos-ainda-em-2025.ghtml\">&nbsp;novos aumentos nos pr\u00f3ximos meses, com taxa superando 15% ao ano em meados de 2025, maior n\u00edvel em quase 20 anos.<\/a><\/p>\n\n\n\n<p>Essa&nbsp;<strong>tamb\u00e9m ser\u00e1 a primeira reuni\u00e3o do Copom em que os diretores indicados pelo presidente Lula ser\u00e3o maioria<\/strong>&nbsp;no colegiado, ou seja<strong>, eles ser\u00e3o respons\u00e1veis diretamente pela decis\u00e3o tomada.<\/strong><\/p>\n\n\n\n<ul class=\"wp-block-list\">\n<li>Com a autonomia operacional do BC aprovada pelo\u00a0<a class=\"\" href=\"https:\/\/g1.globo.com\/tudo-sobre\/congresso-nacional\/\">Congresso Nacional<\/a>,\u00a0<a class=\"\" href=\"https:\/\/g1.globo.com\/politica\/noticia\/2021\/02\/24\/bolsonaro-sanciona-lei-que-estabelece-a-autonomia-do-banco-central-veja-detalhes.ghtml\">e v\u00e1lida desde 2021<\/a>, os diretores da institui\u00e7\u00e3o passaram a ter mandato fixo.<\/li>\n\n\n\n<li>At\u00e9 o fim do ano passado, o presidente da institui\u00e7\u00e3o, Roberto Campos Neto, assim como a maioria da diretoria, era composta por indicados do ex-presidente Jair Bolsonaro.<\/li>\n<\/ul>\n\n\n\n<h2 class=\"wp-block-heading\">Lula e o Partido dos Trabalhadores<\/h2>\n\n\n\n<p>Campos Neto e a diretoria anterior do BC, indicada por Bolsonaro, foram&nbsp;<a class=\"\" href=\"https:\/\/g1.globo.com\/politica\/noticia\/2024\/06\/21\/lula-volta-a-criticar-campos-neto-presidente-do-banco-central-e-um-adversario.ghtml\">alvo de ataque constante n\u00e3o somente do presidente Lula<\/a>, mas tamb\u00e9m da presidente do Partido dos Trabalhadores,&nbsp;<a class=\"\" href=\"https:\/\/g1.globo.com\/tudo-sobre\/gleisi-hoffmann\/\">Gleisi Hoffmann<\/a>, por subir a taxa b\u00e1sica de juros em um patamar considerado excessivo.&nbsp;<strong>A cr\u00edtica era de que isso frearia demais a economia, com impacto nos empregos e na renda.<\/strong><\/p>\n\n\n\n<p>No fim do ano passado, Lula baixou o tom. Ele publicou um v\u00eddeo, ao lado de ministros e de Gal\u00edpolo defendendo a estabilidade econ\u00f4mica no pa\u00eds e o combate \u00e0 infla\u00e7\u00e3o. E tamb\u00e9m fez acenos ao mercado e prometeu que &#8216;jamais haver\u00e1 interfer\u00eancia&#8217; na gest\u00e3o do futuro chefe da autoridade monet\u00e1ria.<\/p>\n\n\n\n<p><strong>&#8220;Por isso que quero te desejar boa sorte, que Deus te aben\u00e7oe. Eu quero que voc\u00ea saiba que jamais, jamais haver\u00e1 da parte da presid\u00eancia qualquer interfer\u00eancia no trabalho que voc\u00ea tem que fazer no Banco Central&#8221;, disse Lula, na ocasi\u00e3o.<\/strong><\/p>\n\n\n\n<p>Mas a presidente do PT, Gleisi Hoffmann, manteve o tom cr\u00edtico. Ap\u00f3s a \u00faltima decis\u00e3o do Copom, em dezembro, que elevou os juros para 12,25% ao ano, ela classificou a decis\u00e3o como &#8220;irrespons\u00e1vel, insana e desastrosa&#8221;.<\/p>\n\n\n\n<blockquote class=\"wp-block-quote is-layout-flow wp-block-quote-is-layout-flow\">\n<p>&#8220;N\u00e3o faz sentido nem seria eficaz para evitar alta da infla\u00e7\u00e3o, que n\u00e3o \u00e9 de demanda. Nem para melhorar a situa\u00e7\u00e3o fiscal, muito pelo contr\u00e1rio. Esse 1 ponto a mais vai custar cerca de R$ 50 bilh\u00f5es na d\u00edvida p\u00fablica. E n\u00e3o faz sentido para um pa\u00eds que precisa crescer e continuar gerando empregos&#8221;, avaliou Hoffmann, por meio de rede social, naquele momento.<\/p>\n<\/blockquote>\n\n\n\n<figure class=\"wp-block-image\"><img data-recalc-dims=\"1\" decoding=\"async\" src=\"https:\/\/i0.wp.com\/s2-g1.glbimg.com\/j5NV9Y0zDtkFW9PHaHyHDCqOZqY%3D\/0x0%3A640x426\/984x0\/smart\/filters%3Astrip_icc%28%29\/i.s3.glbimg.com\/v1\/AUTH_59edd422c0c84a879bd37670ae4f538a\/internal_photos\/bs\/2023\/W\/J\/BXUsUgTOCjM4tYReSrKw\/reuters-via-bbc-.jpg?w=800&#038;ssl=1\" alt=\"Deputada federal, Gleisi Hoffmann, presidente do PT \u2014 Foto: Reuters via BBC\"\/><\/figure>\n\n\n\n<p>Deputada federal, Gleisi Hoffmann, presidente do PT \u2014 Foto: Reuters via BBC<\/p>\n\n\n\n<p>Segundo informou em dezembro o ex-presidente do BC, Campos Neto,&nbsp;<a class=\"\" href=\"https:\/\/g1.globo.com\/economia\/noticia\/2024\/12\/19\/opiniao-de-galipolo-teve-peso-cada-vez-maior-nas-altas-recentes-dos-juros-diz-campos-neto.ghtml\">a opini\u00e3o dos diretores mais recentes da institui\u00e7\u00e3o \u2013 incluindo seu sucessor, Gabriel Gal\u00edpolo, teve &#8220;peso cada vez maior&#8221; nas \u00faltimas reuni\u00f5es do Comit\u00ea de Pol\u00edtica Monet\u00e1ria (Copom)<\/a>,&nbsp;<strong>incluindo a de dezembro.<\/strong><\/p>\n\n\n\n<blockquote class=\"wp-block-quote is-layout-flow wp-block-quote-is-layout-flow\">\n<p>&#8220;A nomea\u00e7\u00e3o de Gabriel Gal\u00edpolo como presidente do Banco Central levanta questionamentos sobre a independ\u00eancia da pol\u00edtica monet\u00e1ria [defini\u00e7\u00f5es dos juros] e os impactos que suas decis\u00f5es podem ter sobre o mercado financeiro e imobili\u00e1rio.&nbsp;Se Gal\u00edpolo seguir a linha do governo, pode haver uma press\u00e3o pol\u00edtica para reduzir os juros mais rapidamente, o que poderia impulsionar o cr\u00e9dito e facilitar o financiamento imobili\u00e1rio&#8221;, pontuou Pedro Ros, CEO da Refer\u00eancia Capital.<\/p>\n<\/blockquote>\n\n\n\n<p>Sidney Lima, analista da Ouro Preto Investimentos, observou, entretanto, que os posicionamentos recorrentes de Gal\u00edpolo indicam que o BC deve manter a taxa Selic elevada para enfrentar um cen\u00e1rio de economia din\u00e2mica e moeda desvalorizada (d\u00f3lar ainda alto). &#8220;Inclusive, ele j\u00e1 alertou em outros momentos que a Selic pode permanecer alta em sua gest\u00e3o. Esta pol\u00edtica contracionista \u00e9 crucial para controlar a infla\u00e7\u00e3o e estabilizar a economia&#8221;, acrescentou.<\/p>\n\n\n\n<h2 class=\"wp-block-heading\">Press\u00e3o inflacion\u00e1ria<\/h2>\n\n\n\n<p>\ud83d\udd0eA taxa b\u00e1sica de juros da economia<strong>&nbsp;\u00e9 o principal instrumento do BC para tentar conter as press\u00f5es inflacion\u00e1rias<\/strong>, que tem efeitos, principalmente, sobre a popula\u00e7\u00e3o mais pobre.<\/p>\n\n\n\n<p>Para definir os juros, a institui\u00e7\u00e3o atua com base no sistema de metas. Se as proje\u00e7\u00f5es est\u00e3o em linha com as metas, pode baixar os juros. Se est\u00e3o acima, tende a manter ou subir a Selic.<\/p>\n\n\n\n<p>A partir de 2025, com o in\u00edcio do sistema de meta cont\u00ednua, o objetivo de 3% e ser\u00e1 considerado cumprido se a infla\u00e7\u00e3o oscilar entre 1,5% e 4,5%.<\/p>\n\n\n\n<ul class=\"wp-block-list\">\n<li>Ao definir a taxa de juros, o BC olha para o futuro, ou seja, para as proje\u00e7\u00f5es de infla\u00e7\u00e3o, e n\u00e3o para a varia\u00e7\u00e3o corrente dos pre\u00e7os, ou seja, dos \u00faltimos meses.<\/li>\n\n\n\n<li>Isso ocorre porque as mudan\u00e7as na taxa Selic demoram de seis a 18 meses para ter impacto pleno na economia.<\/li>\n\n\n\n<li>Neste momento, por exemplo, a institui\u00e7\u00e3o j\u00e1 est\u00e1 mirando na meta considerando o primeiro semestre de 2026.<\/li>\n\n\n\n<li>Para 2<a class=\"\" href=\"https:\/\/g1.globo.com\/economia\/noticia\/2025\/01\/27\/boletim-focus-expectativa-de-inflacao-do-mercado-para-2025-tem-guinada-pra-cima-e-atinge-55percent.ghtml\">025, 2026, 2027 e 2028, a proje\u00e7\u00e3o do mercado para a infla\u00e7\u00e3o oficial est\u00e1 em 5,5% (com estouro da meta), 4,22%, 3,90% e em 3,73%<\/a>.\u00a0<strong>Ou seja, acima da meta central de 3%, buscada pelo BC.<\/strong><\/li>\n<\/ul>\n\n\n\n<p>No ano passado,&nbsp;<a class=\"\" href=\"https:\/\/g1.globo.com\/economia\/noticia\/2025\/01\/10\/ipca-precos-sobem-052percent-em-dezembro-diz-ibge.ghtml\">a infla\u00e7\u00e3o ficou acima do teto do sistema de metas ao somar 4,83%<\/a>. Com isso, o presidente do BC,&nbsp;<a class=\"\" href=\"https:\/\/g1.globo.com\/economia\/noticia\/2025\/01\/10\/presidente-do-bc-diz-que-estouro-da-meta-de-inflacao-foi-causado-por-forte-atividade-economica-queda-do-real-e-extremos-climaticos.ghtml\">Gabriel Gal\u00edpolo, teve de escrever uma carta p\u00fablica ao ministro da Fazenda, Fernando Haddad, explicando os motivos.<\/a><\/p>\n\n\n\n<p>Nos \u00faltimos meses,&nbsp;<a class=\"\" href=\"https:\/\/g1.globo.com\/economia\/noticia\/2025\/01\/10\/presidente-do-bc-diz-que-estouro-da-meta-de-inflacao-foi-causado-por-forte-atividade-economica-queda-do-real-e-extremos-climaticos.ghtml\">efeitos clim\u00e1ticos, como secas, que impactaram, por alguns meses, os pre\u00e7os dos alimentos e, tamb\u00e9m, da energia el\u00e9trica<\/a>&nbsp;\u2014 levando ao acionamento das bandeiras tarif\u00e1rias para reduzir o consumo.<\/p>\n\n\n\n<p>Outro fator que influenciou a infla\u00e7\u00e3o foi o d\u00f3lar alto, relacionado com o cen\u00e1rio externo (atua\u00e7\u00e3o de Donald Trump no governo) e d\u00favidas do mercado financeiro sobre as contas p\u00fablicas, ou seja, sobre a capacidade de o governo brasileiro de conter a alta do endividamento.<\/p>\n\n\n\n<p>Al\u00e9m disso, o forte ritmo da atividade econ\u00f4mica, que tem surpreendido analistas nos \u00faltimos anos e levado o desemprego \u00e0s m\u00ednimas hist\u00f3ricas, tamb\u00e9m tem atuado para pressionar para cima a infla\u00e7\u00e3o \u2014 principalmente no setor de servi\u00e7os.<\/p>\n\n\n\n<blockquote class=\"wp-block-quote is-layout-flow wp-block-quote-is-layout-flow\">\n<p>&#8220;Desde a reuni\u00e3o de dezembro, o Copom se deparou com novas rodadas de piora nas divulga\u00e7\u00f5es semanais da pesquisa Focus para expectativas de infla\u00e7\u00e3o, uma composi\u00e7\u00e3o mais desafiadora para a infla\u00e7\u00e3o corrente, e uma taxa de c\u00e2mbio que segue pressionada (ainda que com algum al\u00edvio na margem). Tais fatores, em conjunto com os modelos prospectivos de infla\u00e7\u00e3o, poderiam justificar a sinaliza\u00e7\u00e3o de ajustes de mesma magnitude para as pr\u00f3ximas duas reuni\u00f5es&#8221;, avaliou o Ita\u00fa, em comunicado.<\/p>\n<\/blockquote>\n","protected":false},"excerpt":{"rendered":"<p>Na primeira reuni\u00e3o do Comit\u00ea de Pol\u00edtica Monet\u00e1ria (Copom) chefiada pelo novo presidente da institui\u00e7\u00e3o,\u00a0Gabriel Gal\u00edpolo, indicado pelo presidente\u00a0Luiz In\u00e1cio Lula da Silva, o Banco Central deve manter o ritmo de promover uma\u00a0forte alta de um ponto percentual na taxa b\u00e1sica de juros\u00a0da economia, de\u00a012,25% para 13,25% ao ano. Essa \u00e9 a expectativa de quase [&hellip;]<\/p>\n","protected":false},"author":2,"featured_media":23437,"comment_status":"open","ping_status":"open","sticky":false,"template":"","format":"standard","meta":{"_jetpack_memberships_contains_paid_content":false,"footnotes":""},"categories":[19],"tags":[],"class_list":["post-23436","post","type-post","status-publish","format-standard","has-post-thumbnail","hentry","category-economia"],"aioseo_notices":[],"jetpack_featured_media_url":"https:\/\/i0.wp.com\/minutobahia24h.com.br\/wp-content\/uploads\/2025\/01\/Sem-titulo-544.jpg?fit=984%2C657&ssl=1","jetpack_sharing_enabled":true,"_links":{"self":[{"href":"https:\/\/minutobahia24h.com.br\/index.php?rest_route=\/wp\/v2\/posts\/23436","targetHints":{"allow":["GET"]}}],"collection":[{"href":"https:\/\/minutobahia24h.com.br\/index.php?rest_route=\/wp\/v2\/posts"}],"about":[{"href":"https:\/\/minutobahia24h.com.br\/index.php?rest_route=\/wp\/v2\/types\/post"}],"author":[{"embeddable":true,"href":"https:\/\/minutobahia24h.com.br\/index.php?rest_route=\/wp\/v2\/users\/2"}],"replies":[{"embeddable":true,"href":"https:\/\/minutobahia24h.com.br\/index.php?rest_route=%2Fwp%2Fv2%2Fcomments&post=23436"}],"version-history":[{"count":1,"href":"https:\/\/minutobahia24h.com.br\/index.php?rest_route=\/wp\/v2\/posts\/23436\/revisions"}],"predecessor-version":[{"id":23438,"href":"https:\/\/minutobahia24h.com.br\/index.php?rest_route=\/wp\/v2\/posts\/23436\/revisions\/23438"}],"wp:featuredmedia":[{"embeddable":true,"href":"https:\/\/minutobahia24h.com.br\/index.php?rest_route=\/wp\/v2\/media\/23437"}],"wp:attachment":[{"href":"https:\/\/minutobahia24h.com.br\/index.php?rest_route=%2Fwp%2Fv2%2Fmedia&parent=23436"}],"wp:term":[{"taxonomy":"category","embeddable":true,"href":"https:\/\/minutobahia24h.com.br\/index.php?rest_route=%2Fwp%2Fv2%2Fcategories&post=23436"},{"taxonomy":"post_tag","embeddable":true,"href":"https:\/\/minutobahia24h.com.br\/index.php?rest_route=%2Fwp%2Fv2%2Ftags&post=23436"}],"curies":[{"name":"wp","href":"https:\/\/api.w.org\/{rel}","templated":true}]}}