{"id":23430,"date":"2025-01-29T08:08:08","date_gmt":"2025-01-29T11:08:08","guid":{"rendered":"https:\/\/minutobahia24h.com.br\/?p=23430"},"modified":"2025-01-29T08:08:10","modified_gmt":"2025-01-29T11:08:10","slug":"governo-lula-ve-risco-no-senado-em-segunda-metade-do-mandato","status":"publish","type":"post","link":"https:\/\/minutobahia24h.com.br\/?p=23430","title":{"rendered":"Governo Lula v\u00ea risco no Senado em segunda metade do mandato"},"content":{"rendered":"<div class=\"wp-block-image\">\n<figure class=\"aligncenter size-large\"><img data-recalc-dims=\"1\" fetchpriority=\"high\" decoding=\"async\" width=\"800\" height=\"420\" src=\"https:\/\/i0.wp.com\/minutobahia24h.com.br\/wp-content\/uploads\/2025\/01\/Sem-titulo-542-1024x538.jpg?resize=800%2C420&#038;ssl=1\" alt=\"\" class=\"wp-image-23431\" srcset=\"https:\/\/i0.wp.com\/minutobahia24h.com.br\/wp-content\/uploads\/2025\/01\/Sem-titulo-542.jpg?resize=1024%2C538&amp;ssl=1 1024w, https:\/\/i0.wp.com\/minutobahia24h.com.br\/wp-content\/uploads\/2025\/01\/Sem-titulo-542.jpg?resize=300%2C158&amp;ssl=1 300w, https:\/\/i0.wp.com\/minutobahia24h.com.br\/wp-content\/uploads\/2025\/01\/Sem-titulo-542.jpg?resize=768%2C403&amp;ssl=1 768w, https:\/\/i0.wp.com\/minutobahia24h.com.br\/wp-content\/uploads\/2025\/01\/Sem-titulo-542.jpg?resize=750%2C394&amp;ssl=1 750w, https:\/\/i0.wp.com\/minutobahia24h.com.br\/wp-content\/uploads\/2025\/01\/Sem-titulo-542.jpg?resize=1140%2C599&amp;ssl=1 1140w, https:\/\/i0.wp.com\/minutobahia24h.com.br\/wp-content\/uploads\/2025\/01\/Sem-titulo-542.jpg?w=1200&amp;ssl=1 1200w\" sizes=\"(max-width: 800px) 100vw, 800px\" \/><figcaption class=\"wp-element-caption\">Foto: Ricardo Stuckert \/ PR<br><\/figcaption><\/figure>\n<\/div>\n\n\n<p>Aliados do presidente Lula (PT) avaliam que o governo est\u00e1 perdendo o enfrentamento pol\u00edtico com a oposi\u00e7\u00e3o no Senado, num momento em que a direita ter\u00e1 maior espa\u00e7o na Casa e se organiza para as elei\u00e7\u00f5es de 2026. De acordo com interlocutores do presidente, h\u00e1 uma avalia\u00e7\u00e3o de que faltam no Senado quadros que defendam o governo publicamente e estejam dispostos a ir para o embate pol\u00edtico com integrantes da oposi\u00e7\u00e3o, na vis\u00e3o deles mais organizada. \u00a0<\/p>\n\n\n\n<p>Essa vis\u00e3o abrange as discuss\u00f5es em comiss\u00f5es tem\u00e1ticas, as falas no plen\u00e1rio e as negocia\u00e7\u00f5es do dia a dia em torno de mat\u00e9rias de interesse do Executivo. Al\u00e9m disso, governistas est\u00e3o atentos ao espa\u00e7o que o PL ter\u00e1 no Senado neste bi\u00eanio. O partido de Jair Bolsonaro apoia a candidatura de Davi Alcolumbre (Uni\u00e3o Brasil-AP) e, portanto, ter\u00e1 espa\u00e7o na mesa diretora e em comiss\u00f5es. \u00a0<\/p>\n\n\n\n<p>Nos \u00faltimos dois anos, o PL ficou isolado nesses postos, j\u00e1 que lan\u00e7ou o nome de Rog\u00e9rio Marinho (PL-RN) na disputa com Rodrigo Pacheco (PSD-MG) e saiu derrotado. Outro ponto levado em considera\u00e7\u00e3o por esses aliados \u00e9 a elei\u00e7\u00e3o de 2026, quando dois ter\u00e7os das cadeiras da Casa ser\u00e3o renovados. H\u00e1 uma movimenta\u00e7\u00e3o da direita para lan\u00e7ar nomes competitivos ao pleito. \u00a0<\/p>\n\n\n\n<p>O alerta entre auxiliares de Lula ganha for\u00e7a no contexto de uma iminente reforma ministerial. Alguns interlocutores do petista defendem a volta ao Congresso de senadores que hoje ocupam minist\u00e9rios. Esses aliados do presidente tamb\u00e9m se queixam da falta de a\u00e7\u00e3o de suplentes que assumiram com a nomea\u00e7\u00e3o de senadores para a Esplanada, sobretudo as de Carlos F\u00e1varo (Agricultura) e Wellington Dias (Desenvolvimento Social). \u00a0<\/p>\n\n\n\n<p>A senadora Margareth Buzetti (PSD-MT), suplente de F\u00e1varo, \u00e9 bolsonarista e nem sempre vota de acordo com o governo em pautas priorit\u00e1rias. J\u00e1 Jussara Lima (PSD-PI), suplente de Dias, desempenha papel discreto no dia a dia do Senado. Os aliados tamb\u00e9m se queixam do t\u00edmido desempenho da suplente de Fl\u00e1vio Dino, Ana Paula Lobato (PDT-MA), que assumiu o mandato com a ida dele ao STF (Supremo Tribunal Federal). Dino ocupou a cadeira do Senado por 21 dias. \u00a0<\/p>\n\n\n\n<p>Em rela\u00e7\u00e3o a ela, n\u00e3o haveria o que fazer. Mas a ideia de ministros que s\u00e3o senadores licenciados voltarem aos seus cargos \u00e9 que eles fa\u00e7am o embate pol\u00edtico na Casa. Atualmente quatro titulares da Esplanada: est\u00e3o nessa condi\u00e7\u00e3o: Dias, F\u00e1varo, Renan Filho (MDB-AL), titular da pasta de Transportes, e Camilo Santana (PT-CE), \u00e0 frente da Educa\u00e7\u00e3o. \u00a0<\/p>\n\n\n\n<p>Em entrevista \u00e0 Folha de S.Paulo, em dezembro, o l\u00edder do governo no Senado, Jaques Wagner (PT), indicou ser poss\u00edvel a volta deles para refor\u00e7ar o trabalho do Executivo. &#8220;N\u00e3o tem uma regra geral. N\u00e3o quero impor minha opini\u00e3o, mas eu acho que quem vai l\u00e1 e pede voto para ser senador deveria exercer. Agora, essa decis\u00e3o \u00e9 estritamente do presidente. A vari\u00e1vel \u00e9 essa: desempenho, necessidade pol\u00edtica e arruma\u00e7\u00e3o da base. Pode ser que um ou dois senadores voltem&#8221;, disse \u00e0 \u00e9poca. \u00a0<\/p>\n\n\n\n<p>Lula tem ouvido opini\u00f5es contr\u00e1rias e favor\u00e1veis sobre a quest\u00e3o. Interlocutores dele lan\u00e7am d\u00favidas sobre a predisposi\u00e7\u00e3o para mudan\u00e7as dessa magnitude na Esplanada, especialmente se optar por trocas pontuais. No caso de Renan e Camilo, que t\u00eam postura do enfrentamento pol\u00edtico, a volta ao Senado \u00e9 considerada remota por aliados do presidente, porque os dois s\u00e3o considerados bem avaliados \u00e0 frente das pastas que ocupam. \u00a0<\/p>\n\n\n\n<p>Segundo aliados, estaria assegurada tamb\u00e9m a perman\u00eancia de Dias, a depender do tamanho da reforma. O ministro j\u00e1 n\u00e3o estaria entre os mais criticados pelo presidente. No caso de F\u00e1varo, o comando do PSD passou a trabalhar por sua manuten\u00e7\u00e3o ap\u00f3s vir \u00e0 tona uma articula\u00e7\u00e3o da c\u00fapula da C\u00e2mara para que seu presidente, o deputado Arthur Lira (PP-AL), assuma sua cadeira. \u00a0<\/p>\n\n\n\n<p>A expectativa era que o novo desenho da Esplanada fosse esbo\u00e7ado nesta semana, j\u00e1 que os futuros presidentes da C\u00e2mara e Senado estar\u00e3o eleitos no s\u00e1bado (1\u00ba). Al\u00e9m de Lira, o presidente do Senado, Rodrigo Pacheco (PSD-MG), tem sido cotado para um cadeira no minist\u00e9rio de Lula. \u00a0<\/p>\n\n\n\n<p>Preocupados com a baixa combatividade da base governista no Senado, alguns aliados de Lula tamb\u00e9m propuseram que a senadora Teresa Leit\u00e3o (PT-PE) assuma o Minist\u00e9rio das Mulheres para que o seu primeiro suplente, o ex-deputado S\u00edlvio Costa, seja al\u00e7ado ao Senado. \u00a0<\/p>\n\n\n\n<p>Pai do ministro Silvio Costa Filho (Portos e Aeroportos), o ex-deputado foi um dos mais cr\u00edticos ao impeachment de Dilma Rousseff (PT), com forte atua\u00e7\u00e3o na defesa da ex-presidente.<\/p>\n\n\n\n<p>BN<\/p>\n","protected":false},"excerpt":{"rendered":"<p>Aliados do presidente Lula (PT) avaliam que o governo est\u00e1 perdendo o enfrentamento pol\u00edtico com a oposi\u00e7\u00e3o no Senado, num momento em que a direita ter\u00e1 maior espa\u00e7o na Casa e se organiza para as elei\u00e7\u00f5es de 2026. De acordo com interlocutores do presidente, h\u00e1 uma avalia\u00e7\u00e3o de que faltam no Senado quadros que defendam [&hellip;]<\/p>\n","protected":false},"author":2,"featured_media":23431,"comment_status":"open","ping_status":"open","sticky":false,"template":"","format":"standard","meta":{"_jetpack_memberships_contains_paid_content":false,"footnotes":""},"categories":[39],"tags":[],"class_list":["post-23430","post","type-post","status-publish","format-standard","has-post-thumbnail","hentry","category-politica"],"aioseo_notices":[],"jetpack_featured_media_url":"https:\/\/i0.wp.com\/minutobahia24h.com.br\/wp-content\/uploads\/2025\/01\/Sem-titulo-542.jpg?fit=1200%2C630&ssl=1","jetpack_sharing_enabled":true,"_links":{"self":[{"href":"https:\/\/minutobahia24h.com.br\/index.php?rest_route=\/wp\/v2\/posts\/23430","targetHints":{"allow":["GET"]}}],"collection":[{"href":"https:\/\/minutobahia24h.com.br\/index.php?rest_route=\/wp\/v2\/posts"}],"about":[{"href":"https:\/\/minutobahia24h.com.br\/index.php?rest_route=\/wp\/v2\/types\/post"}],"author":[{"embeddable":true,"href":"https:\/\/minutobahia24h.com.br\/index.php?rest_route=\/wp\/v2\/users\/2"}],"replies":[{"embeddable":true,"href":"https:\/\/minutobahia24h.com.br\/index.php?rest_route=%2Fwp%2Fv2%2Fcomments&post=23430"}],"version-history":[{"count":1,"href":"https:\/\/minutobahia24h.com.br\/index.php?rest_route=\/wp\/v2\/posts\/23430\/revisions"}],"predecessor-version":[{"id":23432,"href":"https:\/\/minutobahia24h.com.br\/index.php?rest_route=\/wp\/v2\/posts\/23430\/revisions\/23432"}],"wp:featuredmedia":[{"embeddable":true,"href":"https:\/\/minutobahia24h.com.br\/index.php?rest_route=\/wp\/v2\/media\/23431"}],"wp:attachment":[{"href":"https:\/\/minutobahia24h.com.br\/index.php?rest_route=%2Fwp%2Fv2%2Fmedia&parent=23430"}],"wp:term":[{"taxonomy":"category","embeddable":true,"href":"https:\/\/minutobahia24h.com.br\/index.php?rest_route=%2Fwp%2Fv2%2Fcategories&post=23430"},{"taxonomy":"post_tag","embeddable":true,"href":"https:\/\/minutobahia24h.com.br\/index.php?rest_route=%2Fwp%2Fv2%2Ftags&post=23430"}],"curies":[{"name":"wp","href":"https:\/\/api.w.org\/{rel}","templated":true}]}}