{"id":23418,"date":"2025-01-29T07:19:15","date_gmt":"2025-01-29T10:19:15","guid":{"rendered":"https:\/\/minutobahia24h.com.br\/?p=23418"},"modified":"2025-01-29T07:19:16","modified_gmt":"2025-01-29T10:19:16","slug":"servidores-protestam-por-atraso-de-salario-de-dezembro-nesta-quarta-feira-29","status":"publish","type":"post","link":"https:\/\/minutobahia24h.com.br\/?p=23418","title":{"rendered":"Servidores protestam por atraso de sal\u00e1rio de dezembro nesta quarta-feira (29)"},"content":{"rendered":"<div class=\"wp-block-image\">\n<figure class=\"aligncenter size-full\"><img data-recalc-dims=\"1\" fetchpriority=\"high\" decoding=\"async\" width=\"600\" height=\"419\" src=\"https:\/\/i0.wp.com\/minutobahia24h.com.br\/wp-content\/uploads\/2025\/01\/Sem-titulo-538.jpg?resize=600%2C419&#038;ssl=1\" alt=\"\" class=\"wp-image-23419\" srcset=\"https:\/\/i0.wp.com\/minutobahia24h.com.br\/wp-content\/uploads\/2025\/01\/Sem-titulo-538.jpg?w=600&amp;ssl=1 600w, https:\/\/i0.wp.com\/minutobahia24h.com.br\/wp-content\/uploads\/2025\/01\/Sem-titulo-538.jpg?resize=300%2C210&amp;ssl=1 300w\" sizes=\"(max-width: 600px) 100vw, 600px\" \/><figcaption class=\"wp-element-caption\">Reprodu\u00e7\u00e3o\/Instagram\/@asprolf<br><\/figcaption><\/figure>\n<\/div>\n\n\n<p>As centrais sindicais de Lauro de Freitas convocaram os servidores exonerados e desligados no dia 1\u00ba de janeiro para uma manifesta\u00e7\u00e3o. O objetivo \u00e9 cobrar os sal\u00e1rios atrasados de dezembro de 2024 de comissionados, Redas ou TDs (tempor\u00e1rio), que apesar da garantia dada, n\u00e3o foram pagos pela prefeita D\u00e9bora Regis (Uni\u00e3o Brasil).<\/p>\n\n\n\n<p>O encontro ser\u00e1 \u00e0s 9h desta quarta-feira (29), no CALF (Centro Administrativo de Lauro de Freitas), onde fica localizado o Gabinete da gestora municipal.<\/p>\n\n\n\n<p>D\u00e9bora n\u00e3o cumpriu o acordo feito com a categoria em&nbsp;<a href=\"https:\/\/bahia.ba\/municipios\/promessa-e-vao-e-prefeita-nao-paga-servidores-comissionados-redas-e-contratados\/\"><strong>nenhum dos calend\u00e1rios divulgados pela gest\u00e3o<\/strong><\/a>. O \u00faltimo dia de pagamento para&nbsp;<a href=\"https:\/\/bahia.ba\/municipios\/salario-de-comissionados-temporarios-e-terceirizados-serao-pagos-ate-sexta-24-afirma-sindicato\/\"><strong>\u2018outros v\u00ednculos\u2019 foi na \u00faltima sexta-feira (24)<\/strong><\/a>. At\u00e9 o momento, prefeita e prefeitura n\u00e3o se posicionaram de forma oficial.<\/p>\n\n\n\n<p>A manifesta\u00e7\u00e3o \u00e9 para discutir quest\u00f5es urgentes relacionadas aos atrasos e outras demandas trabalhistas. Em grupos de WhatsApp, ex-funcion\u00e1rios se organizam para a mobiliza\u00e7\u00e3o. A convoca\u00e7\u00e3o foi feita pelas centrais sindicais do munic\u00edpio por meio das redes sociais.<\/p>\n\n\n\n<p>Na segunda (27), o grupo grevista se reuniu na Defensoria P\u00fablica. J\u00e1 nesta ter\u00e7a-feira (28), se encontrou com o MPBA (Minist\u00e9rio P\u00fablica da Bahia) para tratar do tema. Confira o chamamento:<\/p>\n\n\n\n<p><strong><em>\u201cTrabalhadores em luta pelo sal\u00e1rio de dezembro 2024<\/em><\/strong><\/p>\n\n\n\n<p><strong><em>Surpreendidos pelo an\u00fancio da prefeita D\u00e9bora Regis, com respeito ao n\u00e3o pagamento dos sal\u00e1rios referente a dezembro de 2024, pro falta de recursos financeiros n\u00e3o provisionados em caixa pela ex-prefeita Moema Gramacho, os trabalhadores se organizaram em assembleias, atos p\u00fablicos e ocupa\u00e7\u00f5es no CALF (centro administrativo de Lauro de Freitas) exigindo do governo municipal o imediato pagamento de seus devidos proventos.<\/em><\/strong><\/p>\n\n\n\n<p><strong><em>Foram mais de 15 dias entre protestos e manifesta\u00e7\u00f5es em prol de seus direitos, entre narrativas e posturas equivocadas da gest\u00e3o municipal parte dos trabalhadores tiveram o reconhecimento do seu pleito e o cr\u00e9dito de seus sal\u00e1rios como deveria ser.<\/em><\/strong><\/p>\n\n\n\n<p><strong><em>A luta continua at\u00e9 que todos os trabalhadores recebam o que lhe \u00e9 devido.<\/em><\/strong><\/p>\n\n\n\n<p><strong><em>S\u00f3 a luta muda a vida!\u201d<\/em><\/strong><\/p>\n\n\n\n<p>Bahia.ba<\/p>\n","protected":false},"excerpt":{"rendered":"<p>As centrais sindicais de Lauro de Freitas convocaram os servidores exonerados e desligados no dia 1\u00ba de janeiro para uma manifesta\u00e7\u00e3o. O objetivo \u00e9 cobrar os sal\u00e1rios atrasados de dezembro de 2024 de comissionados, Redas ou TDs (tempor\u00e1rio), que apesar da garantia dada, n\u00e3o foram pagos pela prefeita D\u00e9bora Regis (Uni\u00e3o Brasil). O encontro ser\u00e1 [&hellip;]<\/p>\n","protected":false},"author":2,"featured_media":23419,"comment_status":"open","ping_status":"open","sticky":false,"template":"","format":"standard","meta":{"_jetpack_memberships_contains_paid_content":false,"footnotes":""},"categories":[3],"tags":[],"class_list":["post-23418","post","type-post","status-publish","format-standard","has-post-thumbnail","hentry","category-regional"],"aioseo_notices":[],"jetpack_featured_media_url":"https:\/\/i0.wp.com\/minutobahia24h.com.br\/wp-content\/uploads\/2025\/01\/Sem-titulo-538.jpg?fit=600%2C419&ssl=1","jetpack_sharing_enabled":true,"_links":{"self":[{"href":"https:\/\/minutobahia24h.com.br\/index.php?rest_route=\/wp\/v2\/posts\/23418","targetHints":{"allow":["GET"]}}],"collection":[{"href":"https:\/\/minutobahia24h.com.br\/index.php?rest_route=\/wp\/v2\/posts"}],"about":[{"href":"https:\/\/minutobahia24h.com.br\/index.php?rest_route=\/wp\/v2\/types\/post"}],"author":[{"embeddable":true,"href":"https:\/\/minutobahia24h.com.br\/index.php?rest_route=\/wp\/v2\/users\/2"}],"replies":[{"embeddable":true,"href":"https:\/\/minutobahia24h.com.br\/index.php?rest_route=%2Fwp%2Fv2%2Fcomments&post=23418"}],"version-history":[{"count":1,"href":"https:\/\/minutobahia24h.com.br\/index.php?rest_route=\/wp\/v2\/posts\/23418\/revisions"}],"predecessor-version":[{"id":23420,"href":"https:\/\/minutobahia24h.com.br\/index.php?rest_route=\/wp\/v2\/posts\/23418\/revisions\/23420"}],"wp:featuredmedia":[{"embeddable":true,"href":"https:\/\/minutobahia24h.com.br\/index.php?rest_route=\/wp\/v2\/media\/23419"}],"wp:attachment":[{"href":"https:\/\/minutobahia24h.com.br\/index.php?rest_route=%2Fwp%2Fv2%2Fmedia&parent=23418"}],"wp:term":[{"taxonomy":"category","embeddable":true,"href":"https:\/\/minutobahia24h.com.br\/index.php?rest_route=%2Fwp%2Fv2%2Fcategories&post=23418"},{"taxonomy":"post_tag","embeddable":true,"href":"https:\/\/minutobahia24h.com.br\/index.php?rest_route=%2Fwp%2Fv2%2Ftags&post=23418"}],"curies":[{"name":"wp","href":"https:\/\/api.w.org\/{rel}","templated":true}]}}