{"id":23403,"date":"2025-01-29T07:08:50","date_gmt":"2025-01-29T10:08:50","guid":{"rendered":"https:\/\/minutobahia24h.com.br\/?p=23403"},"modified":"2025-01-29T07:10:58","modified_gmt":"2025-01-29T10:10:58","slug":"bonfim-helder-amorim-assume-o-nte-25","status":"publish","type":"post","link":"https:\/\/minutobahia24h.com.br\/?p=23403","title":{"rendered":"BONFIM: Helder Amorim Assume o NTE 25"},"content":{"rendered":"<div class=\"wp-block-image\">\n<figure class=\"aligncenter size-full\"><img data-recalc-dims=\"1\" fetchpriority=\"high\" decoding=\"async\" width=\"577\" height=\"643\" src=\"https:\/\/i0.wp.com\/minutobahia24h.com.br\/wp-content\/uploads\/2025\/01\/Sem-titulo-534.jpg?resize=577%2C643&#038;ssl=1\" alt=\"\" class=\"wp-image-23406\" srcset=\"https:\/\/i0.wp.com\/minutobahia24h.com.br\/wp-content\/uploads\/2025\/01\/Sem-titulo-534.jpg?w=577&amp;ssl=1 577w, https:\/\/i0.wp.com\/minutobahia24h.com.br\/wp-content\/uploads\/2025\/01\/Sem-titulo-534.jpg?resize=269%2C300&amp;ssl=1 269w\" sizes=\"(max-width: 577px) 100vw, 577px\" \/><\/figure>\n<\/div>\n\n\n<p>Saiu nesta quarta-feira, dia 29, no Di\u00e1rio Oficial do Estado a nomea\u00e7\u00e3o do professor Helder Amorim para diretor do NTE 25 (antiga Direc 28). Helder Amorim ter\u00e1 como tarefas: o acompanhamento das unidades escolares da rede estadual, a amplia\u00e7\u00e3o da pol\u00edtica educacional estadual investindo na aproxima\u00e7\u00e3o com as redes municipais ,atrav\u00e9s do regime de colabora\u00e7\u00e3o, e de coordenar as a\u00e7\u00f5es dos diversos \u00f3rg\u00e3o estaduais no territ\u00f3rio.<\/p>\n\n\n\n<p>Ele substitui a professora Ana Raquel que continuar\u00e1 fazendo parte da equipe da educa\u00e7\u00e3o estadual.<\/p>\n\n\n\n<p>clebervieiranews<\/p>\n","protected":false},"excerpt":{"rendered":"<p>Saiu nesta quarta-feira, dia 29, no Di\u00e1rio Oficial do Estado a nomea\u00e7\u00e3o do professor Helder Amorim para diretor do NTE 25 (antiga Direc 28). Helder Amorim ter\u00e1 como tarefas: o acompanhamento das unidades escolares da rede estadual, a amplia\u00e7\u00e3o da pol\u00edtica educacional estadual investindo na aproxima\u00e7\u00e3o com as redes municipais ,atrav\u00e9s do regime de colabora\u00e7\u00e3o, [&hellip;]<\/p>\n","protected":false},"author":2,"featured_media":23406,"comment_status":"open","ping_status":"open","sticky":false,"template":"","format":"standard","meta":{"_jetpack_memberships_contains_paid_content":false,"footnotes":""},"categories":[3],"tags":[],"class_list":["post-23403","post","type-post","status-publish","format-standard","has-post-thumbnail","hentry","category-regional"],"aioseo_notices":[],"jetpack_featured_media_url":"https:\/\/i0.wp.com\/minutobahia24h.com.br\/wp-content\/uploads\/2025\/01\/Sem-titulo-534.jpg?fit=577%2C643&ssl=1","jetpack_sharing_enabled":true,"_links":{"self":[{"href":"https:\/\/minutobahia24h.com.br\/index.php?rest_route=\/wp\/v2\/posts\/23403","targetHints":{"allow":["GET"]}}],"collection":[{"href":"https:\/\/minutobahia24h.com.br\/index.php?rest_route=\/wp\/v2\/posts"}],"about":[{"href":"https:\/\/minutobahia24h.com.br\/index.php?rest_route=\/wp\/v2\/types\/post"}],"author":[{"embeddable":true,"href":"https:\/\/minutobahia24h.com.br\/index.php?rest_route=\/wp\/v2\/users\/2"}],"replies":[{"embeddable":true,"href":"https:\/\/minutobahia24h.com.br\/index.php?rest_route=%2Fwp%2Fv2%2Fcomments&post=23403"}],"version-history":[{"count":2,"href":"https:\/\/minutobahia24h.com.br\/index.php?rest_route=\/wp\/v2\/posts\/23403\/revisions"}],"predecessor-version":[{"id":23408,"href":"https:\/\/minutobahia24h.com.br\/index.php?rest_route=\/wp\/v2\/posts\/23403\/revisions\/23408"}],"wp:featuredmedia":[{"embeddable":true,"href":"https:\/\/minutobahia24h.com.br\/index.php?rest_route=\/wp\/v2\/media\/23406"}],"wp:attachment":[{"href":"https:\/\/minutobahia24h.com.br\/index.php?rest_route=%2Fwp%2Fv2%2Fmedia&parent=23403"}],"wp:term":[{"taxonomy":"category","embeddable":true,"href":"https:\/\/minutobahia24h.com.br\/index.php?rest_route=%2Fwp%2Fv2%2Fcategories&post=23403"},{"taxonomy":"post_tag","embeddable":true,"href":"https:\/\/minutobahia24h.com.br\/index.php?rest_route=%2Fwp%2Fv2%2Ftags&post=23403"}],"curies":[{"name":"wp","href":"https:\/\/api.w.org\/{rel}","templated":true}]}}