{"id":23400,"date":"2025-01-29T07:05:59","date_gmt":"2025-01-29T10:05:59","guid":{"rendered":"https:\/\/minutobahia24h.com.br\/?p=23400"},"modified":"2025-01-29T07:06:01","modified_gmt":"2025-01-29T10:06:01","slug":"univasf-divulga-selecionados-na-chamada-regular-do-sisu-2025","status":"publish","type":"post","link":"https:\/\/minutobahia24h.com.br\/?p=23400","title":{"rendered":"Univasf divulga selecionados na Chamada Regular do Sisu 2025"},"content":{"rendered":"<div class=\"wp-block-image\">\n<figure class=\"aligncenter size-full\"><img data-recalc-dims=\"1\" fetchpriority=\"high\" decoding=\"async\" width=\"768\" height=\"372\" src=\"https:\/\/i0.wp.com\/minutobahia24h.com.br\/wp-content\/uploads\/2025\/01\/Sem-titulo-532.jpg?resize=768%2C372&#038;ssl=1\" alt=\"\" class=\"wp-image-23401\" srcset=\"https:\/\/i0.wp.com\/minutobahia24h.com.br\/wp-content\/uploads\/2025\/01\/Sem-titulo-532.jpg?w=768&amp;ssl=1 768w, https:\/\/i0.wp.com\/minutobahia24h.com.br\/wp-content\/uploads\/2025\/01\/Sem-titulo-532.jpg?resize=300%2C145&amp;ssl=1 300w, https:\/\/i0.wp.com\/minutobahia24h.com.br\/wp-content\/uploads\/2025\/01\/Sem-titulo-532.jpg?resize=750%2C363&amp;ssl=1 750w\" sizes=\"(max-width: 768px) 100vw, 768px\" \/><figcaption class=\"wp-element-caption\">Foto: Blog do Carlos Britto<\/figcaption><\/figure>\n<\/div>\n\n\n<p>A Universidade Federal do Vale do S\u00e3o Francisco (Univasf) divulgou nesta ter\u00e7a-feira (28), a\u00a0<a href=\"https:\/\/portais.univasf.edu.br\/estudante\/processos-seletivos\/ps-icg-2025\/ps-icg_2025_arquivos\/aprovados_chamada_regular_sisu_2025.pdf\"><strong>rela\u00e7\u00e3o de candidatos aprovados<\/strong><\/a>\u00a0na Chamada Regular do Sistema de Sele\u00e7\u00e3o Unificada (Sisu) 2025, para o preenchimento de 1.740 vagas nos dois per\u00edodos letivos de 2025. Todos os candidatos convocados nesta Chamada Regular, por meio da\u00a0<a href=\"https:\/\/portais.univasf.edu.br\/estudante\/processos-seletivos\/ps-icg-2025\/ps-icg_2025_arquivos\/portaria_no_01_2025_resultado_chamada_regular_sisu_1_2025_ps_icg_2025.pdf\"><strong>Portaria n\u00ba1\/2025<\/strong><\/a>, dever\u00e3o realizar a matr\u00edcula online de hoje (28) at\u00e9 domingo (2 de fevereiro).<\/p>\n\n\n\n<p>A matr\u00edcula deve ser feita pelo&nbsp;<a href=\"https:\/\/www.sistemas.univasf.edu.br\/sase\/\"><strong>Sistema de Avalia\u00e7\u00e3o Socioecon\u00f4mica (Sase)<\/strong><\/a>, atrav\u00e9s do preenchimento do Question\u00e1rio Socioecon\u00f4mico. Para efetuar a matr\u00edcula, \u00e9 necess\u00e1rio preencher as informa\u00e7\u00f5es pessoais e finalizar o question\u00e1rio. Ap\u00f3s a finaliza\u00e7\u00e3o, o sistema gerar\u00e1 um protocolo, que o candidato dever\u00e1 baixar e salvar. Somente ap\u00f3s a emiss\u00e3o desse protocolo o question\u00e1rio socioecon\u00f4mico ser\u00e1 considerado devidamente finalizado.<\/p>\n\n\n\n<p>Todas as informa\u00e7\u00f5es sobre o procedimento de matr\u00edcula online, al\u00e9m dos documentos necess\u00e1rios, est\u00e3o dispon\u00edveis no&nbsp;<a href=\"https:\/\/portais.univasf.edu.br\/estudante\/processos-seletivos\/ps-icg-2025\/ps-icg_2025_arquivos\/ps_icg_2025_edital_02_proen_ps_icg_2025_25_01_25.pdf\"><strong>Edital n\u00ba 2\/2025<\/strong><\/a>&nbsp;do Processo Seletivo para Ingresso nos Cursos de Gradua\u00e7\u00e3o Presenciais da Univasf (PS-ICG) 2025, que pode ser acessado no&nbsp;<a href=\"https:\/\/portais.univasf.edu.br\/estudante\/processos-seletivos\/ps-icg-2025\"><strong>Portal do Ingresso Discente 2025<\/strong><\/a>. Um tutorial com orienta\u00e7\u00f5es para acesso e preenchimento do Sase est\u00e1 dispon\u00edvel neste&nbsp;<a href=\"https:\/\/portais.univasf.edu.br\/estudante\/processos-seletivos\/ps-icg-2025\/ps-icg_2025_arquivos\/1.TutorialSaseGrupos_2025.pdf\"><strong>link<\/strong><\/a>. Os candidatos cuja matr\u00edcula online for confirmada ser\u00e3o convocados, posteriormente, para apresentar os documentos f\u00edsicos com o objetivo de formar o dossi\u00ea do discente.<\/p>\n\n\n\n<p><strong>Lista de Espera<\/strong><\/p>\n\n\n\n<p>As vagas eventualmente n\u00e3o ocupadas na chamada regular do Sisu 2025 ser\u00e3o preenchidas com prioridade pela Lista de Espera disponibilizada pelo Sisu. Os candidatos n\u00e3o classificados na chamada regular podem manifestar interesse em participar da lista de espera at\u00e9 sexta-feira (31), pelo Portal \u00danico de Acesso ao Ensino Superior. A divulga\u00e7\u00e3o da Lista de Espera ser\u00e1 feita a partir de 12 fevereiro.<\/p>\n\n\n\n<p><strong>Vagas Reservadas<\/strong><\/p>\n\n\n\n<p>Conforme o Edital n\u00ba 2\/2025 do PS-ICG, no m\u00ednimo 50% do total das vagas ofertadas por curso s\u00e3o reservadas para candidatos que tenham cursado integralmente o ensino m\u00e9dio em escolas p\u00fablicas, seguindo crit\u00e9rios de renda, autodeclara\u00e7\u00e3o \u00e9tnico-racial e defici\u00eancia, conforme os grupos descritos abaixo. Os outros 50% das vagas s\u00e3o destinadas \u00e0 ampla concorr\u00eancia, para candidatos que tenham cursado o ensino m\u00e9dio em cursos regulares ou equivalentes em qualquer institui\u00e7\u00e3o de ensino.<\/p>\n\n\n\n<p><strong>Avalia\u00e7\u00e3o Socioecon\u00f4mica<\/strong><\/p>\n\n\n\n<p>Todos os candidatos classificados dentro do n\u00famero de vagas reservadas para aqueles com renda familiar bruta mensal per capita de at\u00e9 um sal\u00e1rio m\u00ednimo devem comprovar a renda. A comprova\u00e7\u00e3o ser\u00e1 feita por meio do preenchimento, pelo candidato, do Question\u00e1rio Socioecon\u00f4mico e envio da documenta\u00e7\u00e3o exigida, exclusivamente atrav\u00e9s do Sistema Sase.<\/p>\n\n\n\n<p><strong>Heteroidentifica\u00e7\u00e3o<\/strong><\/p>\n\n\n\n<p>Para comprova\u00e7\u00e3o do crit\u00e9rio \u00e9tnico-racial, todo candidato classificado nas vagas reservadas a pretos ou pardos, exceto os ind\u00edgenas, ter\u00e1 sua autodeclara\u00e7\u00e3o verificada pela Comiss\u00e3o Institucional de Heteroidentifica\u00e7\u00e3o da Univasf (CIHU), dentro dos prazos e procedimentos estabelecidos no Edital N\u00ba 2\/2025 ou nas convoca\u00e7\u00f5es posteriores.<\/p>\n\n\n\n<p>A aferi\u00e7\u00e3o da autodeclara\u00e7\u00e3o, por meio do procedimento de heteroidentifica\u00e7\u00e3o, ser\u00e1 realizada de forma remota, por meio da an\u00e1lise de v\u00eddeo gravado pelo candidato, conforme as orienta\u00e7\u00f5es que ser\u00e3o informadas em portaria espec\u00edfica de convoca\u00e7\u00e3o dos candidatos para a aferi\u00e7\u00e3o.<\/p>\n\n\n\n<p><strong>Per\u00edcia Multiprofissional<\/strong><\/p>\n\n\n\n<p>Os candidatos classificados nas vagas reservadas \u00e0s pessoas com defici\u00eancia ser\u00e3o submetidos a uma per\u00edcia multiprofissional. A comprova\u00e7\u00e3o da defici\u00eancia ser\u00e1 feita com base no Laudo M\u00e9dico e nos demais documentos entregues no ato da per\u00edcia, conforme estabelecido no Edital. A Per\u00edcia Multiprofissional poder\u00e1 ocorrer de forma presencial ou no formato h\u00edbrido, em que o candidato estar\u00e1 presente com um dos membros da comiss\u00e3o de per\u00edcia, enquanto os demais membros poder\u00e3o participar por chamada virtual, a ser especificado na portaria de convoca\u00e7\u00e3o.<\/p>\n\n\n\n<p>Todas as informa\u00e7\u00f5es referentes ao PS-ICG 2025 s\u00e3o disponibilizadas no Portal do Ingresso Discente 2025.<\/p>\n\n\n\n<p>carlosbritto<\/p>\n","protected":false},"excerpt":{"rendered":"<p>A Universidade Federal do Vale do S\u00e3o Francisco (Univasf) divulgou nesta ter\u00e7a-feira (28), a\u00a0rela\u00e7\u00e3o de candidatos aprovados\u00a0na Chamada Regular do Sistema de Sele\u00e7\u00e3o Unificada (Sisu) 2025, para o preenchimento de 1.740 vagas nos dois per\u00edodos letivos de 2025. Todos os candidatos convocados nesta Chamada Regular, por meio da\u00a0Portaria n\u00ba1\/2025, dever\u00e3o realizar a matr\u00edcula online de [&hellip;]<\/p>\n","protected":false},"author":2,"featured_media":23401,"comment_status":"open","ping_status":"open","sticky":false,"template":"","format":"standard","meta":{"_jetpack_memberships_contains_paid_content":false,"footnotes":""},"categories":[3],"tags":[],"class_list":["post-23400","post","type-post","status-publish","format-standard","has-post-thumbnail","hentry","category-regional"],"aioseo_notices":[],"jetpack_featured_media_url":"https:\/\/i0.wp.com\/minutobahia24h.com.br\/wp-content\/uploads\/2025\/01\/Sem-titulo-532.jpg?fit=768%2C372&ssl=1","jetpack_sharing_enabled":true,"_links":{"self":[{"href":"https:\/\/minutobahia24h.com.br\/index.php?rest_route=\/wp\/v2\/posts\/23400","targetHints":{"allow":["GET"]}}],"collection":[{"href":"https:\/\/minutobahia24h.com.br\/index.php?rest_route=\/wp\/v2\/posts"}],"about":[{"href":"https:\/\/minutobahia24h.com.br\/index.php?rest_route=\/wp\/v2\/types\/post"}],"author":[{"embeddable":true,"href":"https:\/\/minutobahia24h.com.br\/index.php?rest_route=\/wp\/v2\/users\/2"}],"replies":[{"embeddable":true,"href":"https:\/\/minutobahia24h.com.br\/index.php?rest_route=%2Fwp%2Fv2%2Fcomments&post=23400"}],"version-history":[{"count":1,"href":"https:\/\/minutobahia24h.com.br\/index.php?rest_route=\/wp\/v2\/posts\/23400\/revisions"}],"predecessor-version":[{"id":23402,"href":"https:\/\/minutobahia24h.com.br\/index.php?rest_route=\/wp\/v2\/posts\/23400\/revisions\/23402"}],"wp:featuredmedia":[{"embeddable":true,"href":"https:\/\/minutobahia24h.com.br\/index.php?rest_route=\/wp\/v2\/media\/23401"}],"wp:attachment":[{"href":"https:\/\/minutobahia24h.com.br\/index.php?rest_route=%2Fwp%2Fv2%2Fmedia&parent=23400"}],"wp:term":[{"taxonomy":"category","embeddable":true,"href":"https:\/\/minutobahia24h.com.br\/index.php?rest_route=%2Fwp%2Fv2%2Fcategories&post=23400"},{"taxonomy":"post_tag","embeddable":true,"href":"https:\/\/minutobahia24h.com.br\/index.php?rest_route=%2Fwp%2Fv2%2Ftags&post=23400"}],"curies":[{"name":"wp","href":"https:\/\/api.w.org\/{rel}","templated":true}]}}