{"id":23250,"date":"2025-01-27T07:45:02","date_gmt":"2025-01-27T10:45:02","guid":{"rendered":"https:\/\/minutobahia24h.com.br\/?p=23250"},"modified":"2025-01-27T07:45:03","modified_gmt":"2025-01-27T10:45:03","slug":"defesa-de-bolsonaro-critica-vazamento-de-delacao-de-cid-e-chama-investigacao-de-semissecreta","status":"publish","type":"post","link":"https:\/\/minutobahia24h.com.br\/?p=23250","title":{"rendered":"Defesa de Bolsonaro critica vazamento de dela\u00e7\u00e3o de Cid e chama investiga\u00e7\u00e3o de &#8216;semissecreta&#8217;"},"content":{"rendered":"<div class=\"wp-block-image\">\n<figure class=\"aligncenter size-large\"><img data-recalc-dims=\"1\" fetchpriority=\"high\" decoding=\"async\" width=\"800\" height=\"420\" src=\"https:\/\/i0.wp.com\/minutobahia24h.com.br\/wp-content\/uploads\/2025\/01\/Sem-titulo-485-1024x538.jpg?resize=800%2C420&#038;ssl=1\" alt=\"\" class=\"wp-image-23251\" srcset=\"https:\/\/i0.wp.com\/minutobahia24h.com.br\/wp-content\/uploads\/2025\/01\/Sem-titulo-485.jpg?resize=1024%2C538&amp;ssl=1 1024w, https:\/\/i0.wp.com\/minutobahia24h.com.br\/wp-content\/uploads\/2025\/01\/Sem-titulo-485.jpg?resize=300%2C158&amp;ssl=1 300w, https:\/\/i0.wp.com\/minutobahia24h.com.br\/wp-content\/uploads\/2025\/01\/Sem-titulo-485.jpg?resize=768%2C403&amp;ssl=1 768w, https:\/\/i0.wp.com\/minutobahia24h.com.br\/wp-content\/uploads\/2025\/01\/Sem-titulo-485.jpg?resize=750%2C394&amp;ssl=1 750w, https:\/\/i0.wp.com\/minutobahia24h.com.br\/wp-content\/uploads\/2025\/01\/Sem-titulo-485.jpg?resize=1140%2C599&amp;ssl=1 1140w, https:\/\/i0.wp.com\/minutobahia24h.com.br\/wp-content\/uploads\/2025\/01\/Sem-titulo-485.jpg?w=1200&amp;ssl=1 1200w\" sizes=\"(max-width: 800px) 100vw, 800px\" \/><figcaption class=\"wp-element-caption\">Foto: Ag\u00eancia Brasil<br><\/figcaption><\/figure>\n<\/div>\n\n\n<p>A defesa do ex-presidente Jair Bolsonaro (PL) criticou neste domingo (26) o vazamento da \u00edntegra da primeira parte da dela\u00e7\u00e3o de Mauro Cid e chamou a investiga\u00e7\u00e3o de &#8220;semissecreta&#8221;, sem acesso pleno dos advogados \u00e0s informa\u00e7\u00f5es. O depoimento do tenente-coronel \u00e0 Pol\u00edcia Federal em agosto de 2023 foi obtido pelo colunista Elio Gaspari. \u00a0<\/p>\n\n\n\n<p>O militar citou 20 nomes que estariam envolvidos na trama golpista, mas nem todos foram indiciados mais de um ano depois pelos crimes de aboli\u00e7\u00e3o violenta do Estado democr\u00e1tico de Direito, golpe de Estado e organiza\u00e7\u00e3o criminosa. \u00a0<\/p>\n\n\n\n<p>Assinada pelos advogados Paulo Cunha Bueno, Daniel Tesser e Celso Sanchez Vilardi, a nota da defesa de Bolsonaro &#8220;manifesta sua indigna\u00e7\u00e3o diante de novos &#8216;vazamentos seletivos&#8217;, assim como seu inconformismo diante do fato de que, enquanto lhe \u00e9 sonegado acesso legal \u00e0 integralidade da referida colabora\u00e7\u00e3o, seu conte\u00fado, por outro lado, veio e continua sendo repetidamente publicizado em ve\u00edculos de comunica\u00e7\u00e3o&#8221;. \u00a0<\/p>\n\n\n\n<p>Os advogados afirmam que a divulga\u00e7\u00e3o da \u00edntegra prejudica o direito de ampla defesa e que &#8220;\u00e0s defesas \u00e9 dado acesso seletivo de informa\u00e7\u00f5es, impedindo o contexto total dos elementos de prova&#8221;. \u00a0<\/p>\n\n\n\n<p>&#8220;Investiga\u00e7\u00f5es &#8216;semissecretas&#8217; s\u00e3o incompat\u00edveis com o Estado democr\u00e1tico de Direito, que nosso ordenamento busca preservar&#8221;, afirma. \u00a0<\/p>\n\n\n\n<p>Alguns pontos do primeiro depoimento de Cid j\u00e1 eram conhecidos -inclusive por terem embasado o relat\u00f3rio final da PF sobre a tentativa de golpe no entorno de Bolsonaro (PL)-, mas, at\u00e9 ent\u00e3o, n\u00e3o era conhecida a totalidade do documento. <\/p>\n\n\n\n<p>O ex-presidente \u00e9 citado na dela\u00e7\u00e3o, em que Cid afirma que Bolsonaro trabalhava com duas hip\u00f3teses para reverter o resultado da elei\u00e7\u00e3o de Lula. Uma seria encontrar fraudes nas urnas, o que um grupo pr\u00f3ximo a Bolsonaro n\u00e3o conseguiu fazer, e outra seria convencer as For\u00e7as Armadas a aderirem a um golpe de Estado. \u00a0<\/p>\n\n\n\n<p>Outro citado, o senador Jorge Seif (PL-SC), tamb\u00e9m se manifestou sobre o caso, dizendo serem &#8220;falaciosas, absurdas e mentirosas&#8221; as declara\u00e7\u00f5es de Cid. Seif foi classificado pelo tenente-coronel como parte da ala mais radical pr\u00f3xima ao ex-presidente, que o teria incentivado a tentar dar um golpe.<\/p>\n\n\n\n<p>&#8220;Jamais ouvi, abordei ou insinuei nada sobre o suposto golpe com o presidente da Rep\u00fablica nem com quaisquer dos citados na dela\u00e7\u00e3o vazada. O conte\u00fado do depoimento ilegalmente vazado \u00e9 apenas uma opini\u00e3o de &#8220;classifica\u00e7\u00e3o&#8221; que me inclui de forma criminosa como parte de um grupo fict\u00edcio, e n\u00e3o cont\u00e9m nenhum relato de fato espec\u00edfico sobre participa\u00e7\u00e3o minha que jamais existiu&#8221;, afirmou Seif em nota.\u00a0<\/p>\n\n\n\n<p>Ele negou que tenha, em encontros com Bolsonaro, &#8220;abordado ou insinuado decreta\u00e7\u00e3o de interven\u00e7\u00e3o ou outras medidas de exce\u00e7\u00e3o, o que prova que o depoimento vazado \u00e9 completamente inver\u00eddico&#8221;.\u00a0<\/p>\n\n\n\n<p>A reportagem tentou contato com as outras pessoas citadas por Cid no depoimento vazado. Al\u00e9m de n\u00e3o terem respondido, integrantes da fam\u00edlia Bolsonaro, como a ex-primeira-dama Michelle, silenciaram sobre o tema por enquanto nas redes sociais.\u00a0<\/p>\n\n\n\n<p>Michelle \u00e9 citada por Cid, ao lado do deputado federal Eduardo Bolsonaro (PL-SP), como integrante do grupo mais radical que teria instigado o ex-presidente a dar um golpe de Estado.\u00a0<\/p>\n\n\n\n<p>O primeiro depoimento da colabora\u00e7\u00e3o premiada de Cid citou 9 das 40 pessoas indiciadas pela PF sob suspeita de participar de uma tentativa de golpe para impedir a posse de Lula.\u00a0<\/p>\n\n\n\n<p>No total, o tenente-coronel apontou mais nomes envolvidos na trama golpista. Aparecem na lista o general Walter Braga Netto, ex-ministro e candidato derrotado a vice-presidente, Paulo S\u00e9rgio Nogueira, ex-ministro da Defesa e ex-comandante do Ex\u00e9rcito, e Mario Fernandes, ex-n\u00famero dois da Secretaria-Geral da Presid\u00eancia, al\u00e9m de figuras como o ex-assessor de Bolsonaro Filipe Martins, considerado um dos principais articuladores do plano de golpe.\u00a0<\/p>\n\n\n\n<p>O depoimento tamb\u00e9m fala sobre a atua\u00e7\u00e3o do ex-comandante da Marinha almirante Almir Garnier, que teria colocado as tropas \u00e0 disposi\u00e7\u00e3o do golpe, e aborda a atua\u00e7\u00e3o do presidente do PL, Valdemar Costa Neto, que teria tentado encontrar fraudes nas urnas, al\u00e9m de outros nomes.\u00a0<\/p>\n\n\n\n<p>A dela\u00e7\u00e3o premiada de Cid foi homologada pelo STF (Supremo Tribunal Federal) em setembro de 2023 e chegou a ter a validade posta em xeque depois que o militar apresentou comportamento identificado como omisso e com contradi\u00e7\u00f5es junto a apura\u00e7\u00f5es da PF. O acordo, entretanto, foi mantido pelo ministro Alexandre de Moraes ap\u00f3s o militar prestar esclarecimentos.\u00a0<\/p>\n\n\n\n<p>A defesa de Filipe Martins j\u00e1 disse que o indiciamento foi &#8220;fabricado inteiramente com base em ila\u00e7\u00f5es e narrativas fantasiosas -jamais em fatos e evid\u00eancias concretas&#8221;, sendo &#8220;ris\u00edvel e juridicamente insustent\u00e1vel&#8221;. \u00a0<\/p>\n\n\n\n<p>J\u00e1 a defesa do general Estevam Theophilo, ex-chefe do Comando de Opera\u00e7\u00f5es Terrestres, afirmou em outras ocasi\u00f5es que o militar n\u00e3o recebeu nenhuma minuta golpista no per\u00edodo. No primeiro depoimento de Cid, o militar \u00e9 descrito como legalista.<\/p>\n\n\n\n<p>BN<\/p>\n","protected":false},"excerpt":{"rendered":"<p>A defesa do ex-presidente Jair Bolsonaro (PL) criticou neste domingo (26) o vazamento da \u00edntegra da primeira parte da dela\u00e7\u00e3o de Mauro Cid e chamou a investiga\u00e7\u00e3o de &#8220;semissecreta&#8221;, sem acesso pleno dos advogados \u00e0s informa\u00e7\u00f5es. O depoimento do tenente-coronel \u00e0 Pol\u00edcia Federal em agosto de 2023 foi obtido pelo colunista Elio Gaspari. \u00a0 O [&hellip;]<\/p>\n","protected":false},"author":2,"featured_media":23251,"comment_status":"open","ping_status":"open","sticky":false,"template":"","format":"standard","meta":{"_jetpack_memberships_contains_paid_content":false,"footnotes":""},"categories":[46],"tags":[],"class_list":["post-23250","post","type-post","status-publish","format-standard","has-post-thumbnail","hentry","category-noticia"],"aioseo_notices":[],"jetpack_featured_media_url":"https:\/\/i0.wp.com\/minutobahia24h.com.br\/wp-content\/uploads\/2025\/01\/Sem-titulo-485.jpg?fit=1200%2C630&ssl=1","jetpack_sharing_enabled":true,"_links":{"self":[{"href":"https:\/\/minutobahia24h.com.br\/index.php?rest_route=\/wp\/v2\/posts\/23250","targetHints":{"allow":["GET"]}}],"collection":[{"href":"https:\/\/minutobahia24h.com.br\/index.php?rest_route=\/wp\/v2\/posts"}],"about":[{"href":"https:\/\/minutobahia24h.com.br\/index.php?rest_route=\/wp\/v2\/types\/post"}],"author":[{"embeddable":true,"href":"https:\/\/minutobahia24h.com.br\/index.php?rest_route=\/wp\/v2\/users\/2"}],"replies":[{"embeddable":true,"href":"https:\/\/minutobahia24h.com.br\/index.php?rest_route=%2Fwp%2Fv2%2Fcomments&post=23250"}],"version-history":[{"count":1,"href":"https:\/\/minutobahia24h.com.br\/index.php?rest_route=\/wp\/v2\/posts\/23250\/revisions"}],"predecessor-version":[{"id":23252,"href":"https:\/\/minutobahia24h.com.br\/index.php?rest_route=\/wp\/v2\/posts\/23250\/revisions\/23252"}],"wp:featuredmedia":[{"embeddable":true,"href":"https:\/\/minutobahia24h.com.br\/index.php?rest_route=\/wp\/v2\/media\/23251"}],"wp:attachment":[{"href":"https:\/\/minutobahia24h.com.br\/index.php?rest_route=%2Fwp%2Fv2%2Fmedia&parent=23250"}],"wp:term":[{"taxonomy":"category","embeddable":true,"href":"https:\/\/minutobahia24h.com.br\/index.php?rest_route=%2Fwp%2Fv2%2Fcategories&post=23250"},{"taxonomy":"post_tag","embeddable":true,"href":"https:\/\/minutobahia24h.com.br\/index.php?rest_route=%2Fwp%2Fv2%2Ftags&post=23250"}],"curies":[{"name":"wp","href":"https:\/\/api.w.org\/{rel}","templated":true}]}}