{"id":23229,"date":"2025-01-27T07:14:42","date_gmt":"2025-01-27T10:14:42","guid":{"rendered":"https:\/\/minutobahia24h.com.br\/?p=23229"},"modified":"2025-01-27T07:14:43","modified_gmt":"2025-01-27T10:14:43","slug":"vereador-de-cansancao-ze-valmir-morre-aos-48-anos","status":"publish","type":"post","link":"https:\/\/minutobahia24h.com.br\/?p=23229","title":{"rendered":"Vereador de Cansan\u00e7\u00e3o, \u2018Z\u00e9 Valmir\u2019 morre aos 48 anos"},"content":{"rendered":"<div class=\"wp-block-image\">\n<figure class=\"aligncenter size-large\"><img data-recalc-dims=\"1\" fetchpriority=\"high\" decoding=\"async\" width=\"800\" height=\"601\" src=\"https:\/\/i0.wp.com\/minutobahia24h.com.br\/wp-content\/uploads\/2025\/01\/Sem-titulo-478-1024x769.jpg?resize=800%2C601&#038;ssl=1\" alt=\"\" class=\"wp-image-23230\" srcset=\"https:\/\/i0.wp.com\/minutobahia24h.com.br\/wp-content\/uploads\/2025\/01\/Sem-titulo-478.jpg?resize=1024%2C769&amp;ssl=1 1024w, https:\/\/i0.wp.com\/minutobahia24h.com.br\/wp-content\/uploads\/2025\/01\/Sem-titulo-478.jpg?resize=300%2C225&amp;ssl=1 300w, https:\/\/i0.wp.com\/minutobahia24h.com.br\/wp-content\/uploads\/2025\/01\/Sem-titulo-478.jpg?resize=768%2C577&amp;ssl=1 768w, https:\/\/i0.wp.com\/minutobahia24h.com.br\/wp-content\/uploads\/2025\/01\/Sem-titulo-478.jpg?resize=1536%2C1153&amp;ssl=1 1536w, https:\/\/i0.wp.com\/minutobahia24h.com.br\/wp-content\/uploads\/2025\/01\/Sem-titulo-478.jpg?resize=750%2C563&amp;ssl=1 750w, https:\/\/i0.wp.com\/minutobahia24h.com.br\/wp-content\/uploads\/2025\/01\/Sem-titulo-478.jpg?resize=1140%2C856&amp;ssl=1 1140w, https:\/\/i0.wp.com\/minutobahia24h.com.br\/wp-content\/uploads\/2025\/01\/Sem-titulo-478.jpg?w=1582&amp;ssl=1 1582w\" sizes=\"(max-width: 800px) 100vw, 800px\" \/><\/figure>\n<\/div>\n\n\n<p>O vereador de Cansan\u00e7\u00e3o, Jos\u00e9 Valmir Pereira Oliveira (MDB), de 48 anos, morreu na tarde deste domingo (26). A informa\u00e7\u00e3o foi confirmada ao Not\u00edcias de Queimadas e Regi\u00e3o por amigos do parlamentar.<\/p>\n\n\n\n<p>\u201cZ\u00e9 Valmir\u201d, como era conhecido, estava internado em Feira de Santana ap\u00f3s descobrir um c\u00e2ncer no c\u00e9rebro. Em dezembro do ano passado, deu entrada no Hospital Nossa Senhora Santana com perda de consci\u00eancia.<\/p>\n\n\n\n<p>O parlamentar foi eleito com 445 votos nas elei\u00e7\u00f5es de 2024, ap\u00f3s tentar v\u00e1rias vezes. O corpo deve ser enterrado em Cansan\u00e7\u00e3o, nesta segunda.<\/p>\n\n\n\n<p>\u201cZ\u00e9 Valmir\u201d chegou a ser diplomado em dezembro, mas a posse j\u00e1 aconteceu de forma h\u00edbrida. Agora, quem assume a cadeira \u00e9 Datinho. <\/p>\n\n\n\n<p>(Noticias de Queimadas).<\/p>\n","protected":false},"excerpt":{"rendered":"<p>O vereador de Cansan\u00e7\u00e3o, Jos\u00e9 Valmir Pereira Oliveira (MDB), de 48 anos, morreu na tarde deste domingo (26). A informa\u00e7\u00e3o foi confirmada ao Not\u00edcias de Queimadas e Regi\u00e3o por amigos do parlamentar. \u201cZ\u00e9 Valmir\u201d, como era conhecido, estava internado em Feira de Santana ap\u00f3s descobrir um c\u00e2ncer no c\u00e9rebro. Em dezembro do ano passado, deu [&hellip;]<\/p>\n","protected":false},"author":2,"featured_media":23230,"comment_status":"open","ping_status":"open","sticky":false,"template":"","format":"standard","meta":{"_jetpack_memberships_contains_paid_content":false,"footnotes":""},"categories":[3],"tags":[],"class_list":["post-23229","post","type-post","status-publish","format-standard","has-post-thumbnail","hentry","category-regional"],"aioseo_notices":[],"jetpack_featured_media_url":"https:\/\/i0.wp.com\/minutobahia24h.com.br\/wp-content\/uploads\/2025\/01\/Sem-titulo-478.jpg?fit=1582%2C1188&ssl=1","jetpack_sharing_enabled":true,"_links":{"self":[{"href":"https:\/\/minutobahia24h.com.br\/index.php?rest_route=\/wp\/v2\/posts\/23229","targetHints":{"allow":["GET"]}}],"collection":[{"href":"https:\/\/minutobahia24h.com.br\/index.php?rest_route=\/wp\/v2\/posts"}],"about":[{"href":"https:\/\/minutobahia24h.com.br\/index.php?rest_route=\/wp\/v2\/types\/post"}],"author":[{"embeddable":true,"href":"https:\/\/minutobahia24h.com.br\/index.php?rest_route=\/wp\/v2\/users\/2"}],"replies":[{"embeddable":true,"href":"https:\/\/minutobahia24h.com.br\/index.php?rest_route=%2Fwp%2Fv2%2Fcomments&post=23229"}],"version-history":[{"count":1,"href":"https:\/\/minutobahia24h.com.br\/index.php?rest_route=\/wp\/v2\/posts\/23229\/revisions"}],"predecessor-version":[{"id":23231,"href":"https:\/\/minutobahia24h.com.br\/index.php?rest_route=\/wp\/v2\/posts\/23229\/revisions\/23231"}],"wp:featuredmedia":[{"embeddable":true,"href":"https:\/\/minutobahia24h.com.br\/index.php?rest_route=\/wp\/v2\/media\/23230"}],"wp:attachment":[{"href":"https:\/\/minutobahia24h.com.br\/index.php?rest_route=%2Fwp%2Fv2%2Fmedia&parent=23229"}],"wp:term":[{"taxonomy":"category","embeddable":true,"href":"https:\/\/minutobahia24h.com.br\/index.php?rest_route=%2Fwp%2Fv2%2Fcategories&post=23229"},{"taxonomy":"post_tag","embeddable":true,"href":"https:\/\/minutobahia24h.com.br\/index.php?rest_route=%2Fwp%2Fv2%2Ftags&post=23229"}],"curies":[{"name":"wp","href":"https:\/\/api.w.org\/{rel}","templated":true}]}}