{"id":23226,"date":"2025-01-27T07:12:30","date_gmt":"2025-01-27T10:12:30","guid":{"rendered":"https:\/\/minutobahia24h.com.br\/?p=23226"},"modified":"2025-01-27T07:12:32","modified_gmt":"2025-01-27T10:12:32","slug":"vigilante-e-executado-em-frente-a-secretaria-municipal-de-educacao-de-feira-de-santana","status":"publish","type":"post","link":"https:\/\/minutobahia24h.com.br\/?p=23226","title":{"rendered":"Vigilante \u00e9 executado em frente \u00e0 Secretaria Municipal de Educa\u00e7\u00e3o de Feira de Santana"},"content":{"rendered":"<div class=\"wp-block-image\">\n<figure class=\"aligncenter size-full\"><img data-recalc-dims=\"1\" fetchpriority=\"high\" decoding=\"async\" width=\"539\" height=\"404\" src=\"https:\/\/i0.wp.com\/minutobahia24h.com.br\/wp-content\/uploads\/2025\/01\/Sem-titulo-477.jpg?resize=539%2C404&#038;ssl=1\" alt=\"\" class=\"wp-image-23227\" srcset=\"https:\/\/i0.wp.com\/minutobahia24h.com.br\/wp-content\/uploads\/2025\/01\/Sem-titulo-477.jpg?w=539&amp;ssl=1 539w, https:\/\/i0.wp.com\/minutobahia24h.com.br\/wp-content\/uploads\/2025\/01\/Sem-titulo-477.jpg?resize=300%2C225&amp;ssl=1 300w\" sizes=\"(max-width: 539px) 100vw, 539px\" \/><\/figure>\n<\/div>\n\n\n<p>Na manh\u00e3 deste domingo (26), Josel Borges da Cruz, de 58 anos, foi morto a tiros na Rua Bar\u00e3o de Cotegipe, em Feira de Santana, em frente \u00e0 Secretaria Municipal de Educa\u00e7\u00e3o. A v\u00edtima foi atingida na cabe\u00e7a por disparos de arma de fogo calibre 9 mil\u00edmetros. C\u00e1psulas do proj\u00e9til foram encontradas ao redor do corpo.<\/p>\n\n\n\n<p>De acordo com informa\u00e7\u00f5es preliminares, Josel trabalhava como vigilante em dois postos de combust\u00edveis da mesma rede e foi atacado ap\u00f3s sair do turno de trabalho. Ele costumava carregar seus pertences em uma mochila, que n\u00e3o foi localizada no local do crime, registrado por volta das 6h da manh\u00e3.<a><\/a><\/p>\n\n\n\n<p>A delegada Thiara Martins, respons\u00e1vel pelo caso, relatou ao rep\u00f3rter Denivaldo Costa, da R\u00e1dio Suba\u00e9, que as caracter\u00edsticas da a\u00e7\u00e3o apontam para uma execu\u00e7\u00e3o.<\/p>\n\n\n\n<p>\u201cPela forma do corpo e pelas informa\u00e7\u00f5es preliminares, entendemos que se trata de uma execu\u00e7\u00e3o, com todos os disparos voltados para a regi\u00e3o da cabe\u00e7a, disparos de proximidade, \u00e0 curta dist\u00e2ncia\u201d, explicou.<\/p>\n\n\n\n<p>As investiga\u00e7\u00f5es iniciais indicam a participa\u00e7\u00e3o de dois indiv\u00edduos em uma motocicleta, possivelmente trajando uniformes de aplicativos de transporte.<\/p>\n\n\n\n<p>\u201cEssas informa\u00e7\u00f5es ainda precisam ser confirmadas, mas, pela posi\u00e7\u00e3o do corpo e pelas poucas informa\u00e7\u00f5es dispon\u00edveis, nosso direcionamento neste momento \u00e9 para um homic\u00eddio\u201d, acrescentou a delegada.<\/p>\n\n\n\n<p>abahiaacontece<\/p>\n","protected":false},"excerpt":{"rendered":"<p>Na manh\u00e3 deste domingo (26), Josel Borges da Cruz, de 58 anos, foi morto a tiros na Rua Bar\u00e3o de Cotegipe, em Feira de Santana, em frente \u00e0 Secretaria Municipal de Educa\u00e7\u00e3o. A v\u00edtima foi atingida na cabe\u00e7a por disparos de arma de fogo calibre 9 mil\u00edmetros. C\u00e1psulas do proj\u00e9til foram encontradas ao redor do [&hellip;]<\/p>\n","protected":false},"author":2,"featured_media":23227,"comment_status":"open","ping_status":"open","sticky":false,"template":"","format":"standard","meta":{"_jetpack_memberships_contains_paid_content":false,"footnotes":""},"categories":[3],"tags":[],"class_list":["post-23226","post","type-post","status-publish","format-standard","has-post-thumbnail","hentry","category-regional"],"aioseo_notices":[],"jetpack_featured_media_url":"https:\/\/i0.wp.com\/minutobahia24h.com.br\/wp-content\/uploads\/2025\/01\/Sem-titulo-477.jpg?fit=539%2C404&ssl=1","jetpack_sharing_enabled":true,"_links":{"self":[{"href":"https:\/\/minutobahia24h.com.br\/index.php?rest_route=\/wp\/v2\/posts\/23226","targetHints":{"allow":["GET"]}}],"collection":[{"href":"https:\/\/minutobahia24h.com.br\/index.php?rest_route=\/wp\/v2\/posts"}],"about":[{"href":"https:\/\/minutobahia24h.com.br\/index.php?rest_route=\/wp\/v2\/types\/post"}],"author":[{"embeddable":true,"href":"https:\/\/minutobahia24h.com.br\/index.php?rest_route=\/wp\/v2\/users\/2"}],"replies":[{"embeddable":true,"href":"https:\/\/minutobahia24h.com.br\/index.php?rest_route=%2Fwp%2Fv2%2Fcomments&post=23226"}],"version-history":[{"count":1,"href":"https:\/\/minutobahia24h.com.br\/index.php?rest_route=\/wp\/v2\/posts\/23226\/revisions"}],"predecessor-version":[{"id":23228,"href":"https:\/\/minutobahia24h.com.br\/index.php?rest_route=\/wp\/v2\/posts\/23226\/revisions\/23228"}],"wp:featuredmedia":[{"embeddable":true,"href":"https:\/\/minutobahia24h.com.br\/index.php?rest_route=\/wp\/v2\/media\/23227"}],"wp:attachment":[{"href":"https:\/\/minutobahia24h.com.br\/index.php?rest_route=%2Fwp%2Fv2%2Fmedia&parent=23226"}],"wp:term":[{"taxonomy":"category","embeddable":true,"href":"https:\/\/minutobahia24h.com.br\/index.php?rest_route=%2Fwp%2Fv2%2Fcategories&post=23226"},{"taxonomy":"post_tag","embeddable":true,"href":"https:\/\/minutobahia24h.com.br\/index.php?rest_route=%2Fwp%2Fv2%2Ftags&post=23226"}],"curies":[{"name":"wp","href":"https:\/\/api.w.org\/{rel}","templated":true}]}}