{"id":23162,"date":"2025-01-24T08:28:55","date_gmt":"2025-01-24T11:28:55","guid":{"rendered":"https:\/\/minutobahia24h.com.br\/?p=23162"},"modified":"2025-01-24T08:28:56","modified_gmt":"2025-01-24T11:28:56","slug":"eleicoes-2026-caiado-lancara-pre-campanha-a-presidencia-em-salvador-veja-data","status":"publish","type":"post","link":"https:\/\/minutobahia24h.com.br\/?p=23162","title":{"rendered":"Elei\u00e7\u00f5es 2026: Caiado lan\u00e7ar\u00e1 pr\u00e9-campanha \u00e0 Presid\u00eancia em Salvador; veja data"},"content":{"rendered":"<div class=\"wp-block-image\">\n<figure class=\"aligncenter size-full\"><img data-recalc-dims=\"1\" fetchpriority=\"high\" decoding=\"async\" width=\"600\" height=\"420\" src=\"https:\/\/i0.wp.com\/minutobahia24h.com.br\/wp-content\/uploads\/2025\/01\/Sem-titulo-463.jpg?resize=600%2C420&#038;ssl=1\" alt=\"\" class=\"wp-image-23163\" srcset=\"https:\/\/i0.wp.com\/minutobahia24h.com.br\/wp-content\/uploads\/2025\/01\/Sem-titulo-463.jpg?w=600&amp;ssl=1 600w, https:\/\/i0.wp.com\/minutobahia24h.com.br\/wp-content\/uploads\/2025\/01\/Sem-titulo-463.jpg?resize=300%2C210&amp;ssl=1 300w\" sizes=\"(max-width: 600px) 100vw, 600px\" \/><figcaption class=\"wp-element-caption\">Foto: Jos\u00e9 Cruz\/Ag\u00eancia Brasil<\/figcaption><\/figure>\n<\/div>\n\n\n<p>O governador de Goi\u00e1s, Ronaldo Caiado (Uni\u00e3o Brasil), anunciou que o in\u00edcio de sua pr\u00e9-candidatura \u00e0 Presid\u00eancia da Rep\u00fablica ser\u00e1 em Salvador. O gestor estar\u00e1 na capital baiana no dia 28 de mar\u00e7o para receber a Comenda 2 de Julho na Assembleia Legislativa da Bahia (Alba).<\/p>\n\n\n\n<p>A escolha de Salvador faz parte da estrat\u00e9gia de Caiado de se aproximar do eleitorado nordestino. O lan\u00e7amento contar\u00e1 com um \u201ctour\u201d pela regi\u00e3o, marcando o in\u00edcio oficial de sua corrida ao Pal\u00e1cio do Planalto.<\/p>\n\n\n\n<p>O governador tamb\u00e9m planeja a participa\u00e7\u00e3o do cantor sertanejo Gusttavo Lima no evento, como uma forma de alavancar a sua imagem.<\/p>\n\n\n\n<p>Considerado um dos principais nomes da direita, Ronaldo Caiado busca conquistar o eleitorado que ficou \u00f3rf\u00e3o ap\u00f3s a inelegibilidade de Jair Bolsonaro (PL), que est\u00e1 vigente at\u00e9 2030.<\/p>\n\n\n\n<p>Entre os poss\u00edveis concorrentes, desponta o governador de S\u00e3o Paulo, Tarc\u00edsio de Freitas (Republicanos), tamb\u00e9m visto como uma figura forte na disputa presidencial. O republicano tamb\u00e9m est\u00e1 no rol dos homenageados com a Comenda 2 de Julho.<\/p>\n\n\n\n<p>Bahia.ba<\/p>\n","protected":false},"excerpt":{"rendered":"<p>O governador de Goi\u00e1s, Ronaldo Caiado (Uni\u00e3o Brasil), anunciou que o in\u00edcio de sua pr\u00e9-candidatura \u00e0 Presid\u00eancia da Rep\u00fablica ser\u00e1 em Salvador. O gestor estar\u00e1 na capital baiana no dia 28 de mar\u00e7o para receber a Comenda 2 de Julho na Assembleia Legislativa da Bahia (Alba). A escolha de Salvador faz parte da estrat\u00e9gia de [&hellip;]<\/p>\n","protected":false},"author":2,"featured_media":23163,"comment_status":"open","ping_status":"open","sticky":false,"template":"","format":"standard","meta":{"_jetpack_memberships_contains_paid_content":false,"footnotes":""},"categories":[39],"tags":[],"class_list":["post-23162","post","type-post","status-publish","format-standard","has-post-thumbnail","hentry","category-politica"],"aioseo_notices":[],"jetpack_featured_media_url":"https:\/\/i0.wp.com\/minutobahia24h.com.br\/wp-content\/uploads\/2025\/01\/Sem-titulo-463.jpg?fit=600%2C420&ssl=1","jetpack_sharing_enabled":true,"_links":{"self":[{"href":"https:\/\/minutobahia24h.com.br\/index.php?rest_route=\/wp\/v2\/posts\/23162","targetHints":{"allow":["GET"]}}],"collection":[{"href":"https:\/\/minutobahia24h.com.br\/index.php?rest_route=\/wp\/v2\/posts"}],"about":[{"href":"https:\/\/minutobahia24h.com.br\/index.php?rest_route=\/wp\/v2\/types\/post"}],"author":[{"embeddable":true,"href":"https:\/\/minutobahia24h.com.br\/index.php?rest_route=\/wp\/v2\/users\/2"}],"replies":[{"embeddable":true,"href":"https:\/\/minutobahia24h.com.br\/index.php?rest_route=%2Fwp%2Fv2%2Fcomments&post=23162"}],"version-history":[{"count":1,"href":"https:\/\/minutobahia24h.com.br\/index.php?rest_route=\/wp\/v2\/posts\/23162\/revisions"}],"predecessor-version":[{"id":23164,"href":"https:\/\/minutobahia24h.com.br\/index.php?rest_route=\/wp\/v2\/posts\/23162\/revisions\/23164"}],"wp:featuredmedia":[{"embeddable":true,"href":"https:\/\/minutobahia24h.com.br\/index.php?rest_route=\/wp\/v2\/media\/23163"}],"wp:attachment":[{"href":"https:\/\/minutobahia24h.com.br\/index.php?rest_route=%2Fwp%2Fv2%2Fmedia&parent=23162"}],"wp:term":[{"taxonomy":"category","embeddable":true,"href":"https:\/\/minutobahia24h.com.br\/index.php?rest_route=%2Fwp%2Fv2%2Fcategories&post=23162"},{"taxonomy":"post_tag","embeddable":true,"href":"https:\/\/minutobahia24h.com.br\/index.php?rest_route=%2Fwp%2Fv2%2Ftags&post=23162"}],"curies":[{"name":"wp","href":"https:\/\/api.w.org\/{rel}","templated":true}]}}