{"id":23159,"date":"2025-01-24T08:27:38","date_gmt":"2025-01-24T11:27:38","guid":{"rendered":"https:\/\/minutobahia24h.com.br\/?p=23159"},"modified":"2025-01-24T08:27:40","modified_gmt":"2025-01-24T11:27:40","slug":"regime-semipresidencialista-no-brasil-esta-na-agenda-para-2025-afirma-ministro","status":"publish","type":"post","link":"https:\/\/minutobahia24h.com.br\/?p=23159","title":{"rendered":"Regime semipresidencialista no Brasil \u2018est\u00e1 na agenda para 2025\u2019, afirma ministro"},"content":{"rendered":"<div class=\"wp-block-image\">\n<figure class=\"aligncenter size-full\"><img data-recalc-dims=\"1\" fetchpriority=\"high\" decoding=\"async\" width=\"600\" height=\"420\" src=\"https:\/\/i0.wp.com\/minutobahia24h.com.br\/wp-content\/uploads\/2025\/01\/Sem-titulo-462.jpg?resize=600%2C420&#038;ssl=1\" alt=\"\" class=\"wp-image-23160\" srcset=\"https:\/\/i0.wp.com\/minutobahia24h.com.br\/wp-content\/uploads\/2025\/01\/Sem-titulo-462.jpg?w=600&amp;ssl=1 600w, https:\/\/i0.wp.com\/minutobahia24h.com.br\/wp-content\/uploads\/2025\/01\/Sem-titulo-462.jpg?resize=300%2C210&amp;ssl=1 300w\" sizes=\"(max-width: 600px) 100vw, 600px\" \/><figcaption class=\"wp-element-caption\">Foto: Antonio Cruz\/ Ag\u00eancia Brasil<\/figcaption><\/figure>\n<\/div>\n\n\n<p>A ado\u00e7\u00e3o do semipresidencialismo no Brasil \u201cest\u00e1 na agenda para 2025\u201d e \u00e9 um tema sobre o qual o STF (Supremo Tribunal Federal) ter\u00e1 que trabalhar. A declara\u00e7\u00e3o foi dada nesta quinta-eira (23), pelo ministro da Corte, Gilmar Mendes, durante o f\u00f3rum empresarial do qual participa na Su\u00ed\u00e7a.<\/p>\n\n\n\n<p>Para Mendes, o modelo atual do Brasil, o presidencialismo, necessita de ajustes. O magistrado apontou o impasse das emendas parlamentares como um problema causado pelo sistema e afirmou que os parlamentares executam estas verbas \u201csem qualquer responsabilidade\u201d.<\/p>\n\n\n\n<p>No semipresidencialismo, o presidente divide o poder com um primeiro-ministro, escolhido pelo Parlamento.<\/p>\n\n\n\n<p>A grande quet\u00e3o na atualidade s\u00e3o as emendas parlamentares, que t\u00eam abalado a rela\u00e7\u00e3o entre os tr\u00eas poderes, por permitirem que os congressistas direcionem recursos p\u00fablicos a projetos, sem a necessidade de prestar contas ou serem responsabilizados por sua execu\u00e7\u00e3o.<\/p>\n\n\n\n<p>Nesse contexto, isso resulta em um sistema no qual o poder Legislativo executa fun\u00e7\u00f5es de comum responsabilidade do Executivo. \u201cH\u00e1 reformas institucionais que precisam ser discutidas. Michel [Temer], eu e outros discutimos no Brasil l\u00e1 atr\u00e1s e chegamos a formular um projeto de semipresidencialismo\u201d, afirmou Mendes, durante sua fala no evento. \u201c\u00c9 um tema que certamente est\u00e1 na agenda de 2025 e sobre qual teremos que nos debru\u00e7ar\u201d, analisou Mendes.<\/p>\n\n\n\n<p>Bahia.ba<\/p>\n","protected":false},"excerpt":{"rendered":"<p>A ado\u00e7\u00e3o do semipresidencialismo no Brasil \u201cest\u00e1 na agenda para 2025\u201d e \u00e9 um tema sobre o qual o STF (Supremo Tribunal Federal) ter\u00e1 que trabalhar. A declara\u00e7\u00e3o foi dada nesta quinta-eira (23), pelo ministro da Corte, Gilmar Mendes, durante o f\u00f3rum empresarial do qual participa na Su\u00ed\u00e7a. Para Mendes, o modelo atual do Brasil, [&hellip;]<\/p>\n","protected":false},"author":2,"featured_media":23160,"comment_status":"open","ping_status":"open","sticky":false,"template":"","format":"standard","meta":{"_jetpack_memberships_contains_paid_content":false,"footnotes":""},"categories":[39],"tags":[],"class_list":["post-23159","post","type-post","status-publish","format-standard","has-post-thumbnail","hentry","category-politica"],"aioseo_notices":[],"jetpack_featured_media_url":"https:\/\/i0.wp.com\/minutobahia24h.com.br\/wp-content\/uploads\/2025\/01\/Sem-titulo-462.jpg?fit=600%2C420&ssl=1","jetpack_sharing_enabled":true,"_links":{"self":[{"href":"https:\/\/minutobahia24h.com.br\/index.php?rest_route=\/wp\/v2\/posts\/23159","targetHints":{"allow":["GET"]}}],"collection":[{"href":"https:\/\/minutobahia24h.com.br\/index.php?rest_route=\/wp\/v2\/posts"}],"about":[{"href":"https:\/\/minutobahia24h.com.br\/index.php?rest_route=\/wp\/v2\/types\/post"}],"author":[{"embeddable":true,"href":"https:\/\/minutobahia24h.com.br\/index.php?rest_route=\/wp\/v2\/users\/2"}],"replies":[{"embeddable":true,"href":"https:\/\/minutobahia24h.com.br\/index.php?rest_route=%2Fwp%2Fv2%2Fcomments&post=23159"}],"version-history":[{"count":1,"href":"https:\/\/minutobahia24h.com.br\/index.php?rest_route=\/wp\/v2\/posts\/23159\/revisions"}],"predecessor-version":[{"id":23161,"href":"https:\/\/minutobahia24h.com.br\/index.php?rest_route=\/wp\/v2\/posts\/23159\/revisions\/23161"}],"wp:featuredmedia":[{"embeddable":true,"href":"https:\/\/minutobahia24h.com.br\/index.php?rest_route=\/wp\/v2\/media\/23160"}],"wp:attachment":[{"href":"https:\/\/minutobahia24h.com.br\/index.php?rest_route=%2Fwp%2Fv2%2Fmedia&parent=23159"}],"wp:term":[{"taxonomy":"category","embeddable":true,"href":"https:\/\/minutobahia24h.com.br\/index.php?rest_route=%2Fwp%2Fv2%2Fcategories&post=23159"},{"taxonomy":"post_tag","embeddable":true,"href":"https:\/\/minutobahia24h.com.br\/index.php?rest_route=%2Fwp%2Fv2%2Ftags&post=23159"}],"curies":[{"name":"wp","href":"https:\/\/api.w.org\/{rel}","templated":true}]}}