{"id":23081,"date":"2025-01-23T07:53:53","date_gmt":"2025-01-23T10:53:53","guid":{"rendered":"https:\/\/minutobahia24h.com.br\/?p=23081"},"modified":"2025-01-23T07:53:55","modified_gmt":"2025-01-23T10:53:55","slug":"com-precos-em-alta-rui-costa-fala-em-intervencoes-do-governo-para-baratear-alimentos","status":"publish","type":"post","link":"https:\/\/minutobahia24h.com.br\/?p=23081","title":{"rendered":"Com pre\u00e7os em alta, Rui Costa fala em \u201cinterven\u00e7\u00f5es do governo\u201d para baratear alimentos"},"content":{"rendered":"<div class=\"wp-block-image\">\n<figure class=\"aligncenter size-full\"><img data-recalc-dims=\"1\" fetchpriority=\"high\" decoding=\"async\" width=\"554\" height=\"335\" src=\"https:\/\/i0.wp.com\/minutobahia24h.com.br\/wp-content\/uploads\/2025\/01\/Sem-titulo-437.jpg?resize=554%2C335&#038;ssl=1\" alt=\"\" class=\"wp-image-23082\" srcset=\"https:\/\/i0.wp.com\/minutobahia24h.com.br\/wp-content\/uploads\/2025\/01\/Sem-titulo-437.jpg?w=554&amp;ssl=1 554w, https:\/\/i0.wp.com\/minutobahia24h.com.br\/wp-content\/uploads\/2025\/01\/Sem-titulo-437.jpg?resize=300%2C181&amp;ssl=1 300w\" sizes=\"(max-width: 554px) 100vw, 554px\" \/><figcaption class=\"wp-element-caption\">Procurada pela CNN, Casa Civil afirmou que ainda n\u00e3o \u00e9 poss\u00edvel avan\u00e7ar no detalhamento das medidas<\/figcaption><\/figure>\n<\/div>\n\n\n<p>O ministro da Casa Civil, Rui Costa, afirmou, nesta quarta-feira (22) que o governo busca solu\u00e7\u00f5es para baratear o pre\u00e7o dos alimentos. \u201cVamos fazer algumas reuni\u00f5es com Minist\u00e9rio da Agricultura, Minist\u00e9rio do Desenvolvimento Agr\u00e1rio e Minist\u00e9rio da Fazenda para buscar conjunto de interven\u00e7\u00f5es que sinalizem para o barateamento dos alimentos\u201d, disse o ministro.<\/p>\n\n\n\n<p>O ministro tamb\u00e9m afirmou que o governo deve se reunir com produtores para buscar solu\u00e7\u00f5es. Costa n\u00e3o deu mais detalhes de como esse barateamento seria feito. Procurada pela CNN, a Casa Civil afirmou que ainda n\u00e3o \u00e9 poss\u00edvel avan\u00e7ar no detalhamento das medidas.<\/p>\n\n\n\n<p>\u201cA Casa Civil informa que n\u00e3o est\u00e1 em discuss\u00e3o interven\u00e7\u00e3o de forma artificial para reduzir pre\u00e7o dos alimentos. O governo ir\u00e1 discutir com os minist\u00e9rios e produtores de alimentos as medidas que poder\u00e3o ser implementadas. Ainda n\u00e3o \u00e9 poss\u00edvel avan\u00e7ar no detalhamento de tais medidas antes da realiza\u00e7\u00e3o das reuni\u00f5es que ir\u00e3o tratar do assunto\u201d, disse.<\/p>\n\n\n\n<p>Incertezas e infla\u00e7\u00e3o refletem no varejo, diz professora do Insper | Abertura de Mercado<\/p>\n\n\n\n<p>O \u00cdndice de Pre\u00e7os ao Consumidor Amplo (IPCA), indicador oficial de infla\u00e7\u00e3o do pa\u00eds, encerrou 2024 em 4,83%.<\/p>\n\n\n\n<p>O maior impacto sobre a infla\u00e7\u00e3o de 2024 veio do grupo Alimenta\u00e7\u00e3o e Bebidas, que acumulou alta de 7,69% em 12 meses e contribuiu com 1,63 pontos percentuais para o IPCA do ano. S\u00f3 as carnes registraram um aumento de 20,84% em 2024.<\/p>\n\n\n\n<p>CNN<\/p>\n","protected":false},"excerpt":{"rendered":"<p>O ministro da Casa Civil, Rui Costa, afirmou, nesta quarta-feira (22) que o governo busca solu\u00e7\u00f5es para baratear o pre\u00e7o dos alimentos. \u201cVamos fazer algumas reuni\u00f5es com Minist\u00e9rio da Agricultura, Minist\u00e9rio do Desenvolvimento Agr\u00e1rio e Minist\u00e9rio da Fazenda para buscar conjunto de interven\u00e7\u00f5es que sinalizem para o barateamento dos alimentos\u201d, disse o ministro. O ministro [&hellip;]<\/p>\n","protected":false},"author":2,"featured_media":23082,"comment_status":"open","ping_status":"open","sticky":false,"template":"","format":"standard","meta":{"_jetpack_memberships_contains_paid_content":false,"footnotes":""},"categories":[39],"tags":[],"class_list":["post-23081","post","type-post","status-publish","format-standard","has-post-thumbnail","hentry","category-politica"],"aioseo_notices":[],"jetpack_featured_media_url":"https:\/\/i0.wp.com\/minutobahia24h.com.br\/wp-content\/uploads\/2025\/01\/Sem-titulo-437.jpg?fit=554%2C335&ssl=1","jetpack_sharing_enabled":true,"_links":{"self":[{"href":"https:\/\/minutobahia24h.com.br\/index.php?rest_route=\/wp\/v2\/posts\/23081","targetHints":{"allow":["GET"]}}],"collection":[{"href":"https:\/\/minutobahia24h.com.br\/index.php?rest_route=\/wp\/v2\/posts"}],"about":[{"href":"https:\/\/minutobahia24h.com.br\/index.php?rest_route=\/wp\/v2\/types\/post"}],"author":[{"embeddable":true,"href":"https:\/\/minutobahia24h.com.br\/index.php?rest_route=\/wp\/v2\/users\/2"}],"replies":[{"embeddable":true,"href":"https:\/\/minutobahia24h.com.br\/index.php?rest_route=%2Fwp%2Fv2%2Fcomments&post=23081"}],"version-history":[{"count":1,"href":"https:\/\/minutobahia24h.com.br\/index.php?rest_route=\/wp\/v2\/posts\/23081\/revisions"}],"predecessor-version":[{"id":23083,"href":"https:\/\/minutobahia24h.com.br\/index.php?rest_route=\/wp\/v2\/posts\/23081\/revisions\/23083"}],"wp:featuredmedia":[{"embeddable":true,"href":"https:\/\/minutobahia24h.com.br\/index.php?rest_route=\/wp\/v2\/media\/23082"}],"wp:attachment":[{"href":"https:\/\/minutobahia24h.com.br\/index.php?rest_route=%2Fwp%2Fv2%2Fmedia&parent=23081"}],"wp:term":[{"taxonomy":"category","embeddable":true,"href":"https:\/\/minutobahia24h.com.br\/index.php?rest_route=%2Fwp%2Fv2%2Fcategories&post=23081"},{"taxonomy":"post_tag","embeddable":true,"href":"https:\/\/minutobahia24h.com.br\/index.php?rest_route=%2Fwp%2Fv2%2Ftags&post=23081"}],"curies":[{"name":"wp","href":"https:\/\/api.w.org\/{rel}","templated":true}]}}