{"id":23063,"date":"2025-01-23T07:34:20","date_gmt":"2025-01-23T10:34:20","guid":{"rendered":"https:\/\/minutobahia24h.com.br\/?p=23063"},"modified":"2025-01-23T07:34:22","modified_gmt":"2025-01-23T10:34:22","slug":"no-vermelho-debora-regis-veta-aumento-do-proprio-salario-e-do-vice-prefeito","status":"publish","type":"post","link":"https:\/\/minutobahia24h.com.br\/?p=23063","title":{"rendered":"No vermelho, D\u00e9bora Regis veta aumento do pr\u00f3prio sal\u00e1rio e do vice-prefeito"},"content":{"rendered":"<div class=\"wp-block-image\">\n<figure class=\"aligncenter size-full\"><img data-recalc-dims=\"1\" fetchpriority=\"high\" decoding=\"async\" width=\"598\" height=\"420\" src=\"https:\/\/i0.wp.com\/minutobahia24h.com.br\/wp-content\/uploads\/2025\/01\/Sem-titulo-431.jpg?resize=598%2C420&#038;ssl=1\" alt=\"\" class=\"wp-image-23064\" srcset=\"https:\/\/i0.wp.com\/minutobahia24h.com.br\/wp-content\/uploads\/2025\/01\/Sem-titulo-431.jpg?w=598&amp;ssl=1 598w, https:\/\/i0.wp.com\/minutobahia24h.com.br\/wp-content\/uploads\/2025\/01\/Sem-titulo-431.jpg?resize=300%2C211&amp;ssl=1 300w\" sizes=\"(max-width: 598px) 100vw, 598px\" \/><figcaption class=\"wp-element-caption\">Foto: Tiago Pacheco<\/figcaption><\/figure>\n<\/div>\n\n\n<p>Os sal\u00e1rios da prefeita de Lauro de Freitas, D\u00e9bora Regis (Uni\u00e3o Brasil) e do vice, Mateus Reis (Uni\u00e3o Brasil), n\u00e3o sofrer\u00e3o reajustes. O projeto aprovado pela C\u00e2mara Municipal no final do ano passado que alterava o valor salarial de ambos foi vetado por decis\u00e3o da gestora.<\/p>\n\n\n\n<p>Segundo a prefeita, em fun\u00e7\u00e3o da grave crise financeira herdada pela nova administra\u00e7\u00e3o, a medida \u00e9 para resgatar a cidade. \u201cDecidimos barrar o aumento do meu sal\u00e1rio e do vice-prefeito porque a prioridade, neste momento, \u00e9 resgatar nossa cidade. N\u00f3s vamos cortar na pr\u00f3pria carne para arrumar a casa, resolver os problemas e melhorar a vida das pessoas. O munic\u00edpio enfrenta uma situa\u00e7\u00e3o financeira grav\u00edssima, e a nossa responsabilidade \u00e9 com os servidores, os moradores e com o futuro de Lauro de Freitas\u201d, disse a prefeita.<\/p>\n\n\n\n<p>D\u00e9bora assumiu a prefeitura no in\u00edcio de janeiro com um rombo bilion\u00e1rio nas contas p\u00fablicas. O n\u00e3o pagamento da folha salarial de dezembro, que somava mais de R$ 42 milh\u00f5es, deixou servidores municipais em situa\u00e7\u00e3o de incerteza.<\/p>\n\n\n\n<p>Apesar das dificuldades, a prefeita j\u00e1 apresentou um calend\u00e1rio para o pagamento dos sal\u00e1rios atrasados at\u00e9 a pr\u00f3xima sexta-feira (24).<\/p>\n\n\n\n<p>Al\u00e9m dos sal\u00e1rios atrasados, a nova gest\u00e3o herdou d\u00edvidas milion\u00e1rias com fornecedores, atrasos no repasse de contribui\u00e7\u00f5es previdenci\u00e1rias e servi\u00e7os p\u00fablicos em estado de abandono.<\/p>\n\n\n\n<p>A cidade tamb\u00e9m enfrenta problemas de infraestrutura, ruas esburacadas, ilumina\u00e7\u00e3o p\u00fablica prec\u00e1ria e coleta de lixo ineficiente, exigindo uma atua\u00e7\u00e3o emergencial da administra\u00e7\u00e3o atual para restabelecer a normalidade.<\/p>\n\n\n\n<p>A prefeita reafirmou o compromisso de realizar uma gest\u00e3o eficiente e transparente, focada na recupera\u00e7\u00e3o financeira, melhoria dos servi\u00e7os p\u00fablicos e valoriza\u00e7\u00e3o dos trabalhadores municipais. \u201cEu j\u00e1 disse e vou repetir: n\u00f3s n\u00e3o vamos medir esfor\u00e7os para resolver os problemas de Lauro de Freitas. O povo confiou no nosso projeto para fazer essa transforma\u00e7\u00e3o e n\u00f3s n\u00e3o vamos decepcionar a popula\u00e7\u00e3o\u201d, declarou D\u00e9bora.<\/p>\n\n\n\n<p>Bahia.ba<\/p>\n","protected":false},"excerpt":{"rendered":"<p>Os sal\u00e1rios da prefeita de Lauro de Freitas, D\u00e9bora Regis (Uni\u00e3o Brasil) e do vice, Mateus Reis (Uni\u00e3o Brasil), n\u00e3o sofrer\u00e3o reajustes. O projeto aprovado pela C\u00e2mara Municipal no final do ano passado que alterava o valor salarial de ambos foi vetado por decis\u00e3o da gestora. Segundo a prefeita, em fun\u00e7\u00e3o da grave crise financeira [&hellip;]<\/p>\n","protected":false},"author":2,"featured_media":23064,"comment_status":"open","ping_status":"open","sticky":false,"template":"","format":"standard","meta":{"_jetpack_memberships_contains_paid_content":false,"footnotes":""},"categories":[39],"tags":[],"class_list":["post-23063","post","type-post","status-publish","format-standard","has-post-thumbnail","hentry","category-politica"],"aioseo_notices":[],"jetpack_featured_media_url":"https:\/\/i0.wp.com\/minutobahia24h.com.br\/wp-content\/uploads\/2025\/01\/Sem-titulo-431.jpg?fit=598%2C420&ssl=1","jetpack_sharing_enabled":true,"_links":{"self":[{"href":"https:\/\/minutobahia24h.com.br\/index.php?rest_route=\/wp\/v2\/posts\/23063","targetHints":{"allow":["GET"]}}],"collection":[{"href":"https:\/\/minutobahia24h.com.br\/index.php?rest_route=\/wp\/v2\/posts"}],"about":[{"href":"https:\/\/minutobahia24h.com.br\/index.php?rest_route=\/wp\/v2\/types\/post"}],"author":[{"embeddable":true,"href":"https:\/\/minutobahia24h.com.br\/index.php?rest_route=\/wp\/v2\/users\/2"}],"replies":[{"embeddable":true,"href":"https:\/\/minutobahia24h.com.br\/index.php?rest_route=%2Fwp%2Fv2%2Fcomments&post=23063"}],"version-history":[{"count":1,"href":"https:\/\/minutobahia24h.com.br\/index.php?rest_route=\/wp\/v2\/posts\/23063\/revisions"}],"predecessor-version":[{"id":23065,"href":"https:\/\/minutobahia24h.com.br\/index.php?rest_route=\/wp\/v2\/posts\/23063\/revisions\/23065"}],"wp:featuredmedia":[{"embeddable":true,"href":"https:\/\/minutobahia24h.com.br\/index.php?rest_route=\/wp\/v2\/media\/23064"}],"wp:attachment":[{"href":"https:\/\/minutobahia24h.com.br\/index.php?rest_route=%2Fwp%2Fv2%2Fmedia&parent=23063"}],"wp:term":[{"taxonomy":"category","embeddable":true,"href":"https:\/\/minutobahia24h.com.br\/index.php?rest_route=%2Fwp%2Fv2%2Fcategories&post=23063"},{"taxonomy":"post_tag","embeddable":true,"href":"https:\/\/minutobahia24h.com.br\/index.php?rest_route=%2Fwp%2Fv2%2Ftags&post=23063"}],"curies":[{"name":"wp","href":"https:\/\/api.w.org\/{rel}","templated":true}]}}