{"id":23039,"date":"2025-01-23T07:20:49","date_gmt":"2025-01-23T10:20:49","guid":{"rendered":"https:\/\/minutobahia24h.com.br\/?p=23039"},"modified":"2025-01-23T07:20:51","modified_gmt":"2025-01-23T10:20:51","slug":"gerente-da-embasa-e-preso-em-flagrante-por-crime-ambiental-na-bahia","status":"publish","type":"post","link":"https:\/\/minutobahia24h.com.br\/?p=23039","title":{"rendered":"Gerente da Embasa \u00e9 preso em flagrante por crime ambiental na Bahia"},"content":{"rendered":"<div class=\"wp-block-image\">\n<figure class=\"aligncenter size-full\"><img data-recalc-dims=\"1\" fetchpriority=\"high\" decoding=\"async\" width=\"700\" height=\"434\" src=\"https:\/\/i0.wp.com\/minutobahia24h.com.br\/wp-content\/uploads\/2025\/01\/Sem-titulo-423.jpg?resize=700%2C434&#038;ssl=1\" alt=\"\" class=\"wp-image-23040\" srcset=\"https:\/\/i0.wp.com\/minutobahia24h.com.br\/wp-content\/uploads\/2025\/01\/Sem-titulo-423.jpg?w=700&amp;ssl=1 700w, https:\/\/i0.wp.com\/minutobahia24h.com.br\/wp-content\/uploads\/2025\/01\/Sem-titulo-423.jpg?resize=300%2C186&amp;ssl=1 300w\" sizes=\"(max-width: 700px) 100vw, 700px\" \/><figcaption class=\"wp-element-caption\">Foto: Arquivo pessoal<\/figcaption><\/figure>\n<\/div>\n\n\n<p>O gerente regional da Empresa Baiana de \u00c1guas e Saneamento (Embasa) foi preso em flagrante na ter\u00e7a-feira (12), em Itamaraju, no extremo sul da Bahia, ap\u00f3s den\u00fancias de crime ambiental. Segundo investiga\u00e7\u00f5es, a empresa descartava materiais de forma irregular em buracos cavados inadequadamente em \u00e1reas pr\u00f3ximas a resid\u00eancias.<\/p>\n\n\n\n<p>A a\u00e7\u00e3o foi uma opera\u00e7\u00e3o conjunta do Minist\u00e9rio P\u00fablico da Bahia (MP-BA), da Secretaria de Meio Ambiente e da Pol\u00edcia Militar. Al\u00e9m da pris\u00e3o do gerente regional, a empresa dever\u00e1 pagar uma multa de R$ 318 mil por degrada\u00e7\u00e3o ambiental, oculta\u00e7\u00e3o de material e por causar \u00e0 popula\u00e7\u00e3o desconforto respirat\u00f3rio e olfativo.<\/p>\n\n\n\n<p>A TV Santa Cruz, afiliada do g1 em Itabuna, no sul da Bahia, pediu um posicionamento para a Embasa, que informou que est\u00e1 prestando todos os esclarecimentos \u00e0s autoridades.<\/p>\n\n\n\n<p>De acordo com o promotor de Justi\u00e7a Igor Saulo Ferreira Rocha Assun\u00e7\u00e3o, os materiais descartados de forma irregular eram:<\/p>\n\n\n\n<p>res\u00edduos s\u00f3lidos e l\u00edquidos;<br>detritos;<br>\u00f3leos;<br>subst\u00e2ncias oleosas.<\/p>\n\n\n\n<p><br>Esse descarte irregular infringe a Lei de Crimes Ambientais (Lei n\u00ba 9.605\/98, art. 54, \u00a72\u00ba, inciso V) e, al\u00e9m de causar polui\u00e7\u00e3o, gera um forte odor que foi percebido pela popula\u00e7\u00e3o da regi\u00e3o.<\/p>\n\n\n\n<p>Ap\u00f3s a pris\u00e3o, o gerente foi levado para a delegacia da cidade, onde pagou uma fian\u00e7a de R$ 15 mil para responder o processo em liberdade.<\/p>\n\n\n\n<p>Em depoimento, ele contou que na segunda-feira (11) havia tomado conhecimento da situa\u00e7\u00e3o atrav\u00e9s de um v\u00eddeo publicado nas redes sociais. Segundo o MP-BA, o gerente falhou em fiscalizar o descarte e evitar o crime, e a responsabilidade penal est\u00e1 relacionada ao cargo que ele ocupa na empresa.<\/p>\n\n\n\n<p>O promotor informou que oferecer\u00e1 den\u00fancia contra a Embasa e buscar\u00e1 indeniza\u00e7\u00e3o para os moradores afetados.G1 BA<\/p>\n","protected":false},"excerpt":{"rendered":"<p>O gerente regional da Empresa Baiana de \u00c1guas e Saneamento (Embasa) foi preso em flagrante na ter\u00e7a-feira (12), em Itamaraju, no extremo sul da Bahia, ap\u00f3s den\u00fancias de crime ambiental. Segundo investiga\u00e7\u00f5es, a empresa descartava materiais de forma irregular em buracos cavados inadequadamente em \u00e1reas pr\u00f3ximas a resid\u00eancias. A a\u00e7\u00e3o foi uma opera\u00e7\u00e3o conjunta do [&hellip;]<\/p>\n","protected":false},"author":2,"featured_media":23040,"comment_status":"open","ping_status":"open","sticky":false,"template":"","format":"standard","meta":{"_jetpack_memberships_contains_paid_content":false,"footnotes":""},"categories":[46],"tags":[],"class_list":["post-23039","post","type-post","status-publish","format-standard","has-post-thumbnail","hentry","category-noticia"],"aioseo_notices":[],"jetpack_featured_media_url":"https:\/\/i0.wp.com\/minutobahia24h.com.br\/wp-content\/uploads\/2025\/01\/Sem-titulo-423.jpg?fit=700%2C434&ssl=1","jetpack_sharing_enabled":true,"_links":{"self":[{"href":"https:\/\/minutobahia24h.com.br\/index.php?rest_route=\/wp\/v2\/posts\/23039","targetHints":{"allow":["GET"]}}],"collection":[{"href":"https:\/\/minutobahia24h.com.br\/index.php?rest_route=\/wp\/v2\/posts"}],"about":[{"href":"https:\/\/minutobahia24h.com.br\/index.php?rest_route=\/wp\/v2\/types\/post"}],"author":[{"embeddable":true,"href":"https:\/\/minutobahia24h.com.br\/index.php?rest_route=\/wp\/v2\/users\/2"}],"replies":[{"embeddable":true,"href":"https:\/\/minutobahia24h.com.br\/index.php?rest_route=%2Fwp%2Fv2%2Fcomments&post=23039"}],"version-history":[{"count":1,"href":"https:\/\/minutobahia24h.com.br\/index.php?rest_route=\/wp\/v2\/posts\/23039\/revisions"}],"predecessor-version":[{"id":23041,"href":"https:\/\/minutobahia24h.com.br\/index.php?rest_route=\/wp\/v2\/posts\/23039\/revisions\/23041"}],"wp:featuredmedia":[{"embeddable":true,"href":"https:\/\/minutobahia24h.com.br\/index.php?rest_route=\/wp\/v2\/media\/23040"}],"wp:attachment":[{"href":"https:\/\/minutobahia24h.com.br\/index.php?rest_route=%2Fwp%2Fv2%2Fmedia&parent=23039"}],"wp:term":[{"taxonomy":"category","embeddable":true,"href":"https:\/\/minutobahia24h.com.br\/index.php?rest_route=%2Fwp%2Fv2%2Fcategories&post=23039"},{"taxonomy":"post_tag","embeddable":true,"href":"https:\/\/minutobahia24h.com.br\/index.php?rest_route=%2Fwp%2Fv2%2Ftags&post=23039"}],"curies":[{"name":"wp","href":"https:\/\/api.w.org\/{rel}","templated":true}]}}