{"id":23032,"date":"2025-01-22T20:56:37","date_gmt":"2025-01-22T23:56:37","guid":{"rendered":"https:\/\/minutobahia24h.com.br\/?p=23032"},"modified":"2025-01-22T20:56:38","modified_gmt":"2025-01-22T23:56:38","slug":"secretario-de-cultura-targino-gondim-anuncia-retomada-do-sao-joao-de-juazeiro-este-ano-e-do-festival-internacional-da-sanfona","status":"publish","type":"post","link":"https:\/\/minutobahia24h.com.br\/?p=23032","title":{"rendered":"Secret\u00e1rio de Cultura Targino Gondim anuncia retomada do S\u00e3o Jo\u00e3o de Juazeiro este ano e do Festival Internacional da Sanfona"},"content":{"rendered":"<div class=\"wp-block-image\">\n<figure class=\"aligncenter size-full\"><img data-recalc-dims=\"1\" fetchpriority=\"high\" decoding=\"async\" width=\"700\" height=\"517\" src=\"https:\/\/i0.wp.com\/minutobahia24h.com.br\/wp-content\/uploads\/2025\/01\/Sem-titulo-421.jpg?resize=700%2C517&#038;ssl=1\" alt=\"\" class=\"wp-image-23033\" srcset=\"https:\/\/i0.wp.com\/minutobahia24h.com.br\/wp-content\/uploads\/2025\/01\/Sem-titulo-421.jpg?w=700&amp;ssl=1 700w, https:\/\/i0.wp.com\/minutobahia24h.com.br\/wp-content\/uploads\/2025\/01\/Sem-titulo-421.jpg?resize=300%2C222&amp;ssl=1 300w\" sizes=\"(max-width: 700px) 100vw, 700px\" \/><\/figure>\n<\/div>\n\n\n<p class=\"wp-block-paragraph\">Durante entrevista ao Programa Geraldo Jos\u00e9 (R\u00e1dio Juazeiro) na tarde desta quarta-feira (22) o novo Secret\u00e1rio de Cultura, Turismo e Esportes de Juazeiro Targino Gondim explicou as raz\u00f5es para n\u00e3o promover o carnaval em Juazeiro este ano.<\/p>\n\n\n\n<p class=\"wp-block-paragraph\">Targino disse que j\u00e1 est\u00e1 com aval do prefeito Andrei Gon\u00e7alves e buscando parcerias para retomar o S\u00e3o Jo\u00e3o de Juazeiro. Ele ainda explicou que ser\u00e1 retomado tamb\u00e9m o projeto do Festival Internacional da Sanfona.<\/p>\n\n\n\n<p class=\"wp-block-paragraph\">J\u00e1 para este final de semana Targino convidou a sociedade regional para o Festival de Ver\u00e3o Velho Chico, que acontecer\u00e1 de 24 a 26 de janeiro na orla II de Juazeiro e vai movimentar o esporte da regi\u00e3o.&nbsp;<\/p>\n\n\n\n<p class=\"wp-block-paragraph\">Ser\u00e3o tr\u00eas dias de competi\u00e7\u00f5es nas mais diversas modalidades. O evento \u00e9 uma parceria entre a SUDESB (Superintend\u00eancia de Desportos do Estado da Bahia), institui\u00e7\u00f5es privadas e o munic\u00edpio, e tem como objetivo incentivar pr\u00e1ticas esportivas e criar momentos inesquec\u00edveis para os atletas, fam\u00edlias e toda a comunidade local.<\/p>\n\n\n\n<p class=\"wp-block-paragraph\"><strong>Confira a entrevista no link abaixo:<\/strong><\/p>\n\n\n\n<figure class=\"wp-block-embed is-type-video is-provider-youtube wp-block-embed-youtube wp-embed-aspect-16-9 wp-has-aspect-ratio\"><div class=\"wp-block-embed__wrapper\">\n<iframe title=\"PROGRAMA GERALDO JOS\u00c9 - R\u00c1DIO JUAZEIRO - 22-01-2025\" width=\"800\" height=\"450\" data-src=\"https:\/\/www.youtube.com\/embed\/2sniIwYDLJI?feature=oembed\" frameborder=\"0\" allow=\"accelerometer; autoplay; clipboard-write; encrypted-media; gyroscope; picture-in-picture; web-share\" referrerpolicy=\"strict-origin-when-cross-origin\" allowfullscreen src=\"data:image\/gif;base64,R0lGODlhAQABAAAAACH5BAEKAAEALAAAAAABAAEAAAICTAEAOw==\" class=\"lazyload\" data-load-mode=\"1\"><\/iframe>\n<\/div><\/figure>\n\n\n\n<p class=\"wp-block-paragraph\">redegn<\/p>\n","protected":false},"excerpt":{"rendered":"<p>Durante entrevista ao Programa Geraldo Jos\u00e9 (R\u00e1dio Juazeiro) na tarde desta quarta-feira (22) o novo Secret\u00e1rio de Cultura, Turismo e Esportes de Juazeiro Targino Gondim explicou as raz\u00f5es para n\u00e3o promover o carnaval em Juazeiro este ano. Targino disse que j\u00e1 est\u00e1 com aval do prefeito Andrei Gon\u00e7alves e buscando parcerias para retomar o S\u00e3o [&hellip;]<\/p>\n","protected":false},"author":2,"featured_media":23033,"comment_status":"open","ping_status":"open","sticky":false,"template":"","format":"standard","meta":{"_jetpack_newsletter_access":"","_jetpack_dont_email_post_to_subs":false,"_jetpack_newsletter_tier_id":0,"_jetpack_memberships_contains_paywalled_content":false,"_jetpack_feature_clip_id":0,"_jetpack_memberships_contains_paid_content":false,"footnotes":"","jetpack_post_was_ever_published":false},"categories":[3],"tags":[],"class_list":["post-23032","post","type-post","status-publish","format-standard","has-post-thumbnail","hentry","category-regional"],"aioseo_notices":[],"aioseo_head":"\n\t\t<!-- All in One SEO 5.0.1.1 - aioseo.com -->\n\t<meta name=\"description\" content=\"Durante entrevista ao Programa Geraldo Jos\u00e9 (R\u00e1dio Juazeiro) na tarde desta quarta-feira (22) o novo Secret\u00e1rio de Cultura, Turismo e Esportes de Juazeiro Targino Gondim explicou as raz\u00f5es para n\u00e3o promover o carnaval em Juazeiro este ano. Targino disse que j\u00e1 est\u00e1 com aval do prefeito Andrei Gon\u00e7alves e buscando parcerias para retomar o S\u00e3o\" \/>\n\t<meta name=\"robots\" content=\"max-image-preview:large\" \/>\n\t<meta name=\"author\" content=\"andre\"\/>\n\t<link rel=\"canonical\" href=\"https:\/\/minutobahia24h.com.br\/?p=23032\" \/>\n\t<meta name=\"generator\" content=\"All in One SEO (AIOSEO) 5.0.1.1\" \/>\n\t\t<meta property=\"og:locale\" content=\"pt_BR\" \/>\n\t\t<meta property=\"og:site_name\" content=\"Minuto Bahia 24h - O seu portal de not\u00edcias\" \/>\n\t\t<meta property=\"og:type\" content=\"article\" \/>\n\t\t<meta property=\"og:title\" content=\"Secret\u00e1rio de Cultura Targino Gondim anuncia retomada do S\u00e3o Jo\u00e3o de Juazeiro este ano e do Festival Internacional da Sanfona - Minuto Bahia 24h\" \/>\n\t\t<meta property=\"og:description\" content=\"Durante entrevista ao Programa Geraldo Jos\u00e9 (R\u00e1dio Juazeiro) na tarde desta quarta-feira (22) o novo Secret\u00e1rio de Cultura, Turismo e Esportes de Juazeiro Targino Gondim explicou as raz\u00f5es para n\u00e3o promover o carnaval em Juazeiro este ano. Targino disse que j\u00e1 est\u00e1 com aval do prefeito Andrei Gon\u00e7alves e buscando parcerias para retomar o S\u00e3o\" \/>\n\t\t<meta property=\"og:url\" content=\"https:\/\/minutobahia24h.com.br\/?p=23032\" \/>\n\t\t<meta property=\"og:image\" content=\"https:\/\/minutobahia24h.com.br\/wp-content\/uploads\/2025\/01\/Sem-titulo-421.jpg\" \/>\n\t\t<meta property=\"og:image:secure_url\" content=\"https:\/\/minutobahia24h.com.br\/wp-content\/uploads\/2025\/01\/Sem-titulo-421.jpg\" \/>\n\t\t<meta property=\"og:image:width\" content=\"700\" \/>\n\t\t<meta property=\"og:image:height\" content=\"517\" \/>\n\t\t<meta property=\"article:published_time\" content=\"2025-01-22T23:56:37+00:00\" \/>\n\t\t<meta property=\"article:modified_time\" content=\"2025-01-22T23:56:38+00:00\" \/>\n\t\t<meta name=\"twitter:card\" content=\"summary_large_image\" \/>\n\t\t<meta name=\"twitter:title\" content=\"Secret\u00e1rio de Cultura Targino Gondim anuncia retomada do S\u00e3o Jo\u00e3o de Juazeiro este ano e do Festival Internacional da Sanfona - Minuto Bahia 24h\" \/>\n\t\t<meta name=\"twitter:description\" content=\"Durante entrevista ao Programa Geraldo Jos\u00e9 (R\u00e1dio Juazeiro) na tarde desta quarta-feira (22) o novo Secret\u00e1rio de Cultura, Turismo e Esportes de Juazeiro Targino Gondim explicou as raz\u00f5es para n\u00e3o promover o carnaval em Juazeiro este ano. Targino disse que j\u00e1 est\u00e1 com aval do prefeito Andrei Gon\u00e7alves e buscando parcerias para retomar o S\u00e3o\" \/>\n\t\t<meta name=\"twitter:image\" content=\"https:\/\/minutobahia24h.com.br\/wp-content\/uploads\/2025\/01\/Sem-titulo-421.jpg\" \/>\n\t\t<script type=\"application\/ld+json\" class=\"aioseo-schema\">\n\t\t\t{\"@context\":\"https:\\\/\\\/schema.org\",\"@graph\":[{\"@type\":\"BlogPosting\",\"@id\":\"https:\\\/\\\/minutobahia24h.com.br\\\/?p=23032#blogposting\",\"name\":\"Secret\\u00e1rio de Cultura Targino Gondim anuncia retomada do S\\u00e3o Jo\\u00e3o de Juazeiro este ano e do Festival Internacional da Sanfona - Minuto Bahia 24h\",\"headline\":\"Secret\\u00e1rio de Cultura Targino Gondim anuncia retomada do S\\u00e3o Jo\\u00e3o de Juazeiro este ano e do Festival Internacional da Sanfona\",\"author\":{\"@id\":\"https:\\\/\\\/minutobahia24h.com.br\\\/?author=2#author\"},\"publisher\":{\"@id\":\"https:\\\/\\\/minutobahia24h.com.br\\\/#organization\"},\"image\":{\"@type\":\"ImageObject\",\"url\":\"https:\\\/\\\/i0.wp.com\\\/minutobahia24h.com.br\\\/wp-content\\\/uploads\\\/2025\\\/01\\\/Sem-titulo-421.jpg?fit=700%2C517&ssl=1\",\"width\":700,\"height\":517},\"datePublished\":\"2025-01-22T20:56:37-03:00\",\"dateModified\":\"2025-01-22T20:56:38-03:00\",\"inLanguage\":\"pt-BR\",\"mainEntityOfPage\":{\"@id\":\"https:\\\/\\\/minutobahia24h.com.br\\\/?p=23032#webpage\"},\"isPartOf\":{\"@id\":\"https:\\\/\\\/minutobahia24h.com.br\\\/?p=23032#webpage\"},\"articleSection\":\"Regional\"},{\"@type\":\"BreadcrumbList\",\"@id\":\"https:\\\/\\\/minutobahia24h.com.br\\\/?p=23032#breadcrumblist\",\"itemListElement\":[{\"@type\":\"ListItem\",\"@id\":\"https:\\\/\\\/minutobahia24h.com.br#listItem\",\"position\":1,\"name\":\"In\\u00edcio\",\"item\":\"https:\\\/\\\/minutobahia24h.com.br\",\"nextItem\":{\"@type\":\"ListItem\",\"@id\":\"https:\\\/\\\/minutobahia24h.com.br\\\/?cat=3#listItem\",\"name\":\"Regional\"}},{\"@type\":\"ListItem\",\"@id\":\"https:\\\/\\\/minutobahia24h.com.br\\\/?cat=3#listItem\",\"position\":2,\"name\":\"Regional\",\"item\":\"https:\\\/\\\/minutobahia24h.com.br\\\/?cat=3\",\"nextItem\":{\"@type\":\"ListItem\",\"@id\":\"https:\\\/\\\/minutobahia24h.com.br\\\/?p=23032#listItem\",\"name\":\"Secret\\u00e1rio de Cultura Targino Gondim anuncia retomada do S\\u00e3o Jo\\u00e3o de Juazeiro este ano e do Festival Internacional da Sanfona\"},\"previousItem\":{\"@type\":\"ListItem\",\"@id\":\"https:\\\/\\\/minutobahia24h.com.br#listItem\",\"name\":\"In\\u00edcio\"}},{\"@type\":\"ListItem\",\"@id\":\"https:\\\/\\\/minutobahia24h.com.br\\\/?p=23032#listItem\",\"position\":3,\"name\":\"Secret\\u00e1rio de Cultura Targino Gondim anuncia retomada do S\\u00e3o Jo\\u00e3o de Juazeiro este ano e do Festival Internacional da Sanfona\",\"previousItem\":{\"@type\":\"ListItem\",\"@id\":\"https:\\\/\\\/minutobahia24h.com.br\\\/?cat=3#listItem\",\"name\":\"Regional\"}}]},{\"@type\":\"Organization\",\"@id\":\"https:\\\/\\\/minutobahia24h.com.br\\\/#organization\",\"name\":\"Minuto Bahia 24h\",\"description\":\"O seu portal de not\\u00edcias\",\"url\":\"https:\\\/\\\/minutobahia24h.com.br\\\/\",\"logo\":{\"@type\":\"ImageObject\",\"url\":\"https:\\\/\\\/i0.wp.com\\\/minutobahia24h.com.br\\\/wp-content\\\/uploads\\\/2023\\\/09\\\/cropped-minutoba.png?fit=457%2C119&ssl=1\",\"@id\":\"https:\\\/\\\/minutobahia24h.com.br\\\/?p=23032\\\/#organizationLogo\",\"width\":457,\"height\":119},\"image\":{\"@id\":\"https:\\\/\\\/minutobahia24h.com.br\\\/?p=23032\\\/#organizationLogo\"}},{\"@type\":\"Person\",\"@id\":\"https:\\\/\\\/minutobahia24h.com.br\\\/?author=2#author\",\"url\":\"https:\\\/\\\/minutobahia24h.com.br\\\/?author=2\",\"name\":\"andre\",\"image\":{\"@type\":\"ImageObject\",\"@id\":\"https:\\\/\\\/minutobahia24h.com.br\\\/?p=23032#authorImage\",\"url\":\"https:\\\/\\\/secure.gravatar.com\\\/avatar\\\/0ec5eafed5f3925c321625d79a680d589901b94bca787ae396a35f6c4a960922?s=96&d=mm&r=g\",\"width\":96,\"height\":96,\"caption\":\"andre\"}},{\"@type\":\"WebPage\",\"@id\":\"https:\\\/\\\/minutobahia24h.com.br\\\/?p=23032#webpage\",\"url\":\"https:\\\/\\\/minutobahia24h.com.br\\\/?p=23032\",\"name\":\"Secret\\u00e1rio de Cultura Targino Gondim anuncia retomada do S\\u00e3o Jo\\u00e3o de Juazeiro este ano e do Festival Internacional da Sanfona - Minuto Bahia 24h\",\"description\":\"Durante entrevista ao Programa Geraldo Jos\\u00e9 (R\\u00e1dio Juazeiro) na tarde desta quarta-feira (22) o novo Secret\\u00e1rio de Cultura, Turismo e Esportes de Juazeiro Targino Gondim explicou as raz\\u00f5es para n\\u00e3o promover o carnaval em Juazeiro este ano. Targino disse que j\\u00e1 est\\u00e1 com aval do prefeito Andrei Gon\\u00e7alves e buscando parcerias para retomar o S\\u00e3o\",\"inLanguage\":\"pt-BR\",\"isPartOf\":{\"@id\":\"https:\\\/\\\/minutobahia24h.com.br\\\/#website\"},\"breadcrumb\":{\"@id\":\"https:\\\/\\\/minutobahia24h.com.br\\\/?p=23032#breadcrumblist\"},\"author\":{\"@id\":\"https:\\\/\\\/minutobahia24h.com.br\\\/?author=2#author\"},\"creator\":{\"@id\":\"https:\\\/\\\/minutobahia24h.com.br\\\/?author=2#author\"},\"image\":{\"@type\":\"ImageObject\",\"url\":\"https:\\\/\\\/i0.wp.com\\\/minutobahia24h.com.br\\\/wp-content\\\/uploads\\\/2025\\\/01\\\/Sem-titulo-421.jpg?fit=700%2C517&ssl=1\",\"@id\":\"https:\\\/\\\/minutobahia24h.com.br\\\/?p=23032\\\/#mainImage\",\"width\":700,\"height\":517},\"primaryImageOfPage\":{\"@id\":\"https:\\\/\\\/minutobahia24h.com.br\\\/?p=23032#mainImage\"},\"datePublished\":\"2025-01-22T20:56:37-03:00\",\"dateModified\":\"2025-01-22T20:56:38-03:00\"},{\"@type\":\"WebSite\",\"@id\":\"https:\\\/\\\/minutobahia24h.com.br\\\/#website\",\"url\":\"https:\\\/\\\/minutobahia24h.com.br\\\/\",\"name\":\"Minuto Bahia 24h\",\"description\":\"O seu portal de not\\u00edcias\",\"inLanguage\":\"pt-BR\",\"publisher\":{\"@id\":\"https:\\\/\\\/minutobahia24h.com.br\\\/#organization\"}}]}\n\t\t<\/script>\n\t\t<!-- All in One SEO -->\n\n","aioseo_head_json":{"title":"Secret\u00e1rio de Cultura Targino Gondim anuncia retomada do S\u00e3o Jo\u00e3o de Juazeiro este ano e do Festival Internacional da Sanfona - Minuto Bahia 24h","description":"Durante entrevista ao Programa Geraldo Jos\u00e9 (R\u00e1dio Juazeiro) na tarde desta quarta-feira (22) o novo Secret\u00e1rio de Cultura, Turismo e Esportes de Juazeiro Targino Gondim explicou as raz\u00f5es para n\u00e3o promover o carnaval em Juazeiro este ano. Targino disse que j\u00e1 est\u00e1 com aval do prefeito Andrei Gon\u00e7alves e buscando parcerias para retomar o S\u00e3o","canonical_url":"https:\/\/minutobahia24h.com.br\/?p=23032","robots":"max-image-preview:large","keywords":"","webmasterTools":{"miscellaneous":""},"schema":{"@context":"https:\/\/schema.org","@graph":[{"@type":"BlogPosting","@id":"https:\/\/minutobahia24h.com.br\/?p=23032#blogposting","name":"Secret\u00e1rio de Cultura Targino Gondim anuncia retomada do S\u00e3o Jo\u00e3o de Juazeiro este ano e do Festival Internacional da Sanfona - Minuto Bahia 24h","headline":"Secret\u00e1rio de Cultura Targino Gondim anuncia retomada do S\u00e3o Jo\u00e3o de Juazeiro este ano e do Festival Internacional da Sanfona","author":{"@id":"https:\/\/minutobahia24h.com.br\/?author=2#author"},"publisher":{"@id":"https:\/\/minutobahia24h.com.br\/#organization"},"image":{"@type":"ImageObject","url":"https:\/\/i0.wp.com\/minutobahia24h.com.br\/wp-content\/uploads\/2025\/01\/Sem-titulo-421.jpg?fit=700%2C517&ssl=1","width":700,"height":517},"datePublished":"2025-01-22T20:56:37-03:00","dateModified":"2025-01-22T20:56:38-03:00","inLanguage":"pt-BR","mainEntityOfPage":{"@id":"https:\/\/minutobahia24h.com.br\/?p=23032#webpage"},"isPartOf":{"@id":"https:\/\/minutobahia24h.com.br\/?p=23032#webpage"},"articleSection":"Regional"},{"@type":"BreadcrumbList","@id":"https:\/\/minutobahia24h.com.br\/?p=23032#breadcrumblist","itemListElement":[{"@type":"ListItem","@id":"https:\/\/minutobahia24h.com.br#listItem","position":1,"name":"In\u00edcio","item":"https:\/\/minutobahia24h.com.br","nextItem":{"@type":"ListItem","@id":"https:\/\/minutobahia24h.com.br\/?cat=3#listItem","name":"Regional"}},{"@type":"ListItem","@id":"https:\/\/minutobahia24h.com.br\/?cat=3#listItem","position":2,"name":"Regional","item":"https:\/\/minutobahia24h.com.br\/?cat=3","nextItem":{"@type":"ListItem","@id":"https:\/\/minutobahia24h.com.br\/?p=23032#listItem","name":"Secret\u00e1rio de Cultura Targino Gondim anuncia retomada do S\u00e3o Jo\u00e3o de Juazeiro este ano e do Festival Internacional da Sanfona"},"previousItem":{"@type":"ListItem","@id":"https:\/\/minutobahia24h.com.br#listItem","name":"In\u00edcio"}},{"@type":"ListItem","@id":"https:\/\/minutobahia24h.com.br\/?p=23032#listItem","position":3,"name":"Secret\u00e1rio de Cultura Targino Gondim anuncia retomada do S\u00e3o Jo\u00e3o de Juazeiro este ano e do Festival Internacional da Sanfona","previousItem":{"@type":"ListItem","@id":"https:\/\/minutobahia24h.com.br\/?cat=3#listItem","name":"Regional"}}]},{"@type":"Organization","@id":"https:\/\/minutobahia24h.com.br\/#organization","name":"Minuto Bahia 24h","description":"O seu portal de not\u00edcias","url":"https:\/\/minutobahia24h.com.br\/","logo":{"@type":"ImageObject","url":"https:\/\/i0.wp.com\/minutobahia24h.com.br\/wp-content\/uploads\/2023\/09\/cropped-minutoba.png?fit=457%2C119&ssl=1","@id":"https:\/\/minutobahia24h.com.br\/?p=23032\/#organizationLogo","width":457,"height":119},"image":{"@id":"https:\/\/minutobahia24h.com.br\/?p=23032\/#organizationLogo"}},{"@type":"Person","@id":"https:\/\/minutobahia24h.com.br\/?author=2#author","url":"https:\/\/minutobahia24h.com.br\/?author=2","name":"andre","image":{"@type":"ImageObject","@id":"https:\/\/minutobahia24h.com.br\/?p=23032#authorImage","url":"https:\/\/secure.gravatar.com\/avatar\/0ec5eafed5f3925c321625d79a680d589901b94bca787ae396a35f6c4a960922?s=96&d=mm&r=g","width":96,"height":96,"caption":"andre"}},{"@type":"WebPage","@id":"https:\/\/minutobahia24h.com.br\/?p=23032#webpage","url":"https:\/\/minutobahia24h.com.br\/?p=23032","name":"Secret\u00e1rio de Cultura Targino Gondim anuncia retomada do S\u00e3o Jo\u00e3o de Juazeiro este ano e do Festival Internacional da Sanfona - Minuto Bahia 24h","description":"Durante entrevista ao Programa Geraldo Jos\u00e9 (R\u00e1dio Juazeiro) na tarde desta quarta-feira (22) o novo Secret\u00e1rio de Cultura, Turismo e Esportes de Juazeiro Targino Gondim explicou as raz\u00f5es para n\u00e3o promover o carnaval em Juazeiro este ano. Targino disse que j\u00e1 est\u00e1 com aval do prefeito Andrei Gon\u00e7alves e buscando parcerias para retomar o S\u00e3o","inLanguage":"pt-BR","isPartOf":{"@id":"https:\/\/minutobahia24h.com.br\/#website"},"breadcrumb":{"@id":"https:\/\/minutobahia24h.com.br\/?p=23032#breadcrumblist"},"author":{"@id":"https:\/\/minutobahia24h.com.br\/?author=2#author"},"creator":{"@id":"https:\/\/minutobahia24h.com.br\/?author=2#author"},"image":{"@type":"ImageObject","url":"https:\/\/i0.wp.com\/minutobahia24h.com.br\/wp-content\/uploads\/2025\/01\/Sem-titulo-421.jpg?fit=700%2C517&ssl=1","@id":"https:\/\/minutobahia24h.com.br\/?p=23032\/#mainImage","width":700,"height":517},"primaryImageOfPage":{"@id":"https:\/\/minutobahia24h.com.br\/?p=23032#mainImage"},"datePublished":"2025-01-22T20:56:37-03:00","dateModified":"2025-01-22T20:56:38-03:00"},{"@type":"WebSite","@id":"https:\/\/minutobahia24h.com.br\/#website","url":"https:\/\/minutobahia24h.com.br\/","name":"Minuto Bahia 24h","description":"O seu portal de not\u00edcias","inLanguage":"pt-BR","publisher":{"@id":"https:\/\/minutobahia24h.com.br\/#organization"}}]},"og:locale":"pt_BR","og:site_name":"Minuto Bahia 24h - O seu portal de not\u00edcias","og:type":"article","og:title":"Secret\u00e1rio de Cultura Targino Gondim anuncia retomada do S\u00e3o Jo\u00e3o de Juazeiro este ano e do Festival Internacional da Sanfona - Minuto Bahia 24h","og:description":"Durante entrevista ao Programa Geraldo Jos\u00e9 (R\u00e1dio Juazeiro) na tarde desta quarta-feira (22) o novo Secret\u00e1rio de Cultura, Turismo e Esportes de Juazeiro Targino Gondim explicou as raz\u00f5es para n\u00e3o promover o carnaval em Juazeiro este ano. Targino disse que j\u00e1 est\u00e1 com aval do prefeito Andrei Gon\u00e7alves e buscando parcerias para retomar o S\u00e3o","og:url":"https:\/\/minutobahia24h.com.br\/?p=23032","og:image":"https:\/\/minutobahia24h.com.br\/wp-content\/uploads\/2025\/01\/Sem-titulo-421.jpg","og:image:secure_url":"https:\/\/minutobahia24h.com.br\/wp-content\/uploads\/2025\/01\/Sem-titulo-421.jpg","og:image:width":700,"og:image:height":517,"article:published_time":"2025-01-22T23:56:37+00:00","article:modified_time":"2025-01-22T23:56:38+00:00","twitter:card":"summary_large_image","twitter:title":"Secret\u00e1rio de Cultura Targino Gondim anuncia retomada do S\u00e3o Jo\u00e3o de Juazeiro este ano e do Festival Internacional da Sanfona - Minuto Bahia 24h","twitter:description":"Durante entrevista ao Programa Geraldo Jos\u00e9 (R\u00e1dio Juazeiro) na tarde desta quarta-feira (22) o novo Secret\u00e1rio de Cultura, Turismo e Esportes de Juazeiro Targino Gondim explicou as raz\u00f5es para n\u00e3o promover o carnaval em Juazeiro este ano. Targino disse que j\u00e1 est\u00e1 com aval do prefeito Andrei Gon\u00e7alves e buscando parcerias para retomar o S\u00e3o","twitter:image":"https:\/\/minutobahia24h.com.br\/wp-content\/uploads\/2025\/01\/Sem-titulo-421.jpg"},"aioseo_meta_data":{"post_id":"23032","title":null,"description":null,"keywords":null,"keyphrases":{"focus":{"keyphrase":"","score":0,"analysis":{"keyphraseInTitle":{"score":0,"maxScore":9,"error":1}}},"additional":[]},"primary_term":null,"canonical_url":null,"og_title":null,"og_description":null,"og_object_type":"default","og_image_type":"default","og_image_url":null,"og_image_width":null,"og_image_height":null,"og_image_custom_url":null,"og_image_custom_fields":null,"og_video":"","og_custom_url":null,"og_article_section":null,"og_article_tags":null,"twitter_use_og":true,"twitter_card":"default","twitter_image_type":"default","twitter_image_url":null,"twitter_image_custom_url":null,"twitter_image_custom_fields":null,"twitter_title":null,"twitter_description":null,"schema":{"blockGraphs":[],"customGraphs":[],"default":{"data":{"Article":[],"Course":[],"Dataset":[],"FAQPage":[],"Movie":[],"Person":[],"Product":[],"ProductReview":[],"Car":[],"Recipe":[],"Service":[],"SoftwareApplication":[],"WebPage":[]},"graphName":"BlogPosting","isEnabled":true},"graphs":[]},"schema_type":"default","schema_type_options":null,"pillar_content":false,"robots_default":true,"robots_noindex":false,"robots_noarchive":false,"robots_nosnippet":false,"robots_nofollow":false,"robots_noimageindex":false,"robots_noodp":false,"robots_notranslate":false,"robots_max_snippet":"-1","robots_max_videopreview":"-1","robots_max_imagepreview":"large","priority":null,"frequency":"default","local_seo":null,"breadcrumb_settings":null,"limit_modified_date":false,"ai":null,"created":"2025-01-22 23:56:38","updated":"2025-06-05 10:56:02","seo_analyzer_scan_date":null,"focus_keyword":null,"additional_keywords":null,"truseo_locale":null},"aioseo_breadcrumb":"<div class=\"aioseo-breadcrumbs\"><span class=\"aioseo-breadcrumb\">\n\t\t\t<a href=\"https:\/\/minutobahia24h.com.br\" title=\"In\u00edcio\">In\u00edcio<\/a>\n\t\t<\/span><span class=\"aioseo-breadcrumb-separator\">&raquo;<\/span><span class=\"aioseo-breadcrumb\">\n\t\t\t<a href=\"https:\/\/minutobahia24h.com.br\/?cat=3\" title=\"Regional\">Regional<\/a>\n\t\t<\/span><span class=\"aioseo-breadcrumb-separator\">&raquo;<\/span><span class=\"aioseo-breadcrumb\">\n\t\t\tSecret\u00e1rio de Cultura Targino Gondim anuncia retomada do S\u00e3o Jo\u00e3o de Juazeiro este ano e do Festival Internacional da Sanfona\n\t\t<\/span><\/div>","aioseo_breadcrumb_json":[{"label":"In\u00edcio","link":"https:\/\/minutobahia24h.com.br"},{"label":"Regional","link":"https:\/\/minutobahia24h.com.br\/?cat=3"},{"label":"Secret\u00e1rio de Cultura Targino Gondim anuncia retomada do S\u00e3o Jo\u00e3o de Juazeiro este ano e do Festival Internacional da Sanfona","link":"https:\/\/minutobahia24h.com.br\/?p=23032"}],"jetpack_sharing_enabled":true,"jetpack_featured_media_url":"https:\/\/i0.wp.com\/minutobahia24h.com.br\/wp-content\/uploads\/2025\/01\/Sem-titulo-421.jpg?fit=700%2C517&ssl=1","_links":{"self":[{"href":"https:\/\/minutobahia24h.com.br\/index.php?rest_route=\/wp\/v2\/posts\/23032","targetHints":{"allow":["GET"]}}],"collection":[{"href":"https:\/\/minutobahia24h.com.br\/index.php?rest_route=\/wp\/v2\/posts"}],"about":[{"href":"https:\/\/minutobahia24h.com.br\/index.php?rest_route=\/wp\/v2\/types\/post"}],"author":[{"embeddable":true,"href":"https:\/\/minutobahia24h.com.br\/index.php?rest_route=\/wp\/v2\/users\/2"}],"replies":[{"embeddable":true,"href":"https:\/\/minutobahia24h.com.br\/index.php?rest_route=%2Fwp%2Fv2%2Fcomments&post=23032"}],"version-history":[{"count":1,"href":"https:\/\/minutobahia24h.com.br\/index.php?rest_route=\/wp\/v2\/posts\/23032\/revisions"}],"predecessor-version":[{"id":23034,"href":"https:\/\/minutobahia24h.com.br\/index.php?rest_route=\/wp\/v2\/posts\/23032\/revisions\/23034"}],"wp:featuredmedia":[{"embeddable":true,"href":"https:\/\/minutobahia24h.com.br\/index.php?rest_route=\/wp\/v2\/media\/23033"}],"wp:attachment":[{"href":"https:\/\/minutobahia24h.com.br\/index.php?rest_route=%2Fwp%2Fv2%2Fmedia&parent=23032"}],"wp:term":[{"taxonomy":"category","embeddable":true,"href":"https:\/\/minutobahia24h.com.br\/index.php?rest_route=%2Fwp%2Fv2%2Fcategories&post=23032"},{"taxonomy":"post_tag","embeddable":true,"href":"https:\/\/minutobahia24h.com.br\/index.php?rest_route=%2Fwp%2Fv2%2Ftags&post=23032"}],"curies":[{"name":"wp","href":"https:\/\/api.w.org\/{rel}","templated":true}]}}