{"id":23009,"date":"2025-01-22T11:27:30","date_gmt":"2025-01-22T14:27:30","guid":{"rendered":"https:\/\/minutobahia24h.com.br\/?p=23009"},"modified":"2025-01-22T11:27:31","modified_gmt":"2025-01-22T14:27:31","slug":"ano-letivo-na-rede-estadual-da-ba-comeca-com-reforco-de-concursados","status":"publish","type":"post","link":"https:\/\/minutobahia24h.com.br\/?p=23009","title":{"rendered":"Ano letivo na rede estadual da BA come\u00e7a com refor\u00e7o de concursados"},"content":{"rendered":"<div class=\"wp-block-image\">\n<figure class=\"aligncenter size-full\"><img data-recalc-dims=\"1\" fetchpriority=\"high\" decoding=\"async\" width=\"697\" height=\"379\" src=\"https:\/\/i0.wp.com\/minutobahia24h.com.br\/wp-content\/uploads\/2025\/01\/Sem-titulo-414.jpg?resize=697%2C379&#038;ssl=1\" alt=\"\" class=\"wp-image-23010\" srcset=\"https:\/\/i0.wp.com\/minutobahia24h.com.br\/wp-content\/uploads\/2025\/01\/Sem-titulo-414.jpg?w=697&amp;ssl=1 697w, https:\/\/i0.wp.com\/minutobahia24h.com.br\/wp-content\/uploads\/2025\/01\/Sem-titulo-414.jpg?resize=300%2C163&amp;ssl=1 300w\" sizes=\"(max-width: 697px) 100vw, 697px\" \/><figcaption class=\"wp-element-caption\">Rede Estadual de Ensino da Bahia. (Foto: GOVBA\/Divulga\u00e7\u00e3o)<br><\/figcaption><\/figure>\n<\/div>\n\n\n<p class=\"wp-block-paragraph\">A Secretaria da Educa\u00e7\u00e3o da Bahia (SEC-BA) empossou 1.405 educadores aprovados, convocados e nomeados no concurso p\u00fablico regido pelo Edital Saeb n\u00b0 03\/2022. Ao todo, s\u00e3o 922 professores; 469 coordenadores pedag\u00f3gicos; e 14 coordenadores pedag\u00f3gicos ind\u00edgenas, que estavam inseridos na terceira lista de convocados, publicada no m\u00eas de setembro de 2024.<\/p>\n\n\n\n<p class=\"wp-block-paragraph\">Os educadores, a exemplo de Cl\u00e1udio Diniz Lino, que vai lecionar F\u00edsica no Col\u00e9gio Estadual de Tempo Integral Professor Magalh\u00e3es Neto, em Ruy Barbosa, j\u00e1 est\u00e3o na expectativa para atuar em sala de aula. \u201c<em>Fiquei vi\u00favo no final de 2021 e, em 2022, vim passar as f\u00e9rias na Bahia para espairecer e descobri o concurso. Vendi minha casa mobiliada e me mudei antes da convoca\u00e7\u00e3o. Agora, como efetivo, vou trabalhar com a F\u00edsica do cotidiano, trazendo a realidade do aluno para a disciplina, fazendo com que o mesmo encontre a utilidade da F\u00edsica em tudo que o cerca<\/em>\u201d, revelou o matogrossense.<\/p>\n\n\n\n<p class=\"wp-block-paragraph\">A coordenadora pedag\u00f3gica ind\u00edgena Andreia Kiriri, que faz parte do povo Kiriri Mirandela, n\u00e3o v\u00ea a hora de come\u00e7ar a trabalhar no Col\u00e9gio Estadual Ind\u00edgena Jos\u00e9 Zacarias, localizado na Aldeia Ind\u00edgena Mirandela, em Banza\u00ea. \u201c<em>Quero somar e refor\u00e7ar a qualidade do ensino dos nossos estudantes ind\u00edgenas Kiriri, pois o espa\u00e7o escolar tamb\u00e9m \u00e9 espa\u00e7o de luta e resist\u00eancia de n\u00f3s, povos origin\u00e1rios. \u00c9 de suma import\u00e2ncia fortalecer sempre a luta por direitos ancestrais e, consequentemente, por maior qualidade na Educa\u00e7\u00e3o Escolar Ind\u00edgena espec\u00edfica e diferenciada como um todo<\/em>\u201d, afirmou.<\/p>\n\n\n\n<p class=\"wp-block-paragraph\"><strong>Carreira<\/strong><\/p>\n\n\n\n<p class=\"wp-block-paragraph\">Os profissionais contemplados ter\u00e3o a possibilidade de promo\u00e7\u00e3o e progress\u00e3o em suas respectivas carreiras, com acesso a diferentes benef\u00edcios, a exemplo de plano de sa\u00fade e gratifica\u00e7\u00f5es, que v\u00e3o al\u00e9m da estabilidade no trabalho. Al\u00e9m disso, eles poder\u00e3o usufruir de licen\u00e7as-pr\u00eamios convertidas em pec\u00fania e em frui\u00e7\u00e3o.<\/p>\n\n\n\n<p class=\"wp-block-paragraph\">carlosbritto<\/p>\n","protected":false},"excerpt":{"rendered":"<p>A Secretaria da Educa\u00e7\u00e3o da Bahia (SEC-BA) empossou 1.405 educadores aprovados, convocados e nomeados no concurso p\u00fablico regido pelo Edital Saeb n\u00b0 03\/2022. Ao todo, s\u00e3o 922 professores; 469 coordenadores pedag\u00f3gicos; e 14 coordenadores pedag\u00f3gicos ind\u00edgenas, que estavam inseridos na terceira lista de convocados, publicada no m\u00eas de setembro de 2024. Os educadores, a exemplo [&hellip;]<\/p>\n","protected":false},"author":2,"featured_media":23010,"comment_status":"open","ping_status":"open","sticky":false,"template":"","format":"standard","meta":{"_jetpack_newsletter_access":"","_jetpack_dont_email_post_to_subs":false,"_jetpack_newsletter_tier_id":0,"_jetpack_memberships_contains_paywalled_content":false,"_jetpack_feature_clip_id":0,"_jetpack_memberships_contains_paid_content":false,"footnotes":"","jetpack_post_was_ever_published":false},"categories":[34],"tags":[],"class_list":["post-23009","post","type-post","status-publish","format-standard","has-post-thumbnail","hentry","category-educacao"],"aioseo_notices":[],"aioseo_head":"\n\t\t<!-- All in One SEO 5.0.1.1 - aioseo.com -->\n\t<meta name=\"description\" content=\"A Secretaria da Educa\u00e7\u00e3o da Bahia (SEC-BA) empossou 1.405 educadores aprovados, convocados e nomeados no concurso p\u00fablico regido pelo Edital Saeb n\u00b0 03\/2022. Ao todo, s\u00e3o 922 professores; 469 coordenadores pedag\u00f3gicos; e 14 coordenadores pedag\u00f3gicos ind\u00edgenas, que estavam inseridos na terceira lista de convocados, publicada no m\u00eas de setembro de 2024. Os educadores, a exemplo\" \/>\n\t<meta name=\"robots\" content=\"max-image-preview:large\" \/>\n\t<meta name=\"author\" content=\"andre\"\/>\n\t<link rel=\"canonical\" href=\"https:\/\/minutobahia24h.com.br\/?p=23009\" \/>\n\t<meta name=\"generator\" content=\"All in One SEO (AIOSEO) 5.0.1.1\" \/>\n\t\t<meta property=\"og:locale\" content=\"pt_BR\" \/>\n\t\t<meta property=\"og:site_name\" content=\"Minuto Bahia 24h - O seu portal de not\u00edcias\" \/>\n\t\t<meta property=\"og:type\" content=\"article\" \/>\n\t\t<meta property=\"og:title\" content=\"Ano letivo na rede estadual da BA come\u00e7a com refor\u00e7o de concursados - Minuto Bahia 24h\" \/>\n\t\t<meta property=\"og:description\" content=\"A Secretaria da Educa\u00e7\u00e3o da Bahia (SEC-BA) empossou 1.405 educadores aprovados, convocados e nomeados no concurso p\u00fablico regido pelo Edital Saeb n\u00b0 03\/2022. Ao todo, s\u00e3o 922 professores; 469 coordenadores pedag\u00f3gicos; e 14 coordenadores pedag\u00f3gicos ind\u00edgenas, que estavam inseridos na terceira lista de convocados, publicada no m\u00eas de setembro de 2024. Os educadores, a exemplo\" \/>\n\t\t<meta property=\"og:url\" content=\"https:\/\/minutobahia24h.com.br\/?p=23009\" \/>\n\t\t<meta property=\"og:image\" content=\"https:\/\/minutobahia24h.com.br\/wp-content\/uploads\/2025\/01\/Sem-titulo-414.jpg\" \/>\n\t\t<meta property=\"og:image:secure_url\" content=\"https:\/\/minutobahia24h.com.br\/wp-content\/uploads\/2025\/01\/Sem-titulo-414.jpg\" \/>\n\t\t<meta property=\"og:image:width\" content=\"697\" \/>\n\t\t<meta property=\"og:image:height\" content=\"379\" \/>\n\t\t<meta property=\"article:published_time\" content=\"2025-01-22T14:27:30+00:00\" \/>\n\t\t<meta property=\"article:modified_time\" content=\"2025-01-22T14:27:31+00:00\" \/>\n\t\t<meta name=\"twitter:card\" content=\"summary_large_image\" \/>\n\t\t<meta name=\"twitter:title\" content=\"Ano letivo na rede estadual da BA come\u00e7a com refor\u00e7o de concursados - Minuto Bahia 24h\" \/>\n\t\t<meta name=\"twitter:description\" content=\"A Secretaria da Educa\u00e7\u00e3o da Bahia (SEC-BA) empossou 1.405 educadores aprovados, convocados e nomeados no concurso p\u00fablico regido pelo Edital Saeb n\u00b0 03\/2022. Ao todo, s\u00e3o 922 professores; 469 coordenadores pedag\u00f3gicos; e 14 coordenadores pedag\u00f3gicos ind\u00edgenas, que estavam inseridos na terceira lista de convocados, publicada no m\u00eas de setembro de 2024. Os educadores, a exemplo\" \/>\n\t\t<meta name=\"twitter:image\" content=\"https:\/\/minutobahia24h.com.br\/wp-content\/uploads\/2025\/01\/Sem-titulo-414.jpg\" \/>\n\t\t<script type=\"application\/ld+json\" class=\"aioseo-schema\">\n\t\t\t{\"@context\":\"https:\\\/\\\/schema.org\",\"@graph\":[{\"@type\":\"BlogPosting\",\"@id\":\"https:\\\/\\\/minutobahia24h.com.br\\\/?p=23009#blogposting\",\"name\":\"Ano letivo na rede estadual da BA come\\u00e7a com refor\\u00e7o de concursados - Minuto Bahia 24h\",\"headline\":\"Ano letivo na rede estadual da BA come\\u00e7a com refor\\u00e7o de concursados\",\"author\":{\"@id\":\"https:\\\/\\\/minutobahia24h.com.br\\\/?author=2#author\"},\"publisher\":{\"@id\":\"https:\\\/\\\/minutobahia24h.com.br\\\/#organization\"},\"image\":{\"@type\":\"ImageObject\",\"url\":\"https:\\\/\\\/i0.wp.com\\\/minutobahia24h.com.br\\\/wp-content\\\/uploads\\\/2025\\\/01\\\/Sem-titulo-414.jpg?fit=697%2C379&ssl=1\",\"width\":697,\"height\":379},\"datePublished\":\"2025-01-22T11:27:30-03:00\",\"dateModified\":\"2025-01-22T11:27:31-03:00\",\"inLanguage\":\"pt-BR\",\"mainEntityOfPage\":{\"@id\":\"https:\\\/\\\/minutobahia24h.com.br\\\/?p=23009#webpage\"},\"isPartOf\":{\"@id\":\"https:\\\/\\\/minutobahia24h.com.br\\\/?p=23009#webpage\"},\"articleSection\":\"Educa\\u00e7\\u00e3o\"},{\"@type\":\"BreadcrumbList\",\"@id\":\"https:\\\/\\\/minutobahia24h.com.br\\\/?p=23009#breadcrumblist\",\"itemListElement\":[{\"@type\":\"ListItem\",\"@id\":\"https:\\\/\\\/minutobahia24h.com.br#listItem\",\"position\":1,\"name\":\"In\\u00edcio\",\"item\":\"https:\\\/\\\/minutobahia24h.com.br\",\"nextItem\":{\"@type\":\"ListItem\",\"@id\":\"https:\\\/\\\/minutobahia24h.com.br\\\/?cat=34#listItem\",\"name\":\"Educa\\u00e7\\u00e3o\"}},{\"@type\":\"ListItem\",\"@id\":\"https:\\\/\\\/minutobahia24h.com.br\\\/?cat=34#listItem\",\"position\":2,\"name\":\"Educa\\u00e7\\u00e3o\",\"item\":\"https:\\\/\\\/minutobahia24h.com.br\\\/?cat=34\",\"nextItem\":{\"@type\":\"ListItem\",\"@id\":\"https:\\\/\\\/minutobahia24h.com.br\\\/?p=23009#listItem\",\"name\":\"Ano letivo na rede estadual da BA come\\u00e7a com refor\\u00e7o de concursados\"},\"previousItem\":{\"@type\":\"ListItem\",\"@id\":\"https:\\\/\\\/minutobahia24h.com.br#listItem\",\"name\":\"In\\u00edcio\"}},{\"@type\":\"ListItem\",\"@id\":\"https:\\\/\\\/minutobahia24h.com.br\\\/?p=23009#listItem\",\"position\":3,\"name\":\"Ano letivo na rede estadual da BA come\\u00e7a com refor\\u00e7o de concursados\",\"previousItem\":{\"@type\":\"ListItem\",\"@id\":\"https:\\\/\\\/minutobahia24h.com.br\\\/?cat=34#listItem\",\"name\":\"Educa\\u00e7\\u00e3o\"}}]},{\"@type\":\"Organization\",\"@id\":\"https:\\\/\\\/minutobahia24h.com.br\\\/#organization\",\"name\":\"Minuto Bahia 24h\",\"description\":\"O seu portal de not\\u00edcias\",\"url\":\"https:\\\/\\\/minutobahia24h.com.br\\\/\",\"logo\":{\"@type\":\"ImageObject\",\"url\":\"https:\\\/\\\/i0.wp.com\\\/minutobahia24h.com.br\\\/wp-content\\\/uploads\\\/2023\\\/09\\\/cropped-minutoba.png?fit=457%2C119&ssl=1\",\"@id\":\"https:\\\/\\\/minutobahia24h.com.br\\\/?p=23009\\\/#organizationLogo\",\"width\":457,\"height\":119},\"image\":{\"@id\":\"https:\\\/\\\/minutobahia24h.com.br\\\/?p=23009\\\/#organizationLogo\"}},{\"@type\":\"Person\",\"@id\":\"https:\\\/\\\/minutobahia24h.com.br\\\/?author=2#author\",\"url\":\"https:\\\/\\\/minutobahia24h.com.br\\\/?author=2\",\"name\":\"andre\",\"image\":{\"@type\":\"ImageObject\",\"@id\":\"https:\\\/\\\/minutobahia24h.com.br\\\/?p=23009#authorImage\",\"url\":\"https:\\\/\\\/secure.gravatar.com\\\/avatar\\\/0ec5eafed5f3925c321625d79a680d589901b94bca787ae396a35f6c4a960922?s=96&d=mm&r=g\",\"width\":96,\"height\":96,\"caption\":\"andre\"}},{\"@type\":\"WebPage\",\"@id\":\"https:\\\/\\\/minutobahia24h.com.br\\\/?p=23009#webpage\",\"url\":\"https:\\\/\\\/minutobahia24h.com.br\\\/?p=23009\",\"name\":\"Ano letivo na rede estadual da BA come\\u00e7a com refor\\u00e7o de concursados - Minuto Bahia 24h\",\"description\":\"A Secretaria da Educa\\u00e7\\u00e3o da Bahia (SEC-BA) empossou 1.405 educadores aprovados, convocados e nomeados no concurso p\\u00fablico regido pelo Edital Saeb n\\u00b0 03\\\/2022. Ao todo, s\\u00e3o 922 professores; 469 coordenadores pedag\\u00f3gicos; e 14 coordenadores pedag\\u00f3gicos ind\\u00edgenas, que estavam inseridos na terceira lista de convocados, publicada no m\\u00eas de setembro de 2024. Os educadores, a exemplo\",\"inLanguage\":\"pt-BR\",\"isPartOf\":{\"@id\":\"https:\\\/\\\/minutobahia24h.com.br\\\/#website\"},\"breadcrumb\":{\"@id\":\"https:\\\/\\\/minutobahia24h.com.br\\\/?p=23009#breadcrumblist\"},\"author\":{\"@id\":\"https:\\\/\\\/minutobahia24h.com.br\\\/?author=2#author\"},\"creator\":{\"@id\":\"https:\\\/\\\/minutobahia24h.com.br\\\/?author=2#author\"},\"image\":{\"@type\":\"ImageObject\",\"url\":\"https:\\\/\\\/i0.wp.com\\\/minutobahia24h.com.br\\\/wp-content\\\/uploads\\\/2025\\\/01\\\/Sem-titulo-414.jpg?fit=697%2C379&ssl=1\",\"@id\":\"https:\\\/\\\/minutobahia24h.com.br\\\/?p=23009\\\/#mainImage\",\"width\":697,\"height\":379},\"primaryImageOfPage\":{\"@id\":\"https:\\\/\\\/minutobahia24h.com.br\\\/?p=23009#mainImage\"},\"datePublished\":\"2025-01-22T11:27:30-03:00\",\"dateModified\":\"2025-01-22T11:27:31-03:00\"},{\"@type\":\"WebSite\",\"@id\":\"https:\\\/\\\/minutobahia24h.com.br\\\/#website\",\"url\":\"https:\\\/\\\/minutobahia24h.com.br\\\/\",\"name\":\"Minuto Bahia 24h\",\"description\":\"O seu portal de not\\u00edcias\",\"inLanguage\":\"pt-BR\",\"publisher\":{\"@id\":\"https:\\\/\\\/minutobahia24h.com.br\\\/#organization\"}}]}\n\t\t<\/script>\n\t\t<!-- All in One SEO -->\n\n","aioseo_head_json":{"title":"Ano letivo na rede estadual da BA come\u00e7a com refor\u00e7o de concursados - Minuto Bahia 24h","description":"A Secretaria da Educa\u00e7\u00e3o da Bahia (SEC-BA) empossou 1.405 educadores aprovados, convocados e nomeados no concurso p\u00fablico regido pelo Edital Saeb n\u00b0 03\/2022. Ao todo, s\u00e3o 922 professores; 469 coordenadores pedag\u00f3gicos; e 14 coordenadores pedag\u00f3gicos ind\u00edgenas, que estavam inseridos na terceira lista de convocados, publicada no m\u00eas de setembro de 2024. Os educadores, a exemplo","canonical_url":"https:\/\/minutobahia24h.com.br\/?p=23009","robots":"max-image-preview:large","keywords":"","webmasterTools":{"miscellaneous":""},"schema":{"@context":"https:\/\/schema.org","@graph":[{"@type":"BlogPosting","@id":"https:\/\/minutobahia24h.com.br\/?p=23009#blogposting","name":"Ano letivo na rede estadual da BA come\u00e7a com refor\u00e7o de concursados - Minuto Bahia 24h","headline":"Ano letivo na rede estadual da BA come\u00e7a com refor\u00e7o de concursados","author":{"@id":"https:\/\/minutobahia24h.com.br\/?author=2#author"},"publisher":{"@id":"https:\/\/minutobahia24h.com.br\/#organization"},"image":{"@type":"ImageObject","url":"https:\/\/i0.wp.com\/minutobahia24h.com.br\/wp-content\/uploads\/2025\/01\/Sem-titulo-414.jpg?fit=697%2C379&ssl=1","width":697,"height":379},"datePublished":"2025-01-22T11:27:30-03:00","dateModified":"2025-01-22T11:27:31-03:00","inLanguage":"pt-BR","mainEntityOfPage":{"@id":"https:\/\/minutobahia24h.com.br\/?p=23009#webpage"},"isPartOf":{"@id":"https:\/\/minutobahia24h.com.br\/?p=23009#webpage"},"articleSection":"Educa\u00e7\u00e3o"},{"@type":"BreadcrumbList","@id":"https:\/\/minutobahia24h.com.br\/?p=23009#breadcrumblist","itemListElement":[{"@type":"ListItem","@id":"https:\/\/minutobahia24h.com.br#listItem","position":1,"name":"In\u00edcio","item":"https:\/\/minutobahia24h.com.br","nextItem":{"@type":"ListItem","@id":"https:\/\/minutobahia24h.com.br\/?cat=34#listItem","name":"Educa\u00e7\u00e3o"}},{"@type":"ListItem","@id":"https:\/\/minutobahia24h.com.br\/?cat=34#listItem","position":2,"name":"Educa\u00e7\u00e3o","item":"https:\/\/minutobahia24h.com.br\/?cat=34","nextItem":{"@type":"ListItem","@id":"https:\/\/minutobahia24h.com.br\/?p=23009#listItem","name":"Ano letivo na rede estadual da BA come\u00e7a com refor\u00e7o de concursados"},"previousItem":{"@type":"ListItem","@id":"https:\/\/minutobahia24h.com.br#listItem","name":"In\u00edcio"}},{"@type":"ListItem","@id":"https:\/\/minutobahia24h.com.br\/?p=23009#listItem","position":3,"name":"Ano letivo na rede estadual da BA come\u00e7a com refor\u00e7o de concursados","previousItem":{"@type":"ListItem","@id":"https:\/\/minutobahia24h.com.br\/?cat=34#listItem","name":"Educa\u00e7\u00e3o"}}]},{"@type":"Organization","@id":"https:\/\/minutobahia24h.com.br\/#organization","name":"Minuto Bahia 24h","description":"O seu portal de not\u00edcias","url":"https:\/\/minutobahia24h.com.br\/","logo":{"@type":"ImageObject","url":"https:\/\/i0.wp.com\/minutobahia24h.com.br\/wp-content\/uploads\/2023\/09\/cropped-minutoba.png?fit=457%2C119&ssl=1","@id":"https:\/\/minutobahia24h.com.br\/?p=23009\/#organizationLogo","width":457,"height":119},"image":{"@id":"https:\/\/minutobahia24h.com.br\/?p=23009\/#organizationLogo"}},{"@type":"Person","@id":"https:\/\/minutobahia24h.com.br\/?author=2#author","url":"https:\/\/minutobahia24h.com.br\/?author=2","name":"andre","image":{"@type":"ImageObject","@id":"https:\/\/minutobahia24h.com.br\/?p=23009#authorImage","url":"https:\/\/secure.gravatar.com\/avatar\/0ec5eafed5f3925c321625d79a680d589901b94bca787ae396a35f6c4a960922?s=96&d=mm&r=g","width":96,"height":96,"caption":"andre"}},{"@type":"WebPage","@id":"https:\/\/minutobahia24h.com.br\/?p=23009#webpage","url":"https:\/\/minutobahia24h.com.br\/?p=23009","name":"Ano letivo na rede estadual da BA come\u00e7a com refor\u00e7o de concursados - Minuto Bahia 24h","description":"A Secretaria da Educa\u00e7\u00e3o da Bahia (SEC-BA) empossou 1.405 educadores aprovados, convocados e nomeados no concurso p\u00fablico regido pelo Edital Saeb n\u00b0 03\/2022. Ao todo, s\u00e3o 922 professores; 469 coordenadores pedag\u00f3gicos; e 14 coordenadores pedag\u00f3gicos ind\u00edgenas, que estavam inseridos na terceira lista de convocados, publicada no m\u00eas de setembro de 2024. Os educadores, a exemplo","inLanguage":"pt-BR","isPartOf":{"@id":"https:\/\/minutobahia24h.com.br\/#website"},"breadcrumb":{"@id":"https:\/\/minutobahia24h.com.br\/?p=23009#breadcrumblist"},"author":{"@id":"https:\/\/minutobahia24h.com.br\/?author=2#author"},"creator":{"@id":"https:\/\/minutobahia24h.com.br\/?author=2#author"},"image":{"@type":"ImageObject","url":"https:\/\/i0.wp.com\/minutobahia24h.com.br\/wp-content\/uploads\/2025\/01\/Sem-titulo-414.jpg?fit=697%2C379&ssl=1","@id":"https:\/\/minutobahia24h.com.br\/?p=23009\/#mainImage","width":697,"height":379},"primaryImageOfPage":{"@id":"https:\/\/minutobahia24h.com.br\/?p=23009#mainImage"},"datePublished":"2025-01-22T11:27:30-03:00","dateModified":"2025-01-22T11:27:31-03:00"},{"@type":"WebSite","@id":"https:\/\/minutobahia24h.com.br\/#website","url":"https:\/\/minutobahia24h.com.br\/","name":"Minuto Bahia 24h","description":"O seu portal de not\u00edcias","inLanguage":"pt-BR","publisher":{"@id":"https:\/\/minutobahia24h.com.br\/#organization"}}]},"og:locale":"pt_BR","og:site_name":"Minuto Bahia 24h - O seu portal de not\u00edcias","og:type":"article","og:title":"Ano letivo na rede estadual da BA come\u00e7a com refor\u00e7o de concursados - Minuto Bahia 24h","og:description":"A Secretaria da Educa\u00e7\u00e3o da Bahia (SEC-BA) empossou 1.405 educadores aprovados, convocados e nomeados no concurso p\u00fablico regido pelo Edital Saeb n\u00b0 03\/2022. Ao todo, s\u00e3o 922 professores; 469 coordenadores pedag\u00f3gicos; e 14 coordenadores pedag\u00f3gicos ind\u00edgenas, que estavam inseridos na terceira lista de convocados, publicada no m\u00eas de setembro de 2024. Os educadores, a exemplo","og:url":"https:\/\/minutobahia24h.com.br\/?p=23009","og:image":"https:\/\/minutobahia24h.com.br\/wp-content\/uploads\/2025\/01\/Sem-titulo-414.jpg","og:image:secure_url":"https:\/\/minutobahia24h.com.br\/wp-content\/uploads\/2025\/01\/Sem-titulo-414.jpg","og:image:width":697,"og:image:height":379,"article:published_time":"2025-01-22T14:27:30+00:00","article:modified_time":"2025-01-22T14:27:31+00:00","twitter:card":"summary_large_image","twitter:title":"Ano letivo na rede estadual da BA come\u00e7a com refor\u00e7o de concursados - Minuto Bahia 24h","twitter:description":"A Secretaria da Educa\u00e7\u00e3o da Bahia (SEC-BA) empossou 1.405 educadores aprovados, convocados e nomeados no concurso p\u00fablico regido pelo Edital Saeb n\u00b0 03\/2022. Ao todo, s\u00e3o 922 professores; 469 coordenadores pedag\u00f3gicos; e 14 coordenadores pedag\u00f3gicos ind\u00edgenas, que estavam inseridos na terceira lista de convocados, publicada no m\u00eas de setembro de 2024. Os educadores, a exemplo","twitter:image":"https:\/\/minutobahia24h.com.br\/wp-content\/uploads\/2025\/01\/Sem-titulo-414.jpg"},"aioseo_meta_data":{"post_id":"23009","title":null,"description":null,"keywords":null,"keyphrases":{"focus":{"keyphrase":"","score":0,"analysis":{"keyphraseInTitle":{"score":0,"maxScore":9,"error":1}}},"additional":[]},"primary_term":null,"canonical_url":null,"og_title":null,"og_description":null,"og_object_type":"default","og_image_type":"default","og_image_url":null,"og_image_width":null,"og_image_height":null,"og_image_custom_url":null,"og_image_custom_fields":null,"og_video":"","og_custom_url":null,"og_article_section":null,"og_article_tags":null,"twitter_use_og":true,"twitter_card":"default","twitter_image_type":"default","twitter_image_url":null,"twitter_image_custom_url":null,"twitter_image_custom_fields":null,"twitter_title":null,"twitter_description":null,"schema":{"blockGraphs":[],"customGraphs":[],"default":{"data":{"Article":[],"Course":[],"Dataset":[],"FAQPage":[],"Movie":[],"Person":[],"Product":[],"ProductReview":[],"Car":[],"Recipe":[],"Service":[],"SoftwareApplication":[],"WebPage":[]},"graphName":"BlogPosting","isEnabled":true},"graphs":[]},"schema_type":"default","schema_type_options":null,"pillar_content":false,"robots_default":true,"robots_noindex":false,"robots_noarchive":false,"robots_nosnippet":false,"robots_nofollow":false,"robots_noimageindex":false,"robots_noodp":false,"robots_notranslate":false,"robots_max_snippet":"-1","robots_max_videopreview":"-1","robots_max_imagepreview":"large","priority":null,"frequency":"default","local_seo":null,"breadcrumb_settings":null,"limit_modified_date":false,"ai":null,"created":"2025-01-22 14:27:31","updated":"2025-06-05 10:54:17","seo_analyzer_scan_date":null,"focus_keyword":null,"additional_keywords":null,"truseo_locale":null},"aioseo_breadcrumb":"<div class=\"aioseo-breadcrumbs\"><span class=\"aioseo-breadcrumb\">\n\t\t\t<a href=\"https:\/\/minutobahia24h.com.br\" title=\"In\u00edcio\">In\u00edcio<\/a>\n\t\t<\/span><span class=\"aioseo-breadcrumb-separator\">&raquo;<\/span><span class=\"aioseo-breadcrumb\">\n\t\t\t<a href=\"https:\/\/minutobahia24h.com.br\/?cat=34\" title=\"Educa\u00e7\u00e3o\">Educa\u00e7\u00e3o<\/a>\n\t\t<\/span><span class=\"aioseo-breadcrumb-separator\">&raquo;<\/span><span class=\"aioseo-breadcrumb\">\n\t\t\tAno letivo na rede estadual da BA come\u00e7a com refor\u00e7o de concursados\n\t\t<\/span><\/div>","aioseo_breadcrumb_json":[{"label":"In\u00edcio","link":"https:\/\/minutobahia24h.com.br"},{"label":"Educa\u00e7\u00e3o","link":"https:\/\/minutobahia24h.com.br\/?cat=34"},{"label":"Ano letivo na rede estadual da BA come\u00e7a com refor\u00e7o de concursados","link":"https:\/\/minutobahia24h.com.br\/?p=23009"}],"jetpack_sharing_enabled":true,"jetpack_featured_media_url":"https:\/\/i0.wp.com\/minutobahia24h.com.br\/wp-content\/uploads\/2025\/01\/Sem-titulo-414.jpg?fit=697%2C379&ssl=1","_links":{"self":[{"href":"https:\/\/minutobahia24h.com.br\/index.php?rest_route=\/wp\/v2\/posts\/23009","targetHints":{"allow":["GET"]}}],"collection":[{"href":"https:\/\/minutobahia24h.com.br\/index.php?rest_route=\/wp\/v2\/posts"}],"about":[{"href":"https:\/\/minutobahia24h.com.br\/index.php?rest_route=\/wp\/v2\/types\/post"}],"author":[{"embeddable":true,"href":"https:\/\/minutobahia24h.com.br\/index.php?rest_route=\/wp\/v2\/users\/2"}],"replies":[{"embeddable":true,"href":"https:\/\/minutobahia24h.com.br\/index.php?rest_route=%2Fwp%2Fv2%2Fcomments&post=23009"}],"version-history":[{"count":1,"href":"https:\/\/minutobahia24h.com.br\/index.php?rest_route=\/wp\/v2\/posts\/23009\/revisions"}],"predecessor-version":[{"id":23011,"href":"https:\/\/minutobahia24h.com.br\/index.php?rest_route=\/wp\/v2\/posts\/23009\/revisions\/23011"}],"wp:featuredmedia":[{"embeddable":true,"href":"https:\/\/minutobahia24h.com.br\/index.php?rest_route=\/wp\/v2\/media\/23010"}],"wp:attachment":[{"href":"https:\/\/minutobahia24h.com.br\/index.php?rest_route=%2Fwp%2Fv2%2Fmedia&parent=23009"}],"wp:term":[{"taxonomy":"category","embeddable":true,"href":"https:\/\/minutobahia24h.com.br\/index.php?rest_route=%2Fwp%2Fv2%2Fcategories&post=23009"},{"taxonomy":"post_tag","embeddable":true,"href":"https:\/\/minutobahia24h.com.br\/index.php?rest_route=%2Fwp%2Fv2%2Ftags&post=23009"}],"curies":[{"name":"wp","href":"https:\/\/api.w.org\/{rel}","templated":true}]}}