{"id":22974,"date":"2025-01-22T07:34:03","date_gmt":"2025-01-22T10:34:03","guid":{"rendered":"https:\/\/minutobahia24h.com.br\/?p=22974"},"modified":"2025-01-22T07:34:04","modified_gmt":"2025-01-22T10:34:04","slug":"eleicoes-do-congresso-tem-disputas-alem-das-presidencias-veja-articulacoes-e-o-que-esta-em-jogo","status":"publish","type":"post","link":"https:\/\/minutobahia24h.com.br\/?p=22974","title":{"rendered":"Elei\u00e7\u00f5es do Congresso t\u00eam disputas al\u00e9m das presid\u00eancias; veja articula\u00e7\u00f5es e o que est\u00e1 em jogo"},"content":{"rendered":"\n<p>Mas os cargos tamb\u00e9m<strong>\u00a0s\u00e3o respons\u00e1veis por decis\u00f5es pol\u00edticas<\/strong>: na C\u00e2mara, a Mesa pode encaminhar representa\u00e7\u00f5es disciplinares contra parlamentares para o Conselho de \u00c9tica. E \u00e9 tamb\u00e9m s\u00f3 ap\u00f3s a aprova\u00e7\u00e3o da Mesa nas duas Casas que\u00a0um parlamentar cassado pela Justi\u00e7a Eleitoral pode, de fato, perder seu mandato.<\/p>\n\n\n\n<p>Al\u00e9m disso, os cargos s\u00e3o cobi\u00e7ados porque os titulares, tanto na C\u00e2mara quanto no Senado, levam todos os funcion\u00e1rios daquele \u00f3rg\u00e3o, al\u00e9m dos funcion\u00e1rios do seu pr\u00f3prio gabinete. Portanto, h\u00e1 mais estrutura e espa\u00e7o para indica\u00e7\u00f5es.<\/p>\n\n\n\n<p><strong>A negocia\u00e7\u00e3o para os cargos leva em considera\u00e7\u00e3o dois aspectos:<\/strong><\/p>\n\n\n\n<ul class=\"wp-block-list\">\n<li>o tamanho dos partidos, j\u00e1 que as maiores siglas t\u00eam a prerrogativa de fazerem a escolha primeiro;<\/li>\n\n\n\n<li>e os acordos firmados na hora da forma\u00e7\u00e3o de blocos, ou seja, as legendas que apoiam o candidato \u00e0 presid\u00eancia que sai vencedor tamb\u00e9m t\u00eam prioridade na defini\u00e7\u00e3o das fun\u00e7\u00f5es.<\/li>\n<\/ul>\n\n\n<div class=\"wp-block-image\">\n<figure class=\"aligncenter size-full\"><img data-recalc-dims=\"1\" fetchpriority=\"high\" decoding=\"async\" width=\"800\" height=\"493\" src=\"https:\/\/i0.wp.com\/minutobahia24h.com.br\/wp-content\/uploads\/2025\/01\/Sem-titulo-406.jpg?resize=800%2C493&#038;ssl=1\" alt=\"\" class=\"wp-image-22975\" srcset=\"https:\/\/i0.wp.com\/minutobahia24h.com.br\/wp-content\/uploads\/2025\/01\/Sem-titulo-406.jpg?w=984&amp;ssl=1 984w, https:\/\/i0.wp.com\/minutobahia24h.com.br\/wp-content\/uploads\/2025\/01\/Sem-titulo-406.jpg?resize=300%2C185&amp;ssl=1 300w, https:\/\/i0.wp.com\/minutobahia24h.com.br\/wp-content\/uploads\/2025\/01\/Sem-titulo-406.jpg?resize=768%2C474&amp;ssl=1 768w, https:\/\/i0.wp.com\/minutobahia24h.com.br\/wp-content\/uploads\/2025\/01\/Sem-titulo-406.jpg?resize=750%2C463&amp;ssl=1 750w\" sizes=\"(max-width: 800px) 100vw, 800px\" \/><figcaption class=\"wp-element-caption\">Discuss\u00e3o e vota\u00e7\u00e3o de propostas legislativas na C\u00e2mara dos Deputados. \u2014 Foto: Bruno Spada\/C\u00e2mara dos Deputados<\/figcaption><\/figure>\n<\/div>\n\n\n<h2 class=\"wp-block-heading\">C\u00e2mara dos Deputados<\/h2>\n\n\n\n<p>A elei\u00e7\u00e3o do deputado Hugo Motta (Republicanos-PB) para a presid\u00eancia est\u00e1 consolidada. Com um arco de apoio que vai do PL ao PT, o parlamentar tem o endosso de partidos que somam quase 500 dos 513 deputados.<\/p>\n\n\n\n<p>Pelo acordo, a&nbsp;<strong>1\u00aa vice-presid\u00eancia<\/strong>&nbsp;ficar\u00e1 com o PL, que deve indicar o deputado Altineu C\u00f4rtes (PL-RJ). A cadeira \u00e9 estrat\u00e9gica, j\u00e1 que o deputado pode comandar as sess\u00f5es do Congresso Nacional na aus\u00eancia do presidente do Senado.<\/p>\n\n\n\n<p>Nas sess\u00f5es do Congresso, os parlamentares&nbsp;analisam os vetos presidenciais e podem contrariar decis\u00f5es do Executivo.&nbsp;Por isso, governistas t\u00eam alertado que ter um deputado do PL presidindo o Congresso pode causar \u201cdor de cabe\u00e7a\u201d no Pal\u00e1cio do Planalto.<\/p>\n\n\n\n<p>J\u00e1 a&nbsp;<strong>2\u00aa vice-presid\u00eancia&nbsp;<\/strong>est\u00e1 indefinida. A cadeira \u00e9 pleiteada por Uni\u00e3o Brasil e PP. Parlamentares do Uni\u00e3o afirmam que fecharam um acordo com Hugo Motta para ter o posto.<\/p>\n\n\n\n<p>O nome do titular, segundo eles, ser\u00e1 definido ap\u00f3s a escolha do novo l\u00edder da sigla \u2014 o que deve acontecer ainda no dia 1\u00ba de fevereiro, pela manh\u00e3.<\/p>\n\n\n\n<p>Mas o deputado Lula da Fonte (PP-PE) afirma que o cargo ser\u00e1 do seu partido e ele ser\u00e1 o indicado.<\/p>\n\n\n\n<p>A&nbsp;<strong>1\u00aa Secretaria,&nbsp;<\/strong>a mais importante da Casa e que funciona como uma&nbsp;<strong>\u201cprefeitura\u201d da C\u00e2mara<\/strong>, ficar\u00e1 com o PT. O partido escolheu o deputado Carlos Veras (PT-PE) para a cadeira, respons\u00e1vel pelas despesas da C\u00e2mara, como obras e reformas.<\/p>\n\n\n\n<p>Os demais cargos na Mesa seguem indefinidos:<\/p>\n\n\n\n<p><strong>\u27a1\ufe0f2\u00aa Secretaria<\/strong>: PP ou Uni\u00e3o Brasil. O acordo sobre o posto depende do acerto sobre quem vai ficar com a 2\u00aa vice-presid\u00eancia. A 2\u00aa Secretaria \u00e9 respons\u00e1vel pelos passaportes diplom\u00e1ticos dos deputados<\/p>\n\n\n\n<p><strong>\u27a1\ufe0f3\u00aa Secretaria<\/strong>: PSD ou MDB. Cargo \u00e9 respons\u00e1vel pelo reembolso de passagens a\u00e9reas e analisa pedidos de licen\u00e7a.<\/p>\n\n\n\n<p><strong>\u27a1\ufe0f4\u00aa Secretaria:<\/strong>&nbsp;PSD ou MDB. O deputado titular tem como compet\u00eancia supervisionar os apartamentos funcionais dos parlamentares.<\/p>\n\n\n\n<figure class=\"wp-block-image\"><img data-recalc-dims=\"1\" decoding=\"async\" src=\"https:\/\/i0.wp.com\/s2-g1.glbimg.com\/suP_yCjIR4Yf4gVSu-gmfU3Xk9Y%3D\/0x0%3A3840x2160\/984x0\/smart\/filters%3Astrip_icc%28%29\/i.s3.glbimg.com\/v1\/AUTH_59edd422c0c84a879bd37670ae4f538a\/internal_photos\/bs\/2024\/2\/g\/pyqKPyTB2ej3Da0nIJbw\/globo-canal-4-20241212-2000-frame-69444.jpeg?w=800&#038;ssl=1\" alt=\"Plen\u00e1rio do Senado \u2014 Foto: Jornal Nacional\/ Reprodu\u00e7\u00e3o\"\/><\/figure>\n\n\n\n<p>Plen\u00e1rio do Senado \u2014 Foto: Jornal Nacional\/ Reprodu\u00e7\u00e3o<\/p>\n\n\n\n<p>Senado<\/p>\n\n\n\n<p>No Senado,&nbsp;<a class=\"\" href=\"https:\/\/g1.globo.com\/politica\/politico\/davi-alcolumbre\/\">Davi Alcolumbre<\/a>&nbsp;(Uni\u00e3o-AP) deve ser eleito presidente com folga.<\/p>\n\n\n\n<p>A exemplo da C\u00e2mara,<strong>&nbsp;a 1\u00aa vice-presid\u00eancia<\/strong>&nbsp;tamb\u00e9m deve ficar com o PL. O nome cotado at\u00e9 aqui \u00e9 o do senador Eduardo Gomes (PL-TO). O senador j\u00e1 foi l\u00edder do governo do ex-presidente Jair Bolsonaro, mas apesar de ser da oposi\u00e7\u00e3o tem um perfil conciliador.<\/p>\n\n\n\n<p>A presen\u00e7a do PL na Mesa do Senado indica um espa\u00e7o muito maior da oposi\u00e7\u00e3o com a nova presid\u00eancia. Na Mesa anterior, o partido de Bolsonaro ficou sem espa\u00e7o depois de tentar vencer a disputa contra Rodrigo Pacheco (PSD-MG). Como resultado, passou a legislatura com baixa presen\u00e7a nas comiss\u00f5es da Casa.<\/p>\n\n\n\n<p><strong>A 2\u00aa vice-presid\u00eancia<\/strong>&nbsp;ficar\u00e1 com o PT, que indicou o senador Humberto Costa (PT-PE) para a cadeira. O partido deve se reunir um dia antes da elei\u00e7\u00e3o, em 31 de janeiro, para finalizar as negocia\u00e7\u00f5es, j\u00e1 que tamb\u00e9m pleiteia o comando de comiss\u00f5es do Senado.<\/p>\n\n\n\n<p>Tamb\u00e9m respons\u00e1vel pelas despesas do Senado, a&nbsp;<strong>1\u00aa Secretaria<\/strong>&nbsp;ser\u00e1 do PSD, que indicou a senadora Daniela Ribeiro (PB).<\/p>\n\n\n\n<p><strong>A 4\u00aa Secretaria&nbsp;<\/strong>foi prometida ao PP. Um dos cotados, o senador La\u00e9rcio Oliveira (SE) diz que a defini\u00e7\u00e3o do nome deve ser feita na pr\u00f3xima semana e depende, tamb\u00e9m, da escolha do novo l\u00edder da legenda no Senado.<\/p>\n\n\n\n<p><strong>As segunda e terceira secretarias<\/strong>&nbsp;ainda precisam ser definidas. Elas s\u00e3o respons\u00e1veis, respectivamente, por lavrar as atas das sess\u00f5es secretas e pela contagem de votos em verifica\u00e7\u00e3o de vota\u00e7\u00f5es.<\/p>\n\n\n\n<h2 class=\"wp-block-heading\">Or\u00e7amento<\/h2>\n\n\n\n<p>A costura passa tamb\u00e9m por acordos envolvendo a presid\u00eancia da<strong>&nbsp;Comiss\u00e3o Mista de Or\u00e7amento (CMO),<\/strong>&nbsp;colegiado composto por deputados e senadores, e pela relatoria do Or\u00e7amento de 2026.<\/p>\n\n\n\n<p>A cada ano, a presid\u00eancia da CMO \u00e9 revezada entre um deputado e um senador. Em 2025, o cargo caber\u00e1 ao Senado \u2014 e, segundo parlamentares, ainda n\u00e3o foi definido o partido que ocupar\u00e1 a vaga.<\/p>\n\n\n\n<p>J\u00e1 a relatoria do Or\u00e7amento, que \u00e9 votada na CMO, virou uma \u201cgrande briga\u201d entre MDB e Uni\u00e3o Brasil, nas palavras de parlamentares das duas legendas.<\/p>\n\n\n\n<p>Inicialmente, a promessa era que o Uni\u00e3o Brasil ficaria com a fun\u00e7\u00e3o \u2014 cobi\u00e7ada por mexer com todos os recursos da Uni\u00e3o. Mas a demora do partido em declarar apoio a Hugo Motta empurrou o cargo para o MDB \u2014 que, agora, n\u00e3o abre m\u00e3o da fun\u00e7\u00e3o.<\/p>\n\n\n\n<h2 class=\"wp-block-heading\">Comiss\u00e3o de Constitui\u00e7\u00e3o e Justi\u00e7a (CCJ)<\/h2>\n\n\n\n<p>A Comiss\u00e3o da Constitui\u00e7\u00e3o e Justi\u00e7a da C\u00e2mara e do Senado, a mais importante das duas Casas,&nbsp;tamb\u00e9m passa pelo jogo de xadrez.<\/p>\n\n\n\n<p>No Senado, a expectativa \u00e9 que o comando do colegiado&nbsp;<strong>fique com um governista<\/strong>. No entanto, as negocia\u00e7\u00f5es ainda n\u00e3o foram finalizadas e&nbsp;podem ser influenciadas pela reforma ministerial&nbsp;que deve ser anunciada pelo governo de Luiz In\u00e1cio Lula da Silva (PT) nos pr\u00f3ximos dias.<\/p>\n\n\n\n<p>Isso porque, se um partido for muito bem contemplado na Esplanada, pode ter que abrir m\u00e3o de espa\u00e7os no Congresso.<\/p>\n\n\n\n<p>Na C\u00e2mara, o acordo inicial estabelecia que a presid\u00eancia da CCJ ficaria em 2025 com o MDB e em 2026 com o Uni\u00e3o Brasil. Contudo, a defini\u00e7\u00e3o vai depender de qual partido ficar\u00e1 com a relatoria do Or\u00e7amento.<\/p>\n","protected":false},"excerpt":{"rendered":"<p>Mas os cargos tamb\u00e9m\u00a0s\u00e3o respons\u00e1veis por decis\u00f5es pol\u00edticas: na C\u00e2mara, a Mesa pode encaminhar representa\u00e7\u00f5es disciplinares contra parlamentares para o Conselho de \u00c9tica. E \u00e9 tamb\u00e9m s\u00f3 ap\u00f3s a aprova\u00e7\u00e3o da Mesa nas duas Casas que\u00a0um parlamentar cassado pela Justi\u00e7a Eleitoral pode, de fato, perder seu mandato. Al\u00e9m disso, os cargos s\u00e3o cobi\u00e7ados porque os [&hellip;]<\/p>\n","protected":false},"author":2,"featured_media":22975,"comment_status":"open","ping_status":"open","sticky":false,"template":"","format":"standard","meta":{"_jetpack_memberships_contains_paid_content":false,"footnotes":""},"categories":[39],"tags":[],"class_list":["post-22974","post","type-post","status-publish","format-standard","has-post-thumbnail","hentry","category-politica"],"aioseo_notices":[],"jetpack_featured_media_url":"https:\/\/i0.wp.com\/minutobahia24h.com.br\/wp-content\/uploads\/2025\/01\/Sem-titulo-406.jpg?fit=984%2C607&ssl=1","jetpack_sharing_enabled":true,"_links":{"self":[{"href":"https:\/\/minutobahia24h.com.br\/index.php?rest_route=\/wp\/v2\/posts\/22974","targetHints":{"allow":["GET"]}}],"collection":[{"href":"https:\/\/minutobahia24h.com.br\/index.php?rest_route=\/wp\/v2\/posts"}],"about":[{"href":"https:\/\/minutobahia24h.com.br\/index.php?rest_route=\/wp\/v2\/types\/post"}],"author":[{"embeddable":true,"href":"https:\/\/minutobahia24h.com.br\/index.php?rest_route=\/wp\/v2\/users\/2"}],"replies":[{"embeddable":true,"href":"https:\/\/minutobahia24h.com.br\/index.php?rest_route=%2Fwp%2Fv2%2Fcomments&post=22974"}],"version-history":[{"count":1,"href":"https:\/\/minutobahia24h.com.br\/index.php?rest_route=\/wp\/v2\/posts\/22974\/revisions"}],"predecessor-version":[{"id":22976,"href":"https:\/\/minutobahia24h.com.br\/index.php?rest_route=\/wp\/v2\/posts\/22974\/revisions\/22976"}],"wp:featuredmedia":[{"embeddable":true,"href":"https:\/\/minutobahia24h.com.br\/index.php?rest_route=\/wp\/v2\/media\/22975"}],"wp:attachment":[{"href":"https:\/\/minutobahia24h.com.br\/index.php?rest_route=%2Fwp%2Fv2%2Fmedia&parent=22974"}],"wp:term":[{"taxonomy":"category","embeddable":true,"href":"https:\/\/minutobahia24h.com.br\/index.php?rest_route=%2Fwp%2Fv2%2Fcategories&post=22974"},{"taxonomy":"post_tag","embeddable":true,"href":"https:\/\/minutobahia24h.com.br\/index.php?rest_route=%2Fwp%2Fv2%2Ftags&post=22974"}],"curies":[{"name":"wp","href":"https:\/\/api.w.org\/{rel}","templated":true}]}}