{"id":22965,"date":"2025-01-22T07:28:32","date_gmt":"2025-01-22T10:28:32","guid":{"rendered":"https:\/\/minutobahia24h.com.br\/?p=22965"},"modified":"2025-01-22T07:28:34","modified_gmt":"2025-01-22T10:28:34","slug":"lula-admite-possibilidade-de-nao-disputar-a-reeleicao-em-2026","status":"publish","type":"post","link":"https:\/\/minutobahia24h.com.br\/?p=22965","title":{"rendered":"Lula admite possibilidade de n\u00e3o disputar a reelei\u00e7\u00e3o em 2026"},"content":{"rendered":"<div class=\"wp-block-image\">\n<figure class=\"aligncenter size-full\"><img data-recalc-dims=\"1\" fetchpriority=\"high\" decoding=\"async\" width=\"596\" height=\"418\" src=\"https:\/\/i0.wp.com\/minutobahia24h.com.br\/wp-content\/uploads\/2025\/01\/Sem-titulo-403.jpg?resize=596%2C418&#038;ssl=1\" alt=\"\" class=\"wp-image-22966\" srcset=\"https:\/\/i0.wp.com\/minutobahia24h.com.br\/wp-content\/uploads\/2025\/01\/Sem-titulo-403.jpg?w=596&amp;ssl=1 596w, https:\/\/i0.wp.com\/minutobahia24h.com.br\/wp-content\/uploads\/2025\/01\/Sem-titulo-403.jpg?resize=300%2C210&amp;ssl=1 300w\" sizes=\"(max-width: 596px) 100vw, 596px\" \/><figcaption class=\"wp-element-caption\">Foto: Ricardo Stuckert\/PR<\/figcaption><\/figure>\n<\/div>\n\n\n<p>O presidente Lula (PT) admitiu pela primeira vez a possibilidade de n\u00e3o disputar a reelei\u00e7\u00e3o em 2026. Lula falou sobre o assunto durante uma reuni\u00e3o ministerial, que ocorreu nesta segunda-feira (20), na Granja do Torto, resid\u00eancia de veraneio do presidente em Bras\u00edlia, no Distrito Federal.<\/p>\n\n\n\n<p>A fala surpreendeu os ministros presentes, que teriam afirmado que o presidente mencionou que a decis\u00e3o depender\u00e1 exclusivamente da \u201cvontade de Deus\u201d. Apesar de a fala surpreender, os ministros ainda acreditam que Lula dever\u00e1 ser o candidato, por n\u00e3o haver sucessor \u00e0 sua altura para a disputa.<\/p>\n\n\n\n<p>O presidente justificou sua decis\u00e3o e mencionou as situa\u00e7\u00f5es recentes em que esteve em risco, como em outubro de 2024, quando a aeronave presidencial precisou sobrevoar a Cidade do M\u00e9xico por 5 horas, ap\u00f3s um problema t\u00e9cnico, para queimar combust\u00edvel e retornar em seguran\u00e7a ao aeroporto do qual havia decolado.<\/p>\n\n\n\n<p>A recente cirurgia na cabe\u00e7a ap\u00f3s uma queda no banheiro em outubro de 2024 tamb\u00e9m foi citada. Lula contou que, \u00e0 \u00e9poca, haveria risco de morte, caso n\u00e3o tivesse passado por procedimento cir\u00fargico em S\u00e3o Paulo. Em dezembro, o presidente precisou passar por outros dois procedimentos cranianos.<\/p>\n\n\n\n<p>Lula solicitou que os ministros, dentro de seus partidos, se empenhem para que o governo ganhasse as elei\u00e7\u00f5es em 2026, independente de quem fosse o candidato situacionista. Sobre os partidos da base aliada, Lula tamb\u00e9m reclamou.<br>Segundo ele, os pol\u00edticos n\u00e3o assumem ser parte do governo, como PSD, MDB, Republicanos, Uni\u00e3o e PP. \u201cEu quero que esses partidos continuem juntos, mas estamos chegando no processo eleitoral e a gente n\u00e3o sabe se os partidos que voc\u00eas representam querem continuar trabalhando conosco ou n\u00e3o. E essa \u00e9 uma tarefa tamb\u00e9m de voc\u00eas neste ano de 2025 e \u00e9 uma tarefa grande\u201d, declarou o presidente.<\/p>\n\n\n\n<p>Bahia.ba<\/p>\n","protected":false},"excerpt":{"rendered":"<p>O presidente Lula (PT) admitiu pela primeira vez a possibilidade de n\u00e3o disputar a reelei\u00e7\u00e3o em 2026. Lula falou sobre o assunto durante uma reuni\u00e3o ministerial, que ocorreu nesta segunda-feira (20), na Granja do Torto, resid\u00eancia de veraneio do presidente em Bras\u00edlia, no Distrito Federal. A fala surpreendeu os ministros presentes, que teriam afirmado que [&hellip;]<\/p>\n","protected":false},"author":2,"featured_media":22966,"comment_status":"open","ping_status":"open","sticky":false,"template":"","format":"standard","meta":{"_jetpack_memberships_contains_paid_content":false,"footnotes":""},"categories":[39],"tags":[],"class_list":["post-22965","post","type-post","status-publish","format-standard","has-post-thumbnail","hentry","category-politica"],"aioseo_notices":[],"jetpack_featured_media_url":"https:\/\/i0.wp.com\/minutobahia24h.com.br\/wp-content\/uploads\/2025\/01\/Sem-titulo-403.jpg?fit=596%2C418&ssl=1","jetpack_sharing_enabled":true,"_links":{"self":[{"href":"https:\/\/minutobahia24h.com.br\/index.php?rest_route=\/wp\/v2\/posts\/22965","targetHints":{"allow":["GET"]}}],"collection":[{"href":"https:\/\/minutobahia24h.com.br\/index.php?rest_route=\/wp\/v2\/posts"}],"about":[{"href":"https:\/\/minutobahia24h.com.br\/index.php?rest_route=\/wp\/v2\/types\/post"}],"author":[{"embeddable":true,"href":"https:\/\/minutobahia24h.com.br\/index.php?rest_route=\/wp\/v2\/users\/2"}],"replies":[{"embeddable":true,"href":"https:\/\/minutobahia24h.com.br\/index.php?rest_route=%2Fwp%2Fv2%2Fcomments&post=22965"}],"version-history":[{"count":1,"href":"https:\/\/minutobahia24h.com.br\/index.php?rest_route=\/wp\/v2\/posts\/22965\/revisions"}],"predecessor-version":[{"id":22967,"href":"https:\/\/minutobahia24h.com.br\/index.php?rest_route=\/wp\/v2\/posts\/22965\/revisions\/22967"}],"wp:featuredmedia":[{"embeddable":true,"href":"https:\/\/minutobahia24h.com.br\/index.php?rest_route=\/wp\/v2\/media\/22966"}],"wp:attachment":[{"href":"https:\/\/minutobahia24h.com.br\/index.php?rest_route=%2Fwp%2Fv2%2Fmedia&parent=22965"}],"wp:term":[{"taxonomy":"category","embeddable":true,"href":"https:\/\/minutobahia24h.com.br\/index.php?rest_route=%2Fwp%2Fv2%2Fcategories&post=22965"},{"taxonomy":"post_tag","embeddable":true,"href":"https:\/\/minutobahia24h.com.br\/index.php?rest_route=%2Fwp%2Fv2%2Ftags&post=22965"}],"curies":[{"name":"wp","href":"https:\/\/api.w.org\/{rel}","templated":true}]}}