{"id":22956,"date":"2025-01-22T07:16:01","date_gmt":"2025-01-22T10:16:01","guid":{"rendered":"https:\/\/minutobahia24h.com.br\/?p=22956"},"modified":"2025-01-22T07:16:02","modified_gmt":"2025-01-22T10:16:02","slug":"governo-do-estado-e-sudesb-devem-aportar-r-35-mi-em-projeto-de-reforma-do-estadio-adauto-moraes","status":"publish","type":"post","link":"https:\/\/minutobahia24h.com.br\/?p=22956","title":{"rendered":"Governo do Estado e Sudesb devem aportar R$ 3,5 mi em projeto de reforma do Est\u00e1dio Adauto Moraes"},"content":{"rendered":"<div class=\"wp-block-image\">\n<figure class=\"aligncenter size-large\"><img data-recalc-dims=\"1\" fetchpriority=\"high\" decoding=\"async\" width=\"800\" height=\"420\" src=\"https:\/\/i0.wp.com\/minutobahia24h.com.br\/wp-content\/uploads\/2025\/01\/Sem-titulo-400-1024x538.jpg?resize=800%2C420&#038;ssl=1\" alt=\"\" class=\"wp-image-22957\" srcset=\"https:\/\/i0.wp.com\/minutobahia24h.com.br\/wp-content\/uploads\/2025\/01\/Sem-titulo-400.jpg?resize=1024%2C538&amp;ssl=1 1024w, https:\/\/i0.wp.com\/minutobahia24h.com.br\/wp-content\/uploads\/2025\/01\/Sem-titulo-400.jpg?resize=300%2C158&amp;ssl=1 300w, https:\/\/i0.wp.com\/minutobahia24h.com.br\/wp-content\/uploads\/2025\/01\/Sem-titulo-400.jpg?resize=768%2C403&amp;ssl=1 768w, https:\/\/i0.wp.com\/minutobahia24h.com.br\/wp-content\/uploads\/2025\/01\/Sem-titulo-400.jpg?resize=750%2C394&amp;ssl=1 750w, https:\/\/i0.wp.com\/minutobahia24h.com.br\/wp-content\/uploads\/2025\/01\/Sem-titulo-400.jpg?resize=1140%2C599&amp;ssl=1 1140w, https:\/\/i0.wp.com\/minutobahia24h.com.br\/wp-content\/uploads\/2025\/01\/Sem-titulo-400.jpg?w=1200&amp;ssl=1 1200w\" sizes=\"(max-width: 800px) 100vw, 800px\" \/><figcaption class=\"wp-element-caption\">Foto: Divulga\u00e7\u00e3o\/Juazeirense<br><\/figcaption><\/figure>\n<\/div>\n\n\n<p>Desde o in\u00edcio do Campeonato Baiano desta temporada, o estado do gramado do Est\u00e1dio Adauto Moraes, da Juazeirense, voltou a ser tema de discuss\u00e3o. A pol\u00eamica ganhou for\u00e7a ap\u00f3s\u00a0<a href=\"https:\/\/www.bahianoticias.com.br\/esportes\/vitoria\/28950-fabio-mota-detona-gramado-da-juazeirense-proxima-adversaria-do-vitoria-no-baianao\" target=\"_blank\" rel=\"noreferrer noopener\">o presidente do Vit\u00f3ria, F\u00e1bio Mota, classificar o campo como \u201co pior entre os est\u00e1dios do futebol brasileiro\u201d<\/a>, opini\u00e3o endossada por muitos torcedores de outros clubes baianos.<\/p>\n\n\n\n<p>&#8220;Fui para todos os jogos do Vit\u00f3ria desde a S\u00e9rie C, mas o gramado do Adauto Moraes \u00e9 o pior que h\u00e1 em todas as divis\u00f5es do Campeonato Brasileiro. Quando voc\u00ea joga no Adauto Moraes iguala tudo. Vou dizer mais: eu acho que \u00e9 de prop\u00f3sito. Muda prefeito e o gramado do Adauto Moraes continua a mesma coisa. Eu acho que eles n\u00e3o querem fazer a mudan\u00e7a&#8221;, comentou o presidente do Vit\u00f3ria.<\/p>\n\n\n\n<p>No dia 15 de janeiro, durante a partida entre Juazeirense e Vit\u00f3ria, v\u00e1lida pela 2\u00aa rodada do Baian\u00e3o, o presidente da Juazeirense e deputado estadual de Juazeiro, Roberto Carlos Leal, reagiu \u00e0s declara\u00e7\u00f5es,\u00a0<a href=\"https:\/\/www.bahianoticias.com.br\/esportes\/noticia\/72601-presidente-da-juazeirense-cobra-desculpas-de-fabio-mota-por-criticas-ao-gramado-desrespeitoso-e-preconceituoso\" target=\"_blank\" rel=\"noreferrer noopener\">exigindo publicamente um pedido de desculpas do dirigente rubro-negro e acusando-o de ser \u201cdesrespeitoso e preconceituoso.<\/a>\u00a0Na mesma data, o Vit\u00f3ria venceu por 4 a 1, e F\u00e1bio Mota publicou um v\u00eddeo nas redes sociais, destacando as condi\u00e7\u00f5es do Adaut\u00e3o.<\/p>\n\n\n\n<p>Embora o debate parecesse encerrado, Roberto Carlos voltou a comentar o assunto, desta vez admitindo que o est\u00e1dio realmente enfrenta problemas estruturais. Em entrevista ao\u00a0Bahia Not\u00edcias,\u00a0concedida na \u00faltima ter\u00e7a-feira (21),\u00a0ele anunciou que o Adauto Moraes passar\u00e1 por uma reforma, fruto de um projeto desenvolvido em parceria com a Superintend\u00eancia dos Desportos do Estado da Bahia (Sudesb) e o Governo do Estado, com investimento estimado em R$ 3,5 milh\u00f5es.<\/p>\n\n\n\n<p>\u201cEstamos em tratativas com o governador Jer\u00f4nimo Rodrigues, e j\u00e1 temos a sinaliza\u00e7\u00e3o de um investimento de R$ 3,5 milh\u00f5es. O projeto foi finalizado junto \u00e0 Sudesb e ao diretor Vicente Neto. Acredito que o governador deve lan\u00e7ar o edital at\u00e9 junho\u201d, declarou o dirigente.<\/p>\n\n\n\n<p>Apesar do avan\u00e7o nas negocia\u00e7\u00f5es, Roberto Carlos foi cauteloso quanto ao cronograma. Ele explicou que as obras n\u00e3o come\u00e7ar\u00e3o enquanto a Juazeirense estiver em competi\u00e7\u00f5es no ano de 2025. A previs\u00e3o \u00e9 que as reformas sejam conclu\u00eddas at\u00e9 janeiro de 2026. Caso ocorram atrasos, a equipe poder\u00e1 disputar partidas em outro est\u00e1dio.<\/p>\n\n\n\n<p>\u201cN\u00f3s temos que esperar a Juazeirense concluir as competi\u00e7\u00f5es de 2025. Tudo indica que jogaremos at\u00e9 setembro pelo Campeonato Brasileiro da S\u00e9rie D. Depois disso, ser\u00e3o necess\u00e1rios tr\u00eas ou quatro meses para as reformas. Se n\u00e3o forem conclu\u00eddas at\u00e9 janeiro de 2026, jogaremos em outra pra\u00e7a esportiva pr\u00f3xima de Juazeiro\u201d, completou Roberto Carlos.<\/p>\n\n\n\n<p>O presidente tamb\u00e9m informou que as interven\u00e7\u00f5es no Adaut\u00e3o incluir\u00e3o melhorias no gramado, vesti\u00e1rios, arquibancadas e ilumina\u00e7\u00e3o.<\/p>\n\n\n\n<p class=\"has-text-align-center\"><img data-recalc-dims=\"1\" decoding=\"async\" alt=\"\" data-src=\"https:\/\/i0.wp.com\/www.bahianoticias.com.br\/fotos\/esportes_noticias\/72684\/mg\/bandeira-do-adauto-moraes.jpg?w=800&#038;ssl=1\" src=\"data:image\/gif;base64,R0lGODlhAQABAAAAACH5BAEKAAEALAAAAAABAAEAAAICTAEAOw==\" class=\"lazyload\"><noscript><img data-recalc-dims=\"1\" decoding=\"async\" alt=\"\" src=\"https:\/\/i0.wp.com\/www.bahianoticias.com.br\/fotos\/esportes_noticias\/72684\/mg\/bandeira-do-adauto-moraes.jpg?w=800&#038;ssl=1\"><\/noscript><br><em>Foto: Divulga\u00e7\u00e3o\/Juazeirense<\/em><\/p>\n\n\n\n<p><strong>PROBLEMAS ESTRUTURAIS N\u00c3O S\u00c3O NOVIDADE<\/strong><br>A precariedade do Adauto Moraes n\u00e3o \u00e9 um problema recente.\u00a0<a href=\"https:\/\/www.bahianoticias.com.br\/esportes\/noticia\/61849-adautao-e-descartado-e-juazeirense-pode-levar-decisao-contra-palmeiras-para-londrina.html\" target=\"_blank\" rel=\"noreferrer noopener\">Em 2022, o est\u00e1dio foi vetado pelo Minist\u00e9rio P\u00fablico Federal (MPF) para sediar o jogo de volta da terceira fase da Copa do Brasil entre Juazeirense e Palmeiras.<\/a>\u00a0O regulamento da competi\u00e7\u00e3o exige capacidade m\u00ednima de 10 mil pessoas a partir dessa fase, enquanto o Adaut\u00e3o comportava apenas 5.014 torcedores. Ap\u00f3s discuss\u00f5es,\u00a0<a href=\"https:\/\/www.bahianoticias.com.br\/esportes\/noticia\/61864-local-definido-juazeirense-x-palmeiras-sera-em-londrina-pela-copa-do-brasil.html?utm_source=principal&amp;utm_medium=link&amp;utm_campaign=destaques\" target=\"_blank\" rel=\"noreferrer noopener\">o jogo foi transferido para o Est\u00e1dio do Caf\u00e9, em Londrina.<\/a>\u00a0Alternativas como o J\u00f3ia da Princesa, Arena Fonte Nova e Pitua\u00e7u tamb\u00e9m foram cogitadas. Atualmente, o est\u00e1dio comporta 8 mil pessoas.<\/p>\n\n\n\n<p><a href=\"https:\/\/www.bahianoticias.com.br\/esportes\/noticia\/38723-adauto-moraes-segue-em-reforma-para-a-disputa-do-baianao-e-copa-do-nordeste\" target=\"_blank\" rel=\"noreferrer noopener\">O Adauto Moraes passou por sua \u00faltima reforma significativa em 2015<\/a>, quando, em parceria com a Sudesb e a prefeitura de Juazeiro, a Juazeirense contratou a empresa Green Gramado para renovar o campo. Tamb\u00e9m foram realizadas melhorias como constru\u00e7\u00e3o de cantinas, sistema de para-raios, refor\u00e7o na ilumina\u00e7\u00e3o, novas cabines de imprensa e pintura. As obras foram conclu\u00eddas em mar\u00e7o de 2016.<\/p>\n\n\n\n<p>J\u00e1 em 2019, a\u00a0<a href=\"https:\/\/www.mpba.mp.br\/noticia\/49306\" target=\"_blank\" rel=\"noreferrer noopener\">prefeitura de Juazeiro e o Minist\u00e9rio P\u00fablico do Estado da Bahia (MP-BA) firmaram um Termo de Ajustamento de Conduta (TAC)<\/a>\u00a0para corrigir irregularidades na estrutura e garantir a seguran\u00e7a e acessibilidade dos torcedores.<\/p>\n\n\n\n<p>Baseado em relat\u00f3rios do Corpo de Bombeiros e da Central de Apoio T\u00e9cnico (Ceat) do MP, o TAC previa interven\u00e7\u00f5es em duas etapas: uma com prazo at\u00e9 14 de janeiro de 2020, antes do Campeonato Baiano daquele ano, e outra at\u00e9 maio de 2020, v\u00e9spera do in\u00edcio da S\u00e9rie D. O compromisso tamb\u00e9m previa a realiza\u00e7\u00e3o de manuten\u00e7\u00f5es cont\u00ednuas na arena esportiva. Contudo, muitos dos problemas apontados permanecem sem solu\u00e7\u00e3o.<\/p>\n\n\n\n<p><strong>ADAUT\u00c3O SEGUE NORMALMENTE<\/strong><br>Enquanto os problemas n\u00e3o est\u00e3o perto de ser solucionados, o Adaut\u00e3o seguir\u00e1 comportando os jogos da Juazeirense normalmente. O pr\u00f3ximo compromisso em Juazeiro ser\u00e1 na\u00a0quinta rodada do Baian\u00e3o 2025, quando\u00a0o Canc\u00e3o jogar\u00e1 contra o Porto Sport Club, \u00e0s 19h15 do dia 30 de janeiro. \u00a0As outras datas\u00a0restantes da primeira fase do estadual ser\u00e3o contra o Atl\u00e9tico de Alagoinhas, na s\u00e9tima rodada, dia 9 de fevereiro, e contra o Colo-Colo de Ilh\u00e9us, pela oitava rodada, no dia 16 do mesmo m\u00eas.<\/p>\n\n\n\n<p>Pela Copa do Nordeste,\u00a0o primeiro compromisso do Canc\u00e3o no Adauto Moraes ser\u00e1 no dia cinco de fevereiro, contra o Bahia, com hor\u00e1rio marcado para \u00e0s 19h.<\/p>\n\n\n\n<p>BN<\/p>\n","protected":false},"excerpt":{"rendered":"<p>Desde o in\u00edcio do Campeonato Baiano desta temporada, o estado do gramado do Est\u00e1dio Adauto Moraes, da Juazeirense, voltou a ser tema de discuss\u00e3o. A pol\u00eamica ganhou for\u00e7a ap\u00f3s\u00a0o presidente do Vit\u00f3ria, F\u00e1bio Mota, classificar o campo como \u201co pior entre os est\u00e1dios do futebol brasileiro\u201d, opini\u00e3o endossada por muitos torcedores de outros clubes baianos. [&hellip;]<\/p>\n","protected":false},"author":2,"featured_media":22957,"comment_status":"open","ping_status":"open","sticky":false,"template":"","format":"standard","meta":{"_jetpack_memberships_contains_paid_content":false,"footnotes":""},"categories":[46],"tags":[],"class_list":["post-22956","post","type-post","status-publish","format-standard","has-post-thumbnail","hentry","category-noticia"],"aioseo_notices":[],"jetpack_featured_media_url":"https:\/\/i0.wp.com\/minutobahia24h.com.br\/wp-content\/uploads\/2025\/01\/Sem-titulo-400.jpg?fit=1200%2C630&ssl=1","jetpack_sharing_enabled":true,"_links":{"self":[{"href":"https:\/\/minutobahia24h.com.br\/index.php?rest_route=\/wp\/v2\/posts\/22956","targetHints":{"allow":["GET"]}}],"collection":[{"href":"https:\/\/minutobahia24h.com.br\/index.php?rest_route=\/wp\/v2\/posts"}],"about":[{"href":"https:\/\/minutobahia24h.com.br\/index.php?rest_route=\/wp\/v2\/types\/post"}],"author":[{"embeddable":true,"href":"https:\/\/minutobahia24h.com.br\/index.php?rest_route=\/wp\/v2\/users\/2"}],"replies":[{"embeddable":true,"href":"https:\/\/minutobahia24h.com.br\/index.php?rest_route=%2Fwp%2Fv2%2Fcomments&post=22956"}],"version-history":[{"count":1,"href":"https:\/\/minutobahia24h.com.br\/index.php?rest_route=\/wp\/v2\/posts\/22956\/revisions"}],"predecessor-version":[{"id":22958,"href":"https:\/\/minutobahia24h.com.br\/index.php?rest_route=\/wp\/v2\/posts\/22956\/revisions\/22958"}],"wp:featuredmedia":[{"embeddable":true,"href":"https:\/\/minutobahia24h.com.br\/index.php?rest_route=\/wp\/v2\/media\/22957"}],"wp:attachment":[{"href":"https:\/\/minutobahia24h.com.br\/index.php?rest_route=%2Fwp%2Fv2%2Fmedia&parent=22956"}],"wp:term":[{"taxonomy":"category","embeddable":true,"href":"https:\/\/minutobahia24h.com.br\/index.php?rest_route=%2Fwp%2Fv2%2Fcategories&post=22956"},{"taxonomy":"post_tag","embeddable":true,"href":"https:\/\/minutobahia24h.com.br\/index.php?rest_route=%2Fwp%2Fv2%2Ftags&post=22956"}],"curies":[{"name":"wp","href":"https:\/\/api.w.org\/{rel}","templated":true}]}}