{"id":22893,"date":"2025-01-21T07:59:50","date_gmt":"2025-01-21T10:59:50","guid":{"rendered":"https:\/\/minutobahia24h.com.br\/?p=22893"},"modified":"2025-01-21T07:59:51","modified_gmt":"2025-01-21T10:59:51","slug":"entenda-como-fusao-entre-gol-e-azul-pode-afetar-o-preco-das-passagens-aereas","status":"publish","type":"post","link":"https:\/\/minutobahia24h.com.br\/?p=22893","title":{"rendered":"Entenda como fus\u00e3o entre Gol e Azul pode afetar o pre\u00e7o das passagens a\u00e9reas"},"content":{"rendered":"\n<p>A&nbsp;<a class=\"\" href=\"https:\/\/g1.globo.com\/economia\/noticia\/2025\/01\/15\/azul-e-controladora-gol-assinam-acordo.ghtml\">poss\u00edvel fus\u00e3o entre as companhias a\u00e9reas<\/a>&nbsp;<a class=\"\" href=\"https:\/\/g1.globo.com\/tudo-sobre\/azul\/\">Azul<\/a>&nbsp;e Gol pode colocar 60% do mercado nacional de avia\u00e7\u00e3o civil nas m\u00e3os de um \u00fanico grupo econ\u00f4mico e aumentar o pre\u00e7o das passagens a\u00e9reas, segundo especialistas consultados pelo&nbsp;<strong>g1<\/strong>.<\/p>\n\n\n\n<p>A avalia\u00e7\u00e3o dos economistas \u00e9 que a concentra\u00e7\u00e3o da oferta de passagens em um \u00fanico grupo econ\u00f4mico d\u00e1 a possibilidade de aumentar o valor dos bilhetes.<\/p>\n\n\n\n<blockquote class=\"wp-block-quote is-layout-flow wp-block-quote-is-layout-flow\">\n<p>\u201cOs incentivos de mercado s\u00e3o muito claros. Quando n\u00e3o tem concorr\u00eancia, a tend\u00eancia \u00e9 o pre\u00e7o subir, \u00e9 que algumas estrat\u00e9gias que s\u00e3o implementadas \u2013e a\u00ed n\u00e3o \u00e9 s\u00f3 pre\u00e7o&#8211; n\u00e3o agradem ao consumidor, n\u00e3o agradem \u00e0s autoridades. E a\u00ed essa \u00e9 uma preocupa\u00e7\u00e3o\u201d, afirmou o professor de economia do Transporte A\u00e9reo do Instituto Tecnol\u00f3gico de Aeron\u00e1utica (ITA), Alessandro Oliveira.<\/p>\n<\/blockquote>\n\n\n<div class=\"wp-block-image\">\n<figure class=\"aligncenter size-large\"><img data-recalc-dims=\"1\" fetchpriority=\"high\" decoding=\"async\" width=\"782\" height=\"1024\" src=\"https:\/\/i0.wp.com\/minutobahia24h.com.br\/wp-content\/uploads\/2025\/01\/Sem-titulo-380-782x1024.jpg?resize=782%2C1024&#038;ssl=1\" alt=\"\" class=\"wp-image-22894\" srcset=\"https:\/\/i0.wp.com\/minutobahia24h.com.br\/wp-content\/uploads\/2025\/01\/Sem-titulo-380.jpg?resize=782%2C1024&amp;ssl=1 782w, https:\/\/i0.wp.com\/minutobahia24h.com.br\/wp-content\/uploads\/2025\/01\/Sem-titulo-380.jpg?resize=229%2C300&amp;ssl=1 229w, https:\/\/i0.wp.com\/minutobahia24h.com.br\/wp-content\/uploads\/2025\/01\/Sem-titulo-380.jpg?resize=768%2C1006&amp;ssl=1 768w, https:\/\/i0.wp.com\/minutobahia24h.com.br\/wp-content\/uploads\/2025\/01\/Sem-titulo-380.jpg?resize=750%2C982&amp;ssl=1 750w, https:\/\/i0.wp.com\/minutobahia24h.com.br\/wp-content\/uploads\/2025\/01\/Sem-titulo-380.jpg?w=984&amp;ssl=1 984w\" sizes=\"(max-width: 782px) 100vw, 782px\" \/><figcaption class=\"wp-element-caption\">Juntas, Azul e Gol podem concentrar 60% do mercado nacional de avia\u00e7\u00e3o \u2014 Foto: g1 Arte<br><br><\/figcaption><\/figure>\n<\/div>\n\n\n<p>Para o economista e professor do Instituto Brasiliense de Direito P\u00fablico (IDP), Jos\u00e9 Roberto Afonso, a consequ\u00eancia natural do neg\u00f3cio \u00e9 o&nbsp;<strong>aumento das tarifas<\/strong>, j\u00e1 que as companhias est\u00e3o endividadas.<\/p>\n\n\n\n<p>\u201cSe voc\u00ea quer fazer um ajuste sem mudar o capital das empresas, o ajuste operacional significaria voc\u00ea conseguir vender as mesmas passagens por um valor mais caro porque voc\u00ea tem os mesmos avi\u00f5es, os mesmos assentos e, no caso dessas duas empresas, uma d\u00edvida, principalmente em d\u00f3lar, muito alta\u201d, declarou.<\/p>\n\n\n\n<p>Isso teria efeito em todo mercado, uma vez que a Latam \u2014\u00fanica concorrente de peso para a Azul e Gol\u2014tamb\u00e9m poderia acompanhar a alta.<\/p>\n\n\n\n<blockquote class=\"wp-block-quote is-layout-flow wp-block-quote-is-layout-flow\">\n<p>\u201cSe voc\u00ea est\u00e1 se referindo \u00e0 segunda maior concorrente, ela vai pensar sob o ponto de vista estrat\u00e9gico: o que ser\u00e1 melhor para mim? Concorrer com essa empresa de 60% do mercado ou \u00e9 melhor eu deixar que ela cobre um pre\u00e7o mais alto e eu me acomodo e cobro um pre\u00e7o mais alto tamb\u00e9m?\u201d, indagou o professor da Funda\u00e7\u00e3o Get\u00falio Vargas (FGV), Cleveland Prates.<\/p>\n<\/blockquote>\n\n\n\n<p>O professor explica que, na economia, isso \u00e9 chamado de \u201ccoordena\u00e7\u00e3o t\u00e1cita\u201d.&nbsp;Ou seja, a empresa entende que \u00e9 melhor se adaptar ao novo cen\u00e1rio no lugar de competir de forma mais acirrada.<\/p>\n\n\n\n<p><strong>Esta reportagem vai contar que:<\/strong><\/p>\n\n\n\n<ul class=\"wp-block-list\">\n<li><strong>neg\u00f3cio depende de aprova\u00e7\u00e3o<\/strong><\/li>\n\n\n\n<li><strong>governo v\u00ea fortalecimento do setor<\/strong><\/li>\n\n\n\n<li><strong>pode nascer uma barreira \u00e0 entrada de novas empresas<\/strong><\/li>\n<\/ul>\n\n\n\n<h2 class=\"wp-block-heading\">Neg\u00f3cio depende de aprova\u00e7\u00e3o<\/h2>\n\n\n\n<p>Na \u00faltima quarta-feira (15), a Azul e a controladora da Gol, a Abra, anunciaram a celebra\u00e7\u00e3o de um \u201cmemorando de entendimento\u201d, sinalizando que pretendem realizar uma fus\u00e3o.<\/p>\n\n\n\n<p>Para o neg\u00f3cio ser conclu\u00eddo, falta:<\/p>\n\n\n\n<ul class=\"wp-block-list\">\n<li>celebrar os acordos definitivos;<\/li>\n\n\n\n<li>obter aprova\u00e7\u00e3o do Conselho Administrativo de Defesa Econ\u00f4mica (<a class=\"\" href=\"https:\/\/g1.globo.com\/tudo-sobre\/cade\/\">Cade<\/a>) e da\u00a0<a class=\"\" href=\"https:\/\/g1.globo.com\/tudo-sobre\/anac\/\">Ag\u00eancia Nacional de Avia\u00e7\u00e3o Civil<\/a>\u00a0(Anac);<\/li>\n\n\n\n<li>concluir o plano de recupera\u00e7\u00e3o judicial da Gol nos Estados Unidos.<\/li>\n<\/ul>\n\n\n\n<figure class=\"wp-block-image\"><img data-recalc-dims=\"1\" decoding=\"async\" src=\"https:\/\/i0.wp.com\/s2-g1.glbimg.com\/RjznGELVMgbgw19Z5u81HGx4unE%3D\/0x0%3A3699x2454\/984x0\/smart\/filters%3Astrip_icc%28%29\/i.s3.glbimg.com\/v1\/AUTH_59edd422c0c84a879bd37670ae4f538a\/internal_photos\/bs\/2024\/m\/A\/qxju00QeqwJK4658g09g\/2024-01-25t200746z-1-lynxmpek0o0tj-rtroptp-4-gol-linhas-ae-restructuring.jpg?w=800&#038;ssl=1\" alt=\"Avi\u00e3o da Gol se prepara para pousar no aeroporto Santos Dumont, no Rio de Janeiro. \u2014 Foto: Reuters\/Sergio Moraes\"\/><\/figure>\n\n\n\n<p>Avi\u00e3o da Gol se prepara para pousar no aeroporto Santos Dumont, no Rio de Janeiro. \u2014 Foto: Reuters\/Sergio Moraes<\/p>\n\n\n\n<p>O Cade \u00e9 a institui\u00e7\u00e3o brasileira respons\u00e1vel por analisar a compra e venda de empresas relevantes, de forma a evitar abuso de poder de mercado \u2013como aumento de pre\u00e7os e barreira \u00e0 entrada de novas companhias.<\/p>\n\n\n\n<p>Ex-conselheiro do Cade, Cleveland Prates acredita ser dif\u00edcil o conselho aprovar a opera\u00e7\u00e3o da forma como foi apresentada.<\/p>\n\n\n\n<p>O especialista cita poss\u00edveis \u201crem\u00e9dios\u201d que podem ser determinados pelo \u00f3rg\u00e3o, como a limita\u00e7\u00e3o de \u201cvagas\u201d nos aeroportos ou a venda de programa de fidelidade para outra companhia. Contudo, na avalia\u00e7\u00e3o de Prates, esses rem\u00e9dios podem fazer com que a opera\u00e7\u00e3o deixe de ser atrativa para as empresas.<\/p>\n\n\n\n<h2 class=\"wp-block-heading\">Governo v\u00ea fortalecimento do setor<\/h2>\n\n\n\n<p>No dia seguinte ao an\u00fancio da opera\u00e7\u00e3o, o ministro de Portos e Aeroportos, Silvio Costa Filho, disse que&nbsp;<a class=\"\" href=\"https:\/\/g1.globo.com\/economia\/noticia\/2025\/01\/16\/ministro-encara-fusao-da-gol-e-da-azul-como-federacao-partidaria-e-diz-que-nao-vai-permitir-aumento-de-tarifa.ghtml\">encara a poss\u00edvel fus\u00e3o como uma &#8220;federa\u00e7\u00e3o partid\u00e1ria&#8221;<\/a>, com manuten\u00e7\u00e3o de autonomia financeira e governan\u00e7a.<\/p>\n\n\n\n<p>Para Costa Filho, o governo precisa oferecer uma &#8220;m\u00e3o amiga&#8221; para fortalecer o setor e preservar empregos.<\/p>\n\n\n\n<p>De acordo com o ministro, a pasta n\u00e3o vai permitir o incremento no pre\u00e7o das passagens a\u00e9reas.<\/p>\n\n\n\n<blockquote class=\"wp-block-quote is-layout-flow wp-block-quote-is-layout-flow\">\n<p>&#8220;Tanto Anac quanto minist\u00e9rio, todo nosso conjunto vai estar vigilante em rela\u00e7\u00e3o ao pre\u00e7o da passagem a\u00e9rea, para que isso n\u00e3o aconte\u00e7a [o aumento]&#8221;, disse em conversa com jornalistas.<\/p>\n<\/blockquote>\n\n\n\n<p>O pre\u00e7o das passagens a\u00e9reas \u00e9 livre, definido pelo mercado, e n\u00e3o fixado pelo governo.<\/p>\n\n\n\n<p>\u201cA \u00fanica coisa que o governo pode fazer \u00e9 baixar impostos e pedir que as companhias repassem para os pre\u00e7os\u201d, afirma o professor do IDP.<\/p>\n\n\n\n<p>Ele lembra, contudo, que hoje o setor tem isen\u00e7\u00e3o fiscal, mas, com a reforma tribut\u00e1ria, passar\u00e1 a ser cobrado pela al\u00edquota geral, aumentando a sua carga de impostos.<\/p>\n\n\n\n<h2 class=\"wp-block-heading\">Barreira \u00e0 entrada de novas empresas<\/h2>\n\n\n\n<p>Outra consequ\u00eancia apontada pelos especialistas \u00e9 a barreira \u00e0 entrada de novas empresas a\u00e9reas no Brasil. Isso se daria por alguns fatores:<\/p>\n\n\n\n<ul class=\"wp-block-list\">\n<li>concentra\u00e7\u00e3o das \u201cvagas\u201d &#8211;ou \u201cslots\u201d, no jarg\u00e3o do setor\u2014nos principais aeroportos<\/li>\n\n\n\n<li>maior escala para fidelizar consumidores<\/li>\n<\/ul>\n\n\n\n<blockquote class=\"wp-block-quote is-layout-flow wp-block-quote-is-layout-flow\">\n<p>\u201cExistem diversos atributos nas m\u00e3os das companhias a\u00e9reas que elas mesmas eficientemente conseguiram implementar, que s\u00e3o todas essas taxas e itens do pacote tarif\u00e1rio que cada passageiro compra que pode muito bem ir sendo ajustado de forma a solidificar o poder de mercado das empresas\u201d, declarou o professor do ITA.<\/p>\n<\/blockquote>\n\n\n\n<p>Segundo Oliveira, as vagas nos aeroportos tamb\u00e9m s\u00e3o um fator relevante para impedir a entrada de novas empresas. De acordo com ele, a fus\u00e3o pode criar uma empresa \u201cultra dominante\u201d no mercado dom\u00e9stico.<\/p>\n\n\n\n<h2 class=\"wp-block-heading\">O que disseram as empresas<\/h2>\n\n\n\n<p>Azul e Gol se manifestaram ao&nbsp;<strong>g1<\/strong>:<\/p>\n\n\n\n<p><strong>GOL&nbsp;<\/strong>&#8211; &#8220;O MoU [Memorando de Entendimento] representa uma fase inicial de um processo de tratativas entre Abra e Azul para explorar a viabilidade de uma poss\u00edvel negocia\u00e7\u00e3o, por este motivo detalhes ainda ser\u00e3o discutidos e submetidos \u00e0s autoridades competentes.&#8221;<\/p>\n\n\n\n<p><strong>AZUL<\/strong>&nbsp;&#8211; Em entrevista ao g1, o CEO da Azul, John Rodgerson, disse que fus\u00e3o vai aumentar a conectividade no pa\u00eds, reduzir custos e, por consequ\u00eancia, pre\u00e7o das passagens.<\/p>\n\n\n\n<p>&#8220;H\u00e1 100 aeroportos no Brasil que s\u00f3 a Azul opera. Mas tive que fechar algumas dessas cidade porque n\u00e3o tinha demanda suficiente e o que vai trazer benef\u00edcio para o consumidor \u00e9 mais cidades atendidas e mais conectividade, ent\u00e3o isso que estamos prevendo com essa fus\u00e3o&#8221;, declarou.<\/p>\n\n\n\n<p>Questionado sobre as &#8220;vagas&#8221; ou &#8220;slots&#8221; nos aeroportos, o executivo afirma que o \u00fanico aeroporto que n\u00e3o suporta novas companhia \u00e9 Congonhas, em S\u00e3o Paulo.<\/p>\n\n\n\n<p>&#8220;O que eu diria \u00e9 que tem um aeroporto nesse pa\u00eds que tem problema de slot e \u00e9 Congonhas. E n\u00f3s temos que entender que o Brasil \u00e9 muito maior que Congonhas&#8221;, disse.<\/p>\n","protected":false},"excerpt":{"rendered":"<p>A&nbsp;poss\u00edvel fus\u00e3o entre as companhias a\u00e9reas&nbsp;Azul&nbsp;e Gol pode colocar 60% do mercado nacional de avia\u00e7\u00e3o civil nas m\u00e3os de um \u00fanico grupo econ\u00f4mico e aumentar o pre\u00e7o das passagens a\u00e9reas, segundo especialistas consultados pelo&nbsp;g1. A avalia\u00e7\u00e3o dos economistas \u00e9 que a concentra\u00e7\u00e3o da oferta de passagens em um \u00fanico grupo econ\u00f4mico d\u00e1 a possibilidade de [&hellip;]<\/p>\n","protected":false},"author":2,"featured_media":22894,"comment_status":"open","ping_status":"open","sticky":false,"template":"","format":"standard","meta":{"_jetpack_memberships_contains_paid_content":false,"footnotes":""},"categories":[46],"tags":[],"class_list":["post-22893","post","type-post","status-publish","format-standard","has-post-thumbnail","hentry","category-noticia"],"aioseo_notices":[],"jetpack_featured_media_url":"https:\/\/i0.wp.com\/minutobahia24h.com.br\/wp-content\/uploads\/2025\/01\/Sem-titulo-380.jpg?fit=984%2C1289&ssl=1","jetpack_sharing_enabled":true,"_links":{"self":[{"href":"https:\/\/minutobahia24h.com.br\/index.php?rest_route=\/wp\/v2\/posts\/22893","targetHints":{"allow":["GET"]}}],"collection":[{"href":"https:\/\/minutobahia24h.com.br\/index.php?rest_route=\/wp\/v2\/posts"}],"about":[{"href":"https:\/\/minutobahia24h.com.br\/index.php?rest_route=\/wp\/v2\/types\/post"}],"author":[{"embeddable":true,"href":"https:\/\/minutobahia24h.com.br\/index.php?rest_route=\/wp\/v2\/users\/2"}],"replies":[{"embeddable":true,"href":"https:\/\/minutobahia24h.com.br\/index.php?rest_route=%2Fwp%2Fv2%2Fcomments&post=22893"}],"version-history":[{"count":1,"href":"https:\/\/minutobahia24h.com.br\/index.php?rest_route=\/wp\/v2\/posts\/22893\/revisions"}],"predecessor-version":[{"id":22895,"href":"https:\/\/minutobahia24h.com.br\/index.php?rest_route=\/wp\/v2\/posts\/22893\/revisions\/22895"}],"wp:featuredmedia":[{"embeddable":true,"href":"https:\/\/minutobahia24h.com.br\/index.php?rest_route=\/wp\/v2\/media\/22894"}],"wp:attachment":[{"href":"https:\/\/minutobahia24h.com.br\/index.php?rest_route=%2Fwp%2Fv2%2Fmedia&parent=22893"}],"wp:term":[{"taxonomy":"category","embeddable":true,"href":"https:\/\/minutobahia24h.com.br\/index.php?rest_route=%2Fwp%2Fv2%2Fcategories&post=22893"},{"taxonomy":"post_tag","embeddable":true,"href":"https:\/\/minutobahia24h.com.br\/index.php?rest_route=%2Fwp%2Fv2%2Ftags&post=22893"}],"curies":[{"name":"wp","href":"https:\/\/api.w.org\/{rel}","templated":true}]}}