{"id":22846,"date":"2025-01-20T19:58:37","date_gmt":"2025-01-20T22:58:37","guid":{"rendered":"https:\/\/minutobahia24h.com.br\/?p=22846"},"modified":"2025-01-20T19:58:38","modified_gmt":"2025-01-20T22:58:38","slug":"medicos-de-petrolina-e-simepe-unem-forcas-por-melhorias-na-saude-municipal","status":"publish","type":"post","link":"https:\/\/minutobahia24h.com.br\/?p=22846","title":{"rendered":"M\u00e9dicos de Petrolina e Simepe unem for\u00e7as por melhorias na sa\u00fade municipal"},"content":{"rendered":"<div class=\"wp-block-image\">\n<figure class=\"aligncenter size-full\"><img data-recalc-dims=\"1\" fetchpriority=\"high\" decoding=\"async\" width=\"750\" height=\"421\" src=\"https:\/\/i0.wp.com\/minutobahia24h.com.br\/wp-content\/uploads\/2025\/01\/Sem-titulo-365.jpg?resize=750%2C421&#038;ssl=1\" alt=\"\" class=\"wp-image-22847\" srcset=\"https:\/\/i0.wp.com\/minutobahia24h.com.br\/wp-content\/uploads\/2025\/01\/Sem-titulo-365.jpg?w=750&amp;ssl=1 750w, https:\/\/i0.wp.com\/minutobahia24h.com.br\/wp-content\/uploads\/2025\/01\/Sem-titulo-365.jpg?resize=300%2C168&amp;ssl=1 300w\" sizes=\"(max-width: 750px) 100vw, 750px\" \/><figcaption class=\"wp-element-caption\">Foto: Ascom Simepe\/arquivo<br><\/figcaption><\/figure>\n<\/div>\n\n\n<p>Na \u00faltima semana o Sindicato dos M\u00e9dicos de Pernambuco (Simepe) e os profissionais do munic\u00edpio de Petrolina realizaram uma Assembleia Geral Extraordin\u00e1ria (AGE), no formato online, para debater as demandas urgentes da categoria e deliberar os pr\u00f3ximos passos do movimento, em busca de solu\u00e7\u00f5es eficazes. Representando a entidade, participaram os diretores Jos\u00e9 Alberto, Robson Miranda, Rodrigo Rosas, Jamilly Leite, Sylvio Vasconcelos, Adilson Morato, Jos\u00e9 Ten\u00f3rio, Fernando J\u00fanior e o advogado da Defensoria M\u00e9dica da entidade, Jo\u00e3o Moreira.<\/p>\n\n\n\n<p>Os profissionais e o sindicato t\u00eam denunciado h\u00e1 mais de um ano \u201c<em>o descaso em rela\u00e7\u00e3o \u00e0 sa\u00fade p\u00fablica e \u00e0s condi\u00e7\u00f5es de trabalho<\/em>\u201d da categoria. Diversas assembleias, reuni\u00f5es com a Secretaria Municipal de Sa\u00fade (SMS) e com a prefeitura, al\u00e9m do envio de m\u00faltiplos of\u00edcios de cobran\u00e7a foram realizadas, mas os avan\u00e7os concretos continuam inexistentes.<\/p>\n\n\n\n<p>A categoria enfrenta desafios graves, como:<\/p>\n\n\n\n<p>\u2013 Falta de infraestrutura adequada nas unidades de sa\u00fade;<\/p>\n\n\n\n<p>\u2013 Escassez de medicamentos e insumos b\u00e1sicos;<\/p>\n\n\n\n<p>\u2013 Inseguran\u00e7a nos locais de trabalho, dentre outras coisas.<\/p>\n\n\n\n<p>Eles solicitam tamb\u00e9m a incorpora\u00e7\u00e3o das gratifica\u00e7\u00f5es ao sal\u00e1rio-base e a implanta\u00e7\u00e3o do Plano de Cargos, Carreiras e Vencimentos (PCCV).<\/p>\n\n\n\n<p>Frustrados com a falta de respostas do Executivo, os m\u00e9dicos, acompanhados pelo Simepe, se mobilizam para abrir um canal de di\u00e1logo com o Legislativo de Petrolina, por meio da Comiss\u00e3o de Sa\u00fade da C\u00e2mara dos Vereadores. O envio de of\u00edcio \u00e0 comiss\u00e3o solicitando resposta aos pleitos e o pedido de direito de fala na pr\u00f3xima audi\u00eancia p\u00fablica da C\u00e2mara foram alguns dos encaminhamentos deliberados nesta AGE.<\/p>\n\n\n\n<p><strong>Pr\u00f3xima assembleia<\/strong><\/p>\n\n\n\n<p>A pr\u00f3xima assembleia j\u00e1 est\u00e1 marcada para o dia 4 de fevereiro, \u00e0s 10h, e seguir\u00e1 avaliando o progresso das medidas adotadas e discutindo novas a\u00e7\u00f5es para garantir condi\u00e7\u00f5es dignas de trabalho, respeito \u00e0 categoria m\u00e9dica e melhorias para a sa\u00fade da popula\u00e7\u00e3o de Petrolina. \u201c<em>O Simepe reafirma seu compromisso em lutar por uma sa\u00fade p\u00fablica mais justa e eficiente, refor\u00e7ando a necessidade de di\u00e1logo transparente e resolutivo com os gestores e representantes do munic\u00edpio<\/em>\u201d, ressaltou a entidade, em nota. Sobre o assunto, o Blog j\u00e1 entrou em contato com a SMS.<\/p>\n\n\n\n<p>carlosbritto<\/p>\n","protected":false},"excerpt":{"rendered":"<p>Na \u00faltima semana o Sindicato dos M\u00e9dicos de Pernambuco (Simepe) e os profissionais do munic\u00edpio de Petrolina realizaram uma Assembleia Geral Extraordin\u00e1ria (AGE), no formato online, para debater as demandas urgentes da categoria e deliberar os pr\u00f3ximos passos do movimento, em busca de solu\u00e7\u00f5es eficazes. Representando a entidade, participaram os diretores Jos\u00e9 Alberto, Robson Miranda, [&hellip;]<\/p>\n","protected":false},"author":2,"featured_media":22847,"comment_status":"open","ping_status":"open","sticky":false,"template":"","format":"standard","meta":{"_jetpack_memberships_contains_paid_content":false,"footnotes":""},"categories":[3],"tags":[],"class_list":["post-22846","post","type-post","status-publish","format-standard","has-post-thumbnail","hentry","category-regional"],"aioseo_notices":[],"jetpack_featured_media_url":"https:\/\/i0.wp.com\/minutobahia24h.com.br\/wp-content\/uploads\/2025\/01\/Sem-titulo-365.jpg?fit=750%2C421&ssl=1","jetpack_sharing_enabled":true,"_links":{"self":[{"href":"https:\/\/minutobahia24h.com.br\/index.php?rest_route=\/wp\/v2\/posts\/22846","targetHints":{"allow":["GET"]}}],"collection":[{"href":"https:\/\/minutobahia24h.com.br\/index.php?rest_route=\/wp\/v2\/posts"}],"about":[{"href":"https:\/\/minutobahia24h.com.br\/index.php?rest_route=\/wp\/v2\/types\/post"}],"author":[{"embeddable":true,"href":"https:\/\/minutobahia24h.com.br\/index.php?rest_route=\/wp\/v2\/users\/2"}],"replies":[{"embeddable":true,"href":"https:\/\/minutobahia24h.com.br\/index.php?rest_route=%2Fwp%2Fv2%2Fcomments&post=22846"}],"version-history":[{"count":1,"href":"https:\/\/minutobahia24h.com.br\/index.php?rest_route=\/wp\/v2\/posts\/22846\/revisions"}],"predecessor-version":[{"id":22848,"href":"https:\/\/minutobahia24h.com.br\/index.php?rest_route=\/wp\/v2\/posts\/22846\/revisions\/22848"}],"wp:featuredmedia":[{"embeddable":true,"href":"https:\/\/minutobahia24h.com.br\/index.php?rest_route=\/wp\/v2\/media\/22847"}],"wp:attachment":[{"href":"https:\/\/minutobahia24h.com.br\/index.php?rest_route=%2Fwp%2Fv2%2Fmedia&parent=22846"}],"wp:term":[{"taxonomy":"category","embeddable":true,"href":"https:\/\/minutobahia24h.com.br\/index.php?rest_route=%2Fwp%2Fv2%2Fcategories&post=22846"},{"taxonomy":"post_tag","embeddable":true,"href":"https:\/\/minutobahia24h.com.br\/index.php?rest_route=%2Fwp%2Fv2%2Ftags&post=22846"}],"curies":[{"name":"wp","href":"https:\/\/api.w.org\/{rel}","templated":true}]}}