{"id":22840,"date":"2025-01-20T19:54:00","date_gmt":"2025-01-20T22:54:00","guid":{"rendered":"https:\/\/minutobahia24h.com.br\/?p=22840"},"modified":"2025-01-20T19:54:02","modified_gmt":"2025-01-20T22:54:02","slug":"psd-confirma-candidatura-de-adolfo-menezes-a-presidencia-da-al-ba-e-costura-eleicao-imediata-em-caso-de-impedimento","status":"publish","type":"post","link":"https:\/\/minutobahia24h.com.br\/?p=22840","title":{"rendered":"PSD confirma candidatura de Adolfo Menezes \u00e0 presid\u00eancia da AL-BA e costura elei\u00e7\u00e3o imediata em caso de impedimento"},"content":{"rendered":"<div class=\"wp-block-image\">\n<figure class=\"aligncenter size-large\"><img data-recalc-dims=\"1\" fetchpriority=\"high\" decoding=\"async\" width=\"800\" height=\"420\" src=\"https:\/\/i0.wp.com\/minutobahia24h.com.br\/wp-content\/uploads\/2025\/01\/Sem-titulo-363-1024x538.jpg?resize=800%2C420&#038;ssl=1\" alt=\"\" class=\"wp-image-22841\" srcset=\"https:\/\/i0.wp.com\/minutobahia24h.com.br\/wp-content\/uploads\/2025\/01\/Sem-titulo-363.jpg?resize=1024%2C538&amp;ssl=1 1024w, https:\/\/i0.wp.com\/minutobahia24h.com.br\/wp-content\/uploads\/2025\/01\/Sem-titulo-363.jpg?resize=300%2C158&amp;ssl=1 300w, https:\/\/i0.wp.com\/minutobahia24h.com.br\/wp-content\/uploads\/2025\/01\/Sem-titulo-363.jpg?resize=768%2C403&amp;ssl=1 768w, https:\/\/i0.wp.com\/minutobahia24h.com.br\/wp-content\/uploads\/2025\/01\/Sem-titulo-363.jpg?resize=750%2C394&amp;ssl=1 750w, https:\/\/i0.wp.com\/minutobahia24h.com.br\/wp-content\/uploads\/2025\/01\/Sem-titulo-363.jpg?resize=1140%2C599&amp;ssl=1 1140w, https:\/\/i0.wp.com\/minutobahia24h.com.br\/wp-content\/uploads\/2025\/01\/Sem-titulo-363.jpg?w=1200&amp;ssl=1 1200w\" sizes=\"(max-width: 800px) 100vw, 800px\" \/><figcaption class=\"wp-element-caption\">Foto: Vaner Casaes \/ AL-BA<br><\/figcaption><\/figure>\n<\/div>\n\n\n<p>O senador e presidente estadual do PSD, Otto Alencar, garantiu a perman\u00eancia da candidatura \u00e0 reelei\u00e7\u00e3o de Adolfo Menezes (PSD) para a presid\u00eancia da Assembleia Legislativa da Bahia (AL-BA), em decis\u00e3o un\u00e2nime. O martelo foi batido nesta segunda-feira (20), ap\u00f3s reuni\u00e3o interna do partido convocada por Otto para buscar um consenso nas articula\u00e7\u00f5es do PSD para a elei\u00e7\u00e3o da Mesa Diretora da AL-BA.\u00a0<\/p>\n\n\n\n<p>Os social-democratas tamb\u00e9m defenderam o \u201crespeito \u00e0 proporcionalidade\u201d, indicando apoio \u00e0 candidatura de Rosemberg Pinto (PT) para a primeira vice-presid\u00eancia da Casa. Todavia, segundo informa\u00e7\u00f5es obtidas pelo Bahia Not\u00edcias, o PSD teria \u201cfechado o acordo\u201d com uma condi\u00e7\u00e3o: a mudan\u00e7a do Regimento Interno da Assembleia.<\/p>\n\n\n\n<p>A proposta, que deve ser votada em convoca\u00e7\u00e3o extraordin\u00e1ria ainda na atual legislatura &#8211; portanto antes da elei\u00e7\u00e3o -, provocaria a convoca\u00e7\u00e3o imediata de elei\u00e7\u00e3o para a presid\u00eancia da AL-BA, sem tempo para que o ent\u00e3o ocupante da primeira vice-presid\u00eancia sinta o gosto da cadeira. A medida \u00e9 uma forma de blindar o cargo para evitar que o pr\u00f3prio Rosemberg assuma como presidente e postergue novas elei\u00e7\u00f5es.\u00a0<\/p>\n\n\n\n<p>Caso haja o impedimento jur\u00eddico de Adolfo Menezes ap\u00f3s a elei\u00e7\u00e3o, o PSD manteria o \u201cdireito\u201d \u00e0 presid\u00eancia, abrindo espa\u00e7o para que quadros do partido coloquem o nome \u00e0 disposi\u00e7\u00e3o e tentem se viabilizar. O entendimento, conforme apura\u00e7\u00e3o do Bahia Not\u00edcias, \u00e9 que um eventual comando do PT na Assembleia alteraria o equil\u00edbrio de for\u00e7as entre as siglas da base aliada estadual.<\/p>\n\n\n\n<p>ENTENDA O CASO<br>A disputa pela lideran\u00e7a da Casa vivia um imbr\u00f3glio entre A<a href=\"https:\/\/www.bahianoticias.com.br\/noticia\/300271-adolfo-menezes-viaja-a-brasilia-e-pode-articular-neutralizacao-a-angelo-coronel-em-eleicao-na-al-ba-entenda\" target=\"_blank\" rel=\"noreferrer noopener\">dolfo Menezes e o senador Angelo Coronel (PSD)<\/a>, que articulava a indica\u00e7\u00e3o do deputado estadual Angelo Filho (PSD), filho dele, para disputar a primeira vice-presid\u00eancia.\u00a0<\/p>\n\n\n\n<p>Nos bastidores, se levantou a possibilidade de Adolfo desistir de sua candidatura para apoiar o nome de Ivana Bastos (PSD) para o cargo, tendo como segunda op\u00e7\u00e3o a indica\u00e7\u00e3o de Alex da Piat\u00e3. Nesse contexto, cresceram rumores em torno dessas alternativas, que foram encerrados com o acordo da tarde desta segunda.<\/p>\n\n\n\n<p>Vale lembrar que a raz\u00e3o para a grande disputa pela 1\u00aa vice se deve a uma incerteza para a recondu\u00e7\u00e3o de Adolfo, j\u00e1 que o Supremo Tribunal Federal (STF) sinalizou negativamente pela reelei\u00e7\u00e3o numa mesma legislatura para presidentes do Poder Legislativo. At\u00e9 ent\u00e3o, o 1\u00b0 vice-presidente da Casa surgia como nome forte para assumir o posto, com algumas possibilidades na mesa.\u00a0<\/p>\n\n\n\n<p>BN<\/p>\n","protected":false},"excerpt":{"rendered":"<p>O senador e presidente estadual do PSD, Otto Alencar, garantiu a perman\u00eancia da candidatura \u00e0 reelei\u00e7\u00e3o de Adolfo Menezes (PSD) para a presid\u00eancia da Assembleia Legislativa da Bahia (AL-BA), em decis\u00e3o un\u00e2nime. O martelo foi batido nesta segunda-feira (20), ap\u00f3s reuni\u00e3o interna do partido convocada por Otto para buscar um consenso nas articula\u00e7\u00f5es do PSD [&hellip;]<\/p>\n","protected":false},"author":2,"featured_media":22841,"comment_status":"open","ping_status":"open","sticky":false,"template":"","format":"standard","meta":{"_jetpack_memberships_contains_paid_content":false,"footnotes":""},"categories":[39],"tags":[],"class_list":["post-22840","post","type-post","status-publish","format-standard","has-post-thumbnail","hentry","category-politica"],"aioseo_notices":[],"jetpack_featured_media_url":"https:\/\/i0.wp.com\/minutobahia24h.com.br\/wp-content\/uploads\/2025\/01\/Sem-titulo-363.jpg?fit=1200%2C630&ssl=1","jetpack_sharing_enabled":true,"_links":{"self":[{"href":"https:\/\/minutobahia24h.com.br\/index.php?rest_route=\/wp\/v2\/posts\/22840","targetHints":{"allow":["GET"]}}],"collection":[{"href":"https:\/\/minutobahia24h.com.br\/index.php?rest_route=\/wp\/v2\/posts"}],"about":[{"href":"https:\/\/minutobahia24h.com.br\/index.php?rest_route=\/wp\/v2\/types\/post"}],"author":[{"embeddable":true,"href":"https:\/\/minutobahia24h.com.br\/index.php?rest_route=\/wp\/v2\/users\/2"}],"replies":[{"embeddable":true,"href":"https:\/\/minutobahia24h.com.br\/index.php?rest_route=%2Fwp%2Fv2%2Fcomments&post=22840"}],"version-history":[{"count":1,"href":"https:\/\/minutobahia24h.com.br\/index.php?rest_route=\/wp\/v2\/posts\/22840\/revisions"}],"predecessor-version":[{"id":22842,"href":"https:\/\/minutobahia24h.com.br\/index.php?rest_route=\/wp\/v2\/posts\/22840\/revisions\/22842"}],"wp:featuredmedia":[{"embeddable":true,"href":"https:\/\/minutobahia24h.com.br\/index.php?rest_route=\/wp\/v2\/media\/22841"}],"wp:attachment":[{"href":"https:\/\/minutobahia24h.com.br\/index.php?rest_route=%2Fwp%2Fv2%2Fmedia&parent=22840"}],"wp:term":[{"taxonomy":"category","embeddable":true,"href":"https:\/\/minutobahia24h.com.br\/index.php?rest_route=%2Fwp%2Fv2%2Fcategories&post=22840"},{"taxonomy":"post_tag","embeddable":true,"href":"https:\/\/minutobahia24h.com.br\/index.php?rest_route=%2Fwp%2Fv2%2Ftags&post=22840"}],"curies":[{"name":"wp","href":"https:\/\/api.w.org\/{rel}","templated":true}]}}