{"id":22827,"date":"2025-01-20T14:16:03","date_gmt":"2025-01-20T17:16:03","guid":{"rendered":"https:\/\/minutobahia24h.com.br\/?p=22827"},"modified":"2025-01-20T14:16:49","modified_gmt":"2025-01-20T17:16:49","slug":"prefeito-de-filadelfia-busca-solucoes-para-a-falta-de-agua-no-municipio-em-reuniao-com-a-cerb-na-capital-baiana","status":"publish","type":"post","link":"https:\/\/minutobahia24h.com.br\/?p=22827","title":{"rendered":"Prefeito de Filad\u00e9lfia busca solu\u00e7\u00f5es para a falta de \u00e1gua no munic\u00edpio em reuni\u00e3o com a Cerb na capital baiana"},"content":{"rendered":"\n<figure class=\"wp-block-image size-large\"><img data-recalc-dims=\"1\" fetchpriority=\"high\" decoding=\"async\" width=\"800\" height=\"993\" src=\"https:\/\/i0.wp.com\/minutobahia24h.com.br\/wp-content\/uploads\/2025\/01\/img-20250120-wa09612753302105062465016-825x1024.jpg?resize=800%2C993&#038;ssl=1\" alt=\"\" class=\"wp-image-22826\" srcset=\"https:\/\/i0.wp.com\/minutobahia24h.com.br\/wp-content\/uploads\/2025\/01\/img-20250120-wa09612753302105062465016.jpg?resize=825%2C1024&amp;ssl=1 825w, https:\/\/i0.wp.com\/minutobahia24h.com.br\/wp-content\/uploads\/2025\/01\/img-20250120-wa09612753302105062465016.jpg?resize=242%2C300&amp;ssl=1 242w, https:\/\/i0.wp.com\/minutobahia24h.com.br\/wp-content\/uploads\/2025\/01\/img-20250120-wa09612753302105062465016.jpg?resize=768%2C953&amp;ssl=1 768w, https:\/\/i0.wp.com\/minutobahia24h.com.br\/wp-content\/uploads\/2025\/01\/img-20250120-wa09612753302105062465016.jpg?resize=750%2C931&amp;ssl=1 750w, https:\/\/i0.wp.com\/minutobahia24h.com.br\/wp-content\/uploads\/2025\/01\/img-20250120-wa09612753302105062465016.jpg?w=1031&amp;ssl=1 1031w\" sizes=\"(max-width: 800px) 100vw, 800px\" \/><\/figure>\n\n\n\n<p>Nesta segunda-feira, 20 de janeiro, feriado municipal em comemora\u00e7\u00e3o ao padroeiro S\u00e3o Sebasti\u00e3o, o prefeito de Filad\u00e9lfia, Dr. Andr\u00e9, est\u00e1 cumprindo agenda em Salvador. Ele se reuniu com Jaime de Souza Vieira, presidente da Companhia de Engenharia H\u00eddrica e de Saneamento da Bahia (Cerb), para apresentar as demandas do munic\u00edpio relacionadas \u00e0 crise h\u00eddrica em v\u00e1rias localidades.<br \/><br \/>Durante o encontro, Dr. Andr\u00e9 destacou a necessidade urgente de ampliar a rede de recursos h\u00eddricos para as comunidades que h\u00e1 tempos sofrem com a falta de abastecimento, devido \u00e0 inexist\u00eancia de infraestrutura suficiente para que a \u00e1gua da Embasa chegue at\u00e9 elas. Ele tamb\u00e9m solicitou, como medida emergencial, a perfura\u00e7\u00e3o de po\u00e7os artesianos para garantir que nenhum cidad\u00e3o de Filad\u00e9lfia fique sem acesso \u00e0 \u00e1gua.<br \/><br \/>\u201cHoje \u00e9 feriado do nosso padroeiro S\u00e3o Sebasti\u00e3o, mas o trabalho pela nossa Filad\u00e9lfia n\u00e3o pode parar. J\u00e1 estive na Cerb e fui muito bem recebido pelo presidente, Jaime de Souza Vieira. Durante a reuni\u00e3o, apresentei toda a nossa demanda referente \u00e0 falta de \u00e1gua em diversas localidades do munic\u00edpio. Jaime, muito atencioso e resolutivo, garantiu que a Cerb vai buscar uma solu\u00e7\u00e3o para resolver esse problema, priorizando a\u00e7\u00f5es vi\u00e1veis e \u00e1geis. \u00c1gua \u00e9 vida, \u00e9 dignidade, e a nossa miss\u00e3o \u00e9 garantir que nenhum filadelfense fique sem esse recurso essencial,\u201d destacou Dr. Andr\u00e9.<br \/><br \/>O prefeito agradeceu \u00e0 Cerb pela receptividade e refor\u00e7ou o compromisso de continuar trabalhando em busca de melhorias para a cidade. A gest\u00e3o de Dr. Andr\u00e9 segue priorizando a\u00e7\u00f5es que assegurem qualidade de vida para a popula\u00e7\u00e3o. <br \/>____<br \/>ASCOM <br \/>Prefeitura de Filad\u00e9lfia <br \/>Governo da Renova\u00e7\u00e3o<\/p>\n","protected":false},"excerpt":{"rendered":"<p>Nesta segunda-feira, 20 de janeiro, feriado municipal em comemora\u00e7\u00e3o ao padroeiro S\u00e3o Sebasti\u00e3o, o prefeito de Filad\u00e9lfia, Dr. Andr\u00e9, est\u00e1 cumprindo agenda em Salvador. Ele se reuniu com Jaime de Souza Vieira, presidente da Companhia de Engenharia H\u00eddrica e de Saneamento da Bahia (Cerb), para apresentar as demandas do munic\u00edpio relacionadas \u00e0 crise h\u00eddrica em [&hellip;]<\/p>\n","protected":false},"author":2,"featured_media":22826,"comment_status":"open","ping_status":"open","sticky":false,"template":"","format":"standard","meta":{"_jetpack_memberships_contains_paid_content":false,"footnotes":""},"categories":[3],"tags":[7],"class_list":["post-22827","post","type-post","status-publish","format-standard","has-post-thumbnail","hentry","category-regional","tag-filadelfia"],"aioseo_notices":[],"jetpack_featured_media_url":"https:\/\/i0.wp.com\/minutobahia24h.com.br\/wp-content\/uploads\/2025\/01\/img-20250120-wa09612753302105062465016.jpg?fit=1031%2C1280&ssl=1","jetpack_sharing_enabled":true,"_links":{"self":[{"href":"https:\/\/minutobahia24h.com.br\/index.php?rest_route=\/wp\/v2\/posts\/22827","targetHints":{"allow":["GET"]}}],"collection":[{"href":"https:\/\/minutobahia24h.com.br\/index.php?rest_route=\/wp\/v2\/posts"}],"about":[{"href":"https:\/\/minutobahia24h.com.br\/index.php?rest_route=\/wp\/v2\/types\/post"}],"author":[{"embeddable":true,"href":"https:\/\/minutobahia24h.com.br\/index.php?rest_route=\/wp\/v2\/users\/2"}],"replies":[{"embeddable":true,"href":"https:\/\/minutobahia24h.com.br\/index.php?rest_route=%2Fwp%2Fv2%2Fcomments&post=22827"}],"version-history":[{"count":2,"href":"https:\/\/minutobahia24h.com.br\/index.php?rest_route=\/wp\/v2\/posts\/22827\/revisions"}],"predecessor-version":[{"id":22829,"href":"https:\/\/minutobahia24h.com.br\/index.php?rest_route=\/wp\/v2\/posts\/22827\/revisions\/22829"}],"wp:featuredmedia":[{"embeddable":true,"href":"https:\/\/minutobahia24h.com.br\/index.php?rest_route=\/wp\/v2\/media\/22826"}],"wp:attachment":[{"href":"https:\/\/minutobahia24h.com.br\/index.php?rest_route=%2Fwp%2Fv2%2Fmedia&parent=22827"}],"wp:term":[{"taxonomy":"category","embeddable":true,"href":"https:\/\/minutobahia24h.com.br\/index.php?rest_route=%2Fwp%2Fv2%2Fcategories&post=22827"},{"taxonomy":"post_tag","embeddable":true,"href":"https:\/\/minutobahia24h.com.br\/index.php?rest_route=%2Fwp%2Fv2%2Ftags&post=22827"}],"curies":[{"name":"wp","href":"https:\/\/api.w.org\/{rel}","templated":true}]}}