{"id":22762,"date":"2025-01-17T09:03:21","date_gmt":"2025-01-17T12:03:21","guid":{"rendered":"https:\/\/minutobahia24h.com.br\/?p=22762"},"modified":"2025-01-17T09:03:23","modified_gmt":"2025-01-17T12:03:23","slug":"cessar-fogo-primeiros-refens-serao-soltos-no-domingo-diz-israel","status":"publish","type":"post","link":"https:\/\/minutobahia24h.com.br\/?p=22762","title":{"rendered":"Cessar-fogo: Primeiros ref\u00e9ns ser\u00e3o soltos no domingo, diz Israel"},"content":{"rendered":"\n<p>Ap\u00f3s&nbsp;<a class=\"\" href=\"https:\/\/g1.globo.com\/tudo-sobre\/israel\/\">Israel<\/a>&nbsp;e&nbsp;<a class=\"\" href=\"https:\/\/g1.globo.com\/tudo-sobre\/hamas\/\">Hamas<\/a>&nbsp;chegarem a um acordo nesta semana, uma primeira leva de ref\u00e9ns sob poder do grupo terrorista ser\u00e1 libertada no domingo (19), disse nesta sexta-feira (17) o gabinete do primeiro-ministro de Israel,&nbsp;<a class=\"\" href=\"https:\/\/g1.globo.com\/tudo-sobre\/benjamin-netanyahu\/\">Benjamin Netanyahu<\/a>.<\/p>\n\n\n\n<p>Cerca de&nbsp;<strong>cem pessoas<\/strong>&nbsp;que foram sequestradas pelo Hamas em 7 de outubro de 2023<strong>&nbsp;ainda est\u00e3o sob poder do grupo<\/strong>, e a devolu\u00e7\u00e3o deles \u00e9 um dos<a class=\"\" href=\"https:\/\/g1.globo.com\/mundo\/noticia\/2025\/01\/15\/cessar-fogo-em-gaza-o-acordo-entre-israel-e-hamas-fase-a-fase.ghtml\">&nbsp;pontos do acordo<\/a>, que prev\u00ea tamb\u00e9m que Israel liberte centenas de palestinos presos em Israel e interrompa os bombardeios na&nbsp;<a class=\"\" href=\"https:\/\/g1.globo.com\/tudo-sobre\/faixa-de-gaza\/\">Faixa de Gaza<\/a>.<\/p>\n\n\n\n<p>O gabinete de Netanyahu n\u00e3o detalhou quantos ref\u00e9ns ser\u00e3o libertados no domingo e tamb\u00e9m n\u00e3o deu nomes \u2014 um dos ref\u00e9ns \u00e9 um&nbsp;<a class=\"\" href=\"https:\/\/g1.globo.com\/mundo\/noticia\/2023\/11\/29\/refem-bebe-bombardeio-gaza.ghtml\">beb\u00ea que foi sequestrado quanto tinha apenas dez meses<\/a>. O Hamas afirma que ele morreu em bombardeio, mas a informa\u00e7\u00e3o nunca foi confirmada por Israel.<\/p>\n\n\n\n<p>A&nbsp;<strong>primeira fase do acordo prev\u00ea a liberta\u00e7\u00e3o total de 33 ref\u00e9ns<\/strong>, mas o gabinete israelense n\u00e3o informou se todos eles ser\u00e3o devolvidos no domingo.<\/p>\n\n\n\n<p>Tamb\u00e9m nesta sexta, o<strong>&nbsp;Hamas disse que os pontos de disc\u00f3rdia do acordo foram totalmente resolvidos<\/strong>.<\/p>\n\n\n\n<p>Na quinta-feira (16), depois de a amea\u00e7a de um novo impasse, Israel aceitou os termos do acordo de cessar-fogo com o Hamas, tamb\u00e9m segundo o gabinete do premi\u00ea.<\/p>\n\n\n\n<p>O governo ainda votar\u00e1 internamente, entre os ministros de Netanyahu, o texto do acordo nesta sexta-feira (17). Mas a<strong>&nbsp;expectativa \u00e9 pela aprova\u00e7\u00e3o<\/strong>, mesmo com a resist\u00eancia da ala mais radical do governo de Israel.<\/p>\n\n\n\n<h2 class=\"wp-block-heading\">Cessar-fogo<\/h2>\n\n\n<div class=\"wp-block-image\">\n<figure class=\"aligncenter size-full\"><img data-recalc-dims=\"1\" fetchpriority=\"high\" decoding=\"async\" width=\"800\" height=\"528\" src=\"https:\/\/i0.wp.com\/minutobahia24h.com.br\/wp-content\/uploads\/2025\/01\/Sem-titulo-341.jpg?resize=800%2C528&#038;ssl=1\" alt=\"\" class=\"wp-image-22763\" srcset=\"https:\/\/i0.wp.com\/minutobahia24h.com.br\/wp-content\/uploads\/2025\/01\/Sem-titulo-341.jpg?w=984&amp;ssl=1 984w, https:\/\/i0.wp.com\/minutobahia24h.com.br\/wp-content\/uploads\/2025\/01\/Sem-titulo-341.jpg?resize=300%2C198&amp;ssl=1 300w, https:\/\/i0.wp.com\/minutobahia24h.com.br\/wp-content\/uploads\/2025\/01\/Sem-titulo-341.jpg?resize=768%2C507&amp;ssl=1 768w, https:\/\/i0.wp.com\/minutobahia24h.com.br\/wp-content\/uploads\/2025\/01\/Sem-titulo-341.jpg?resize=750%2C495&amp;ssl=1 750w\" sizes=\"(max-width: 800px) 100vw, 800px\" \/><figcaption class=\"wp-element-caption\">Soldados israelenses jogam futebol diante de tanques e ve\u00edculos blindados de transporte de pessoal (APC), em meio ao conflito em curso entre Israel e o grupo isl\u00e2mico palestino Hamas, perto da fronteira entre Israel e Gaza, em Israel \u2014 Foto: Amir Cohen\/Reuters<br><br><\/figcaption><\/figure>\n<\/div>\n\n\n<p>Depois de 467 dias de guerra na Faixa de Gaza e quase 48 mil mortos, Israel e o grupo terrorista Hamas chegaram a um acordo para um cessar-fogo no conflito na quarta-feira (15). O tratado deve entrar em vigor no domingo, mas ainda precisa ser ratificado pelo Conselho de Ministros do governo, liderado pelo primeiro-ministro Benjamin Netanyahu.<\/p>\n\n\n\n<p>O governo de Israel tem evitado comentar o acordo at\u00e9 a reuni\u00e3o ministerial e chegou a amea\u00e7ar n\u00e3o aprovar o acordo ap\u00f3s &#8220;exig\u00eancias de \u00faltima hora&#8221; do Hamas. Nos \u00faltimos dias, Netanyahu agradeceu Estados Unidos, Catar e Egito por mediar as negocia\u00e7\u00f5es.<\/p>\n\n\n\n<p>Mesmo antes da confirma\u00e7\u00e3o pelo pa\u00eds, boa parte dos israelenses j\u00e1 comemora o acordo com a&nbsp;<a class=\"\" href=\"https:\/\/g1.globo.com\/mundo\/noticia\/2025\/01\/16\/cessar-fogo-so-espero-que-todos-os-refens-voltem-diz-irma-de-refem-brasileiro-morto-pelo-hamas.ghtml\">promessa da liberta\u00e7\u00e3o de ref\u00e9ns<\/a>. Por outro lado, uma ala \u2014 que conta, inclusive, com representantes no governo de Netanyahu \u2014 se op\u00f5e frontalmente \u00e0 sua assinatura.<\/p>\n\n\n\n<p>O mais vocal opositor do acordo, do lado israelense, \u00e9 um ministro de Netanyahu,&nbsp;<strong>Itamar Ben-Gvir<\/strong>. \u00c0 frente da pasta de Seguran\u00e7a Nacional, ele \u00e9 membro do partido de ultradireita Poder Judaico, formado por defensores de assentamentos israelenses nos territ\u00f3rios palestinos e opositores ferrenhos \u00e0 solu\u00e7\u00e3o de dois Estados.<\/p>\n\n\n\n<blockquote class=\"wp-block-quote is-layout-flow wp-block-quote-is-layout-flow\">\n<p>&#8220;O acordo que est\u00e1 tomando forma \u00e9 um acordo imprudente&#8221;, disse Ben-Gvir em uma declara\u00e7\u00e3o televisionada, dizendo que &#8220;apagaria as conquistas da guerra&#8221; ao libertar centenas de militantes palestinos e se retirar de \u00e1reas estrat\u00e9gicas em Gaza, deixando o Hamas em vantagem.<\/p>\n<\/blockquote>\n\n\n\n<p>Na primeira etapa do acordo, 33 ref\u00e9ns mantidos sob o poder do Hamas ser\u00e3o libertados e devolvidos para Israel \u2014 os 65 remanescentes seriam soltos em uma eventual segunda fase. Em troca, Israel se comprometeria a libertar centenas de prisioneiros palestinos.<\/p>\n\n\n\n<blockquote class=\"wp-block-quote is-layout-flow wp-block-quote-is-layout-flow\">\n<p>&#8220;Se esse acordo irrespons\u00e1vel for aprovado e implementado, n\u00f3s, membros do Poder Judaico, enviaremos cartas de ren\u00fancia ao primeiro-ministro&#8221;, disse ele, acrescentando que, ainda assim, n\u00e3o tentaria derrubar o governo.<\/p>\n<\/blockquote>\n\n\n\n<p>Ben-Gvir tamb\u00e9m pediu ao ministro das Finan\u00e7as,&nbsp;<strong>Bezalel Smotrich<\/strong>, que descreveu o acordo como uma &#8220;cat\u00e1strofe&#8221;, para se juntar a ele em uma \u00faltima tentativa de impedir o cessar-fogo, que ele descreveu como uma capitula\u00e7\u00e3o perigosa ao Hamas.<\/p>\n\n\n\n<p>O partido Sionismo Religioso de Smotrich repetiu sua oposi\u00e7\u00e3o na quinta-feira,&nbsp;amea\u00e7ando deixar o governo se ele n\u00e3o retomasse a guerra contra o Hamas ap\u00f3s a conclus\u00e3o da primeira fase de seis semanas do cessar-fogo.<\/p>\n\n\n\n<p>Em um movimento que pode ser um aceno para os extremistas de direita, Netanyahu, acusou nesta quinta-feira o Hamas de mudar termos do cessar-fogo na Faixa de Gaza e disse que&nbsp;<a class=\"\" href=\"https:\/\/g1.globo.com\/mundo\/noticia\/2025\/01\/16\/netanyahu-acusa-hamas-crise-de-ultima-hora-acordo-cessar-fogo.ghtml\">o grupo terrorista causou uma &#8220;crise de \u00faltima hora&#8221; no acordo<\/a>.<\/p>\n\n\n\n<p>Em outubro, Ben-Gvir participou de um evento de radicais israelenses que defendeu a realoca\u00e7\u00e3o de israelenses em assentamentos na Faixa de Gaza, assim como os que existem na Cisjord\u00e2nia, o que a ONU e a comunidade internacional consideram uma ocupa\u00e7\u00e3o ilegal.<\/p>\n\n\n\n<p>A exist\u00eancia dos assentamentos \u00e9 vista como um obst\u00e1culo \u00e0 paz na regi\u00e3o, uma vez que os israelenses invadem a terra onde os palestinos almejam construir um Estado.<\/p>\n\n\n\n<p>No mesmo evento, o extremista tamb\u00e9m pediu a Israel para \u201cencorajar a emigra\u00e7\u00e3o\u201d de palestinos para fora de Gaza. &#8220;\u00c9 a melhor solu\u00e7\u00e3o e a mais moral, n\u00e3o pela for\u00e7a, mas dizendo a eles: &#8216;Estamos dando a voc\u00eas a op\u00e7\u00e3o, v\u00e3o embora para outros pa\u00edses, a Terra de Israel \u00e9 nossa'&#8221;, disse ele.<\/p>\n\n\n\n<p>O conflito na Faixa de Gaza come\u00e7ou quando terroristas do Hamas fizeram uma invas\u00e3o inesperada ao sul de Israel, matando mais de 1.200 pessoas e sequestrando mais de 200. No mesmo dia, o primeiro-ministro israelense, Benjamin Netanyahu, declarou guerra ao Hamas, que governava a Faixa de Gaza.<\/p>\n\n\n\n<p>Ao longo de mais de um ano de guerra, bombardeios de Israel e incurs\u00f5es terrestres reduziram grandes \u00e1reas da Faixa de Gaza \u2014 principalmente no norte \u2014 a escombros e causaram uma crise humanit\u00e1ria na popula\u00e7\u00e3o de 2,3 milh\u00f5es de habitantes.<\/p>\n\n\n\n<p><\/p>\n","protected":false},"excerpt":{"rendered":"<p>Ap\u00f3s&nbsp;Israel&nbsp;e&nbsp;Hamas&nbsp;chegarem a um acordo nesta semana, uma primeira leva de ref\u00e9ns sob poder do grupo terrorista ser\u00e1 libertada no domingo (19), disse nesta sexta-feira (17) o gabinete do primeiro-ministro de Israel,&nbsp;Benjamin Netanyahu. Cerca de&nbsp;cem pessoas&nbsp;que foram sequestradas pelo Hamas em 7 de outubro de 2023&nbsp;ainda est\u00e3o sob poder do grupo, e a devolu\u00e7\u00e3o deles \u00e9 [&hellip;]<\/p>\n","protected":false},"author":2,"featured_media":22763,"comment_status":"open","ping_status":"open","sticky":false,"template":"","format":"standard","meta":{"_jetpack_memberships_contains_paid_content":false,"footnotes":""},"categories":[15],"tags":[],"class_list":["post-22762","post","type-post","status-publish","format-standard","has-post-thumbnail","hentry","category-mundo"],"aioseo_notices":[],"jetpack_featured_media_url":"https:\/\/i0.wp.com\/minutobahia24h.com.br\/wp-content\/uploads\/2025\/01\/Sem-titulo-341.jpg?fit=984%2C650&ssl=1","jetpack_sharing_enabled":true,"_links":{"self":[{"href":"https:\/\/minutobahia24h.com.br\/index.php?rest_route=\/wp\/v2\/posts\/22762","targetHints":{"allow":["GET"]}}],"collection":[{"href":"https:\/\/minutobahia24h.com.br\/index.php?rest_route=\/wp\/v2\/posts"}],"about":[{"href":"https:\/\/minutobahia24h.com.br\/index.php?rest_route=\/wp\/v2\/types\/post"}],"author":[{"embeddable":true,"href":"https:\/\/minutobahia24h.com.br\/index.php?rest_route=\/wp\/v2\/users\/2"}],"replies":[{"embeddable":true,"href":"https:\/\/minutobahia24h.com.br\/index.php?rest_route=%2Fwp%2Fv2%2Fcomments&post=22762"}],"version-history":[{"count":1,"href":"https:\/\/minutobahia24h.com.br\/index.php?rest_route=\/wp\/v2\/posts\/22762\/revisions"}],"predecessor-version":[{"id":22764,"href":"https:\/\/minutobahia24h.com.br\/index.php?rest_route=\/wp\/v2\/posts\/22762\/revisions\/22764"}],"wp:featuredmedia":[{"embeddable":true,"href":"https:\/\/minutobahia24h.com.br\/index.php?rest_route=\/wp\/v2\/media\/22763"}],"wp:attachment":[{"href":"https:\/\/minutobahia24h.com.br\/index.php?rest_route=%2Fwp%2Fv2%2Fmedia&parent=22762"}],"wp:term":[{"taxonomy":"category","embeddable":true,"href":"https:\/\/minutobahia24h.com.br\/index.php?rest_route=%2Fwp%2Fv2%2Fcategories&post=22762"},{"taxonomy":"post_tag","embeddable":true,"href":"https:\/\/minutobahia24h.com.br\/index.php?rest_route=%2Fwp%2Fv2%2Ftags&post=22762"}],"curies":[{"name":"wp","href":"https:\/\/api.w.org\/{rel}","templated":true}]}}