{"id":2275,"date":"2023-10-15T15:46:52","date_gmt":"2023-10-15T18:46:52","guid":{"rendered":"https:\/\/minutobahia24h.com.br\/?p=2275"},"modified":"2023-10-15T15:46:54","modified_gmt":"2023-10-15T18:46:54","slug":"ministra-se-aposentara-e-abrira-nova-vaga-para-lula-indicar-no-stj","status":"publish","type":"post","link":"https:\/\/minutobahia24h.com.br\/?p=2275","title":{"rendered":"Ministra se aposentar\u00e1 e abrir\u00e1 nova vaga para Lula indicar no STJ"},"content":{"rendered":"<div class=\"wp-block-image\">\n<figure class=\"aligncenter size-full\"><img data-recalc-dims=\"1\" fetchpriority=\"high\" decoding=\"async\" width=\"600\" height=\"420\" src=\"https:\/\/i0.wp.com\/minutobahia24h.com.br\/wp-content\/uploads\/2023\/10\/presidente-stj-laurita-vaz1.jpg?resize=600%2C420&#038;ssl=1\" alt=\"\" class=\"wp-image-2277\" srcset=\"https:\/\/i0.wp.com\/minutobahia24h.com.br\/wp-content\/uploads\/2023\/10\/presidente-stj-laurita-vaz1.jpg?w=600&amp;ssl=1 600w, https:\/\/i0.wp.com\/minutobahia24h.com.br\/wp-content\/uploads\/2023\/10\/presidente-stj-laurita-vaz1.jpg?resize=300%2C210&amp;ssl=1 300w\" sizes=\"(max-width: 600px) 100vw, 600px\" \/><figcaption class=\"wp-element-caption\">Reprodu\u00e7\u00e3o\/ Twitter<br><\/figcaption><\/figure>\n<\/div>\n\n\n<p>Na semana que vem, a ministra Laurita Vaz, do Superior Tribunal de Justi\u00e7a (STJ), se aposenta, abrindo outra vaga para o presidente Lula indicar \u2014 destinada ao MPF. A informa\u00e7\u00e3o \u00e9 da coluna Radar, da revista Veja. Primeira mulher a presidir o Superior Tribunal de Justi\u00e7a, de 2016 a 2018, Laurita completa 75 anos no pr\u00f3ximo s\u00e1bado e ter\u00e1 que pendurar a toga compulsoriamente. Ela est\u00e1 na Corte desde 2001, quando foi nomeada pelo ent\u00e3o presidente Fernando Henrique Cardoso.<\/p>\n\n\n\n<p>Bahia.ba<\/p>\n","protected":false},"excerpt":{"rendered":"<p>Na semana que vem, a ministra Laurita Vaz, do Superior Tribunal de Justi\u00e7a (STJ), se aposenta, abrindo outra vaga para o presidente Lula indicar \u2014 destinada ao MPF. A informa\u00e7\u00e3o \u00e9 da coluna Radar, da revista Veja. Primeira mulher a presidir o Superior Tribunal de Justi\u00e7a, de 2016 a 2018, Laurita completa 75 anos no [&hellip;]<\/p>\n","protected":false},"author":2,"featured_media":2277,"comment_status":"open","ping_status":"open","sticky":false,"template":"","format":"standard","meta":{"_jetpack_memberships_contains_paid_content":false,"footnotes":""},"categories":[23],"tags":[],"class_list":["post-2275","post","type-post","status-publish","format-standard","has-post-thumbnail","hentry","category-justica"],"aioseo_notices":[],"jetpack_featured_media_url":"https:\/\/i0.wp.com\/minutobahia24h.com.br\/wp-content\/uploads\/2023\/10\/presidente-stj-laurita-vaz1.jpg?fit=600%2C420&ssl=1","jetpack_sharing_enabled":true,"_links":{"self":[{"href":"https:\/\/minutobahia24h.com.br\/index.php?rest_route=\/wp\/v2\/posts\/2275","targetHints":{"allow":["GET"]}}],"collection":[{"href":"https:\/\/minutobahia24h.com.br\/index.php?rest_route=\/wp\/v2\/posts"}],"about":[{"href":"https:\/\/minutobahia24h.com.br\/index.php?rest_route=\/wp\/v2\/types\/post"}],"author":[{"embeddable":true,"href":"https:\/\/minutobahia24h.com.br\/index.php?rest_route=\/wp\/v2\/users\/2"}],"replies":[{"embeddable":true,"href":"https:\/\/minutobahia24h.com.br\/index.php?rest_route=%2Fwp%2Fv2%2Fcomments&post=2275"}],"version-history":[{"count":1,"href":"https:\/\/minutobahia24h.com.br\/index.php?rest_route=\/wp\/v2\/posts\/2275\/revisions"}],"predecessor-version":[{"id":2278,"href":"https:\/\/minutobahia24h.com.br\/index.php?rest_route=\/wp\/v2\/posts\/2275\/revisions\/2278"}],"wp:featuredmedia":[{"embeddable":true,"href":"https:\/\/minutobahia24h.com.br\/index.php?rest_route=\/wp\/v2\/media\/2277"}],"wp:attachment":[{"href":"https:\/\/minutobahia24h.com.br\/index.php?rest_route=%2Fwp%2Fv2%2Fmedia&parent=2275"}],"wp:term":[{"taxonomy":"category","embeddable":true,"href":"https:\/\/minutobahia24h.com.br\/index.php?rest_route=%2Fwp%2Fv2%2Fcategories&post=2275"},{"taxonomy":"post_tag","embeddable":true,"href":"https:\/\/minutobahia24h.com.br\/index.php?rest_route=%2Fwp%2Fv2%2Ftags&post=2275"}],"curies":[{"name":"wp","href":"https:\/\/api.w.org\/{rel}","templated":true}]}}