{"id":22726,"date":"2025-01-17T08:25:28","date_gmt":"2025-01-17T11:25:28","guid":{"rendered":"https:\/\/minutobahia24h.com.br\/?p=22726"},"modified":"2025-01-17T08:25:29","modified_gmt":"2025-01-17T11:25:29","slug":"cabo-da-policia-militar-e-exonerado-por-suspeita-de-envolvimento-em-homicidio-de-colega","status":"publish","type":"post","link":"https:\/\/minutobahia24h.com.br\/?p=22726","title":{"rendered":"Cabo da Pol\u00edcia Militar \u00e9 exonerado por suspeita de envolvimento em homic\u00eddio de colega"},"content":{"rendered":"<div class=\"wp-block-image\">\n<figure class=\"aligncenter size-full\"><img data-recalc-dims=\"1\" fetchpriority=\"high\" decoding=\"async\" width=\"639\" height=\"468\" src=\"https:\/\/i0.wp.com\/minutobahia24h.com.br\/wp-content\/uploads\/2025\/01\/Sem-titulo-329.jpg?resize=639%2C468&#038;ssl=1\" alt=\"\" class=\"wp-image-22727\" srcset=\"https:\/\/i0.wp.com\/minutobahia24h.com.br\/wp-content\/uploads\/2025\/01\/Sem-titulo-329.jpg?w=639&amp;ssl=1 639w, https:\/\/i0.wp.com\/minutobahia24h.com.br\/wp-content\/uploads\/2025\/01\/Sem-titulo-329.jpg?resize=300%2C220&amp;ssl=1 300w\" sizes=\"(max-width: 639px) 100vw, 639px\" \/><figcaption class=\"wp-element-caption\">Foto da v\u00edtima; arquivo<br><\/figcaption><\/figure>\n<\/div>\n\n\n<p>O cabo Joelson Bispo da Silva, da Pol\u00edcia Militar da Bahia, \u00e9 oficialmente desligado da corpora\u00e7\u00e3o ap\u00f3s ser suspeito de envolvimento no assassinato do pr\u00f3prio colega Erisvaldo dos Santos Pereira. A decis\u00e3o foi assinada pelo comandante-geral da PM, Coronel Paulo Coutinho.<\/p>\n\n\n\n<p>Joelson foi foi lotado no 6\u00ba Batalh\u00e3o de Pol\u00edcia Militar (BPM\/Senhor do Bonfim). O corpo de Erisvaldo foi encontrado na manh\u00e3 de 21 de junho de 2019 no anel vi\u00e1rio de Euclides da Cunha, apresentando marcas de tiros.<\/p>\n\n\n\n<p>A investiga\u00e7\u00e3o revelou que o policial havia desaparecido na madrugada do dia 21, ap\u00f3s participar de uma festa tipo pared\u00e3o na cidade. Segundo a Pol\u00edcia Civil, o crime pode estar relacionado a uma discuss\u00e3o entre Joelson e Erisvaldo ap\u00f3s a v\u00edtima ter descoberto uma ro\u00e7a de maconha no munic\u00edpio de Canudos.<\/p>\n\n\n\n<p>Al\u00e9m de Joelson, Jos\u00e9 Carvalho da Silva, conhecido como \u201cArara\u201d, tamb\u00e9m \u00e9 investigado pela poss\u00edvel participa\u00e7\u00e3o no homic\u00eddio.<\/p>\n\n\n\n<p>Registros telef\u00f4nicos detalhados pela pol\u00edcia mostraram liga\u00e7\u00f5es entre Joelson e \u201cArara\u201d na noite do crime, ou seja, uma contradi\u00e7\u00e3o relacionada aos depoimentos dos suspeitos, que afirmaram n\u00e3o ter envolvimento no crime.<\/p>\n\n\n\n<p>A advogada do cabo argumentou que as acusa\u00e7\u00f5es contra seu cliente foram fundamentadas em depoimentos inconsistentes e cr\u00edticas de supostas falhas na condu\u00e7\u00e3o do inqu\u00e9rito. Apesar disso, o Processo Administrativo Disciplinar (PAD) da Pol\u00edcia Militar concluiu pela demiss\u00e3o do PM Joelson.<\/p>\n\n\n\n<p>Embora a PM tenha conclu\u00eddo o PAD, o processo criminal segue sem uma publica\u00e7\u00e3o na Justi\u00e7a comum.<\/p>\n\n\n\n<p>CN | Fonte: euclidesdacunha.com.br \/ Cl\u00e1udia Xavier<\/p>\n\n\n\n<p>augustourgente<\/p>\n","protected":false},"excerpt":{"rendered":"<p>O cabo Joelson Bispo da Silva, da Pol\u00edcia Militar da Bahia, \u00e9 oficialmente desligado da corpora\u00e7\u00e3o ap\u00f3s ser suspeito de envolvimento no assassinato do pr\u00f3prio colega Erisvaldo dos Santos Pereira. A decis\u00e3o foi assinada pelo comandante-geral da PM, Coronel Paulo Coutinho. Joelson foi foi lotado no 6\u00ba Batalh\u00e3o de Pol\u00edcia Militar (BPM\/Senhor do Bonfim). O [&hellip;]<\/p>\n","protected":false},"author":2,"featured_media":22727,"comment_status":"open","ping_status":"open","sticky":false,"template":"","format":"standard","meta":{"_jetpack_memberships_contains_paid_content":false,"footnotes":""},"categories":[3],"tags":[],"class_list":["post-22726","post","type-post","status-publish","format-standard","has-post-thumbnail","hentry","category-regional"],"aioseo_notices":[],"jetpack_featured_media_url":"https:\/\/i0.wp.com\/minutobahia24h.com.br\/wp-content\/uploads\/2025\/01\/Sem-titulo-329.jpg?fit=639%2C468&ssl=1","jetpack_sharing_enabled":true,"_links":{"self":[{"href":"https:\/\/minutobahia24h.com.br\/index.php?rest_route=\/wp\/v2\/posts\/22726","targetHints":{"allow":["GET"]}}],"collection":[{"href":"https:\/\/minutobahia24h.com.br\/index.php?rest_route=\/wp\/v2\/posts"}],"about":[{"href":"https:\/\/minutobahia24h.com.br\/index.php?rest_route=\/wp\/v2\/types\/post"}],"author":[{"embeddable":true,"href":"https:\/\/minutobahia24h.com.br\/index.php?rest_route=\/wp\/v2\/users\/2"}],"replies":[{"embeddable":true,"href":"https:\/\/minutobahia24h.com.br\/index.php?rest_route=%2Fwp%2Fv2%2Fcomments&post=22726"}],"version-history":[{"count":1,"href":"https:\/\/minutobahia24h.com.br\/index.php?rest_route=\/wp\/v2\/posts\/22726\/revisions"}],"predecessor-version":[{"id":22728,"href":"https:\/\/minutobahia24h.com.br\/index.php?rest_route=\/wp\/v2\/posts\/22726\/revisions\/22728"}],"wp:featuredmedia":[{"embeddable":true,"href":"https:\/\/minutobahia24h.com.br\/index.php?rest_route=\/wp\/v2\/media\/22727"}],"wp:attachment":[{"href":"https:\/\/minutobahia24h.com.br\/index.php?rest_route=%2Fwp%2Fv2%2Fmedia&parent=22726"}],"wp:term":[{"taxonomy":"category","embeddable":true,"href":"https:\/\/minutobahia24h.com.br\/index.php?rest_route=%2Fwp%2Fv2%2Fcategories&post=22726"},{"taxonomy":"post_tag","embeddable":true,"href":"https:\/\/minutobahia24h.com.br\/index.php?rest_route=%2Fwp%2Fv2%2Ftags&post=22726"}],"curies":[{"name":"wp","href":"https:\/\/api.w.org\/{rel}","templated":true}]}}