{"id":2271,"date":"2023-10-15T15:44:07","date_gmt":"2023-10-15T18:44:07","guid":{"rendered":"https:\/\/minutobahia24h.com.br\/?p=2271"},"modified":"2023-10-15T15:44:08","modified_gmt":"2023-10-15T18:44:08","slug":"papa-faz-apelo-por-paz-e-convoca-fieis-para-oracao-e-jejum-guerras-sao-sempre-uma-derrota","status":"publish","type":"post","link":"https:\/\/minutobahia24h.com.br\/?p=2271","title":{"rendered":"Papa faz apelo por paz e convoca fi\u00e9is para ora\u00e7\u00e3o e jejum: guerras s\u00e3o sempre uma derrota"},"content":{"rendered":"<div class=\"wp-block-image\">\n<figure class=\"aligncenter size-full\"><img data-recalc-dims=\"1\" fetchpriority=\"high\" decoding=\"async\" width=\"600\" height=\"420\" src=\"https:\/\/i0.wp.com\/minutobahia24h.com.br\/wp-content\/uploads\/2023\/10\/francisco-papa.jpg?resize=600%2C420&#038;ssl=1\" alt=\"\" class=\"wp-image-2273\" srcset=\"https:\/\/i0.wp.com\/minutobahia24h.com.br\/wp-content\/uploads\/2023\/10\/francisco-papa.jpg?w=600&amp;ssl=1 600w, https:\/\/i0.wp.com\/minutobahia24h.com.br\/wp-content\/uploads\/2023\/10\/francisco-papa.jpg?resize=300%2C210&amp;ssl=1 300w\" sizes=\"(max-width: 600px) 100vw, 600px\" \/><figcaption class=\"wp-element-caption\">Foto: Benhur Arcayan\/ Malaca\u00f1ang Photo Bureau\/EBC<br><\/figcaption><\/figure>\n<\/div>\n\n\n<p>Durante a tradicional ora\u00e7\u00e3o do Angelus na Pra\u00e7a de S\u00e3o Pedro, no Vaticano, neste domingo (15), o Papa Francisco expressou preocupa\u00e7\u00e3o com a escalada do conflito em Israel e na Palestina, pediu pelo fim do derramamento de \u201csangue inocente\u201d e convocou os fi\u00e9is para ora\u00e7\u00e3o e jejum na pr\u00f3xima ter\u00e7a-feira (17).<\/p>\n\n\n\n<p>\u201cAcompanho com muita dor o que acontece em Israel e Palestina. Renovo o apelo para a libera\u00e7\u00e3o dos ref\u00e9ns e pe\u00e7o veementemente que as crian\u00e7as, os enfermos, os idosos, as mulheres e todos os civis n\u00e3o sejam v\u00edtimas do conflito\u201d, disse o l\u00edder religioso, em refer\u00eancia aos sequestros e assassinatos promovidos pelo Hamas e tamb\u00e9m aos palestinos e demais civis que acabaram vitimados pela ofensiva de Israel contro o grupo extremista. \u201cQue seja respeitado o direito humanit\u00e1rio, especialmente em Gaza\u201d, suplicou.<\/p>\n\n\n\n<p>Em sua prega\u00e7\u00e3o pela paz, ele fez um apelo pelo fim de todas as guerras, incluindo a da R\u00fassia contra a Ucr\u00e2nia. \u201cPor favor, que n\u00e3o se derrame mais sangue inocente nem na Terra Santa, nem na Ucr\u00e2nia, nem em nenhum outro lugar! Basta! As guerras s\u00e3o sempre uma derrota, sempre!\u201d, disse o sacerdote, segundo o qual \u201ca ora\u00e7\u00e3o \u00e9 a for\u00e7a suave e santa para se opor \u00e0 for\u00e7a diab\u00f3lica do \u00f3dio, do terrorismo e da guerra\u201d.<\/p>\n\n\n\n<p>Bahia.ba<\/p>\n","protected":false},"excerpt":{"rendered":"<p>Durante a tradicional ora\u00e7\u00e3o do Angelus na Pra\u00e7a de S\u00e3o Pedro, no Vaticano, neste domingo (15), o Papa Francisco expressou preocupa\u00e7\u00e3o com a escalada do conflito em Israel e na Palestina, pediu pelo fim do derramamento de \u201csangue inocente\u201d e convocou os fi\u00e9is para ora\u00e7\u00e3o e jejum na pr\u00f3xima ter\u00e7a-feira (17). \u201cAcompanho com muita dor [&hellip;]<\/p>\n","protected":false},"author":2,"featured_media":2273,"comment_status":"open","ping_status":"open","sticky":false,"template":"","format":"standard","meta":{"_jetpack_memberships_contains_paid_content":false,"footnotes":""},"categories":[15],"tags":[],"class_list":["post-2271","post","type-post","status-publish","format-standard","has-post-thumbnail","hentry","category-mundo"],"aioseo_notices":[],"jetpack_featured_media_url":"https:\/\/i0.wp.com\/minutobahia24h.com.br\/wp-content\/uploads\/2023\/10\/francisco-papa.jpg?fit=600%2C420&ssl=1","jetpack_sharing_enabled":true,"_links":{"self":[{"href":"https:\/\/minutobahia24h.com.br\/index.php?rest_route=\/wp\/v2\/posts\/2271","targetHints":{"allow":["GET"]}}],"collection":[{"href":"https:\/\/minutobahia24h.com.br\/index.php?rest_route=\/wp\/v2\/posts"}],"about":[{"href":"https:\/\/minutobahia24h.com.br\/index.php?rest_route=\/wp\/v2\/types\/post"}],"author":[{"embeddable":true,"href":"https:\/\/minutobahia24h.com.br\/index.php?rest_route=\/wp\/v2\/users\/2"}],"replies":[{"embeddable":true,"href":"https:\/\/minutobahia24h.com.br\/index.php?rest_route=%2Fwp%2Fv2%2Fcomments&post=2271"}],"version-history":[{"count":1,"href":"https:\/\/minutobahia24h.com.br\/index.php?rest_route=\/wp\/v2\/posts\/2271\/revisions"}],"predecessor-version":[{"id":2274,"href":"https:\/\/minutobahia24h.com.br\/index.php?rest_route=\/wp\/v2\/posts\/2271\/revisions\/2274"}],"wp:featuredmedia":[{"embeddable":true,"href":"https:\/\/minutobahia24h.com.br\/index.php?rest_route=\/wp\/v2\/media\/2273"}],"wp:attachment":[{"href":"https:\/\/minutobahia24h.com.br\/index.php?rest_route=%2Fwp%2Fv2%2Fmedia&parent=2271"}],"wp:term":[{"taxonomy":"category","embeddable":true,"href":"https:\/\/minutobahia24h.com.br\/index.php?rest_route=%2Fwp%2Fv2%2Fcategories&post=2271"},{"taxonomy":"post_tag","embeddable":true,"href":"https:\/\/minutobahia24h.com.br\/index.php?rest_route=%2Fwp%2Fv2%2Ftags&post=2271"}],"curies":[{"name":"wp","href":"https:\/\/api.w.org\/{rel}","templated":true}]}}