{"id":22654,"date":"2025-01-16T07:52:15","date_gmt":"2025-01-16T10:52:15","guid":{"rendered":"https:\/\/minutobahia24h.com.br\/?p=22654"},"modified":"2025-01-16T07:52:17","modified_gmt":"2025-01-16T10:52:17","slug":"lula-sanciona-nesta-quinta-primeira-lei-que-regulamenta-reforma-tributaria","status":"publish","type":"post","link":"https:\/\/minutobahia24h.com.br\/?p=22654","title":{"rendered":"Lula sanciona nesta quinta primeira lei que regulamenta Reforma Tribut\u00e1ria"},"content":{"rendered":"<div class=\"wp-block-image\">\n<figure class=\"aligncenter size-full\"><img data-recalc-dims=\"1\" fetchpriority=\"high\" decoding=\"async\" width=\"659\" height=\"506\" src=\"https:\/\/i0.wp.com\/minutobahia24h.com.br\/wp-content\/uploads\/2025\/01\/Sem-titulo-311.jpg?resize=659%2C506&#038;ssl=1\" alt=\"\" class=\"wp-image-22655\" srcset=\"https:\/\/i0.wp.com\/minutobahia24h.com.br\/wp-content\/uploads\/2025\/01\/Sem-titulo-311.jpg?w=659&amp;ssl=1 659w, https:\/\/i0.wp.com\/minutobahia24h.com.br\/wp-content\/uploads\/2025\/01\/Sem-titulo-311.jpg?resize=300%2C230&amp;ssl=1 300w\" sizes=\"(max-width: 659px) 100vw, 659px\" \/><\/figure>\n<\/div>\n\n\n<p class=\"wp-block-paragraph\">O presidente Luiz In\u00e1cio&nbsp;<a class=\"\" href=\"https:\/\/g1.globo.com\/politica\/politico\/lula\/\">Lula<\/a>&nbsp;da Silva (PT) sanciona, nesta quinta-feira (16), o primeiro projeto de lei que regulamenta a&nbsp;<strong>Reforma Tribut\u00e1ria<\/strong>,<a class=\"\" href=\"https:\/\/g1.globo.com\/economia\/noticia\/2024\/12\/17\/camara-aprova-primeiro-projeto-de-regulamentacao-da-reforma-tributaria.ghtml\">&nbsp;aprovado pelo Congresso Nacional&nbsp;<\/a>no fim do ano passado. A assinatura ser\u00e1 no Pal\u00e1cio do Planalto, em Bras\u00edlia.<\/p>\n\n\n\n<p class=\"wp-block-paragraph\">O projeto detalha regras para a cobran\u00e7a&nbsp;<strong>dos tr\u00eas novos impostos sobre o consumo<\/strong>&nbsp;criados pela reforma tribut\u00e1ria, promulgada em 2023 (<em>entenda mais abaixo<\/em>).<\/p>\n\n\n\n<p class=\"wp-block-paragraph\"><em>\ud83d\udd0eAtualmente, existem cinco cinco tributos: ICMS, ISS, IPI, PIS e Cofins. Com a reforma, eles ser\u00e3o transformados em dois tipos de imposto.<\/em><\/p>\n\n\n\n<ul class=\"wp-block-list\">\n<li><strong>\ud83d\udcb2CBS (estadual)<\/strong>\u00a0e\u00a0<strong>IBS (municipal)<\/strong>\u00a0ser\u00e3o os impostos cobrados sobre o consumo.<\/li>\n\n\n\n<li>\ud83d\udcb2O terceiro tributo \u00e9 chamado de\u00a0<strong>Imposto Seletivo (IS)<\/strong>\u00a0\u2013 uma sobretaxa aplicada para desestimular o consumo de bens e servi\u00e7os prejudiciais \u00e0 sa\u00fade ou ao meio ambiente.<\/li>\n<\/ul>\n\n\n\n<p class=\"wp-block-paragraph\">No primeiro ano de implementa\u00e7\u00e3o do sistema,&nbsp;n\u00e3o haver\u00e1 recolhimento dos novos tributos.&nbsp;Ser\u00e1 uma etapa de experimenta\u00e7\u00e3o na qual as notas fiscais indicar\u00e3o uma al\u00edquota-teste da CBS e do IBS, mas sem cobran\u00e7as.<\/p>\n\n\n\n<p class=\"wp-block-paragraph\">O regime passar\u00e1 por uma transi\u00e7\u00e3o gradual a partir de 2026, at\u00e9&nbsp;<a class=\"\" href=\"https:\/\/g1.globo.com\/politica\/noticia\/2025\/01\/02\/mesmo-com-regulamentacao-aprovada-reforma-tributaria-nao-passa-a-valer-agora-veja-prazos.ghtml\">come\u00e7ar valer integralmente em 2033.<\/a><\/p>\n\n\n\n<p class=\"wp-block-paragraph\">A al\u00edquota-teste possibilitar\u00e1 a adapta\u00e7\u00e3o de contribuintes e governos ao novo sistema de &#8220;split payment&#8221;, mecanismo de pagamento no qual a tributa\u00e7\u00e3o \u00e9 dividida em diferentes partes, de forma autom\u00e1tica e instant\u00e2nea.<\/p>\n\n\n\n<h2 class=\"wp-block-heading\">O que \u00e9 o Imposto Seletivo?<\/h2>\n\n\n\n<p class=\"wp-block-paragraph\">A proposta define uma lista de&nbsp;produtos e servi\u00e7os que ter\u00e3o uma taxa maior,&nbsp;a partir do Imposto Seletivo (IS). Apelidado de &#8220;imposto do pecado&#8221;, o IS inclui categorias consideradas prejudiciais \u00e0 sa\u00fade ou ao meio ambiente.<\/p>\n\n\n\n<ul class=\"wp-block-list\">\n<li>Na pr\u00e1tica, os itens desta categoria ter\u00e3o uma tributa\u00e7\u00e3o maior do que a al\u00edquota-comum \u2014 estimada pela Fazenda em 27,97%.<\/li>\n<\/ul>\n\n\n\n<h2 class=\"wp-block-heading\">Trava para carga tribut\u00e1ria<\/h2>\n\n\n\n<p class=\"wp-block-paragraph\">O projeto tamb\u00e9m prev\u00ea uma &#8220;trava&#8221; para impedir que a al\u00edquota-geral do IBS e da CBS&nbsp;<strong>n\u00e3o supere 26,5%.<\/strong><\/p>\n\n\n\n<p class=\"wp-block-paragraph\">A &#8220;trava&#8221; poder\u00e1 ser acionada em 2031, quando o governo federal e o Comit\u00ea Gestor do IBS (estados e munic\u00edpios) v\u00e3o avalia<strong>r a transi\u00e7\u00e3o do novo sistema tribut\u00e1rio.<\/strong><\/p>\n\n\n\n<p class=\"wp-block-paragraph\">Dados fiscais do per\u00edodo de transi\u00e7\u00e3o (2026 a 2030) v\u00e3o basear um relat\u00f3rio com a estimativa do tamanho da al\u00edquota-padr\u00e3o que ser\u00e1 cobrada a partir de 2033, quando todo o sistema dever\u00e1 estar implementado.<\/p>\n\n\n\n<p class=\"wp-block-paragraph\">Se esta al\u00edquota superar 26,5%, o governo federal dever\u00e1 enviar um projeto ao Congresso para adequar a tributa\u00e7\u00e3o a esse patamar.<\/p>\n\n\n\n<p class=\"wp-block-paragraph\">Esse projeto ter\u00e1 de ser encaminhado ao Congresso em at\u00e9 90 dias ap\u00f3s a divulga\u00e7\u00e3o do balan\u00e7o do per\u00edodo de transi\u00e7\u00e3o da reforma.<\/p>\n\n\n\n<ul class=\"wp-block-list\">\n<li>\u231bA avalia\u00e7\u00e3o das regras da reforma tribut\u00e1ria ter\u00e1 de ser feita a cada 5 anos. Em cada balan\u00e7o, o governo federal poder\u00e1 enviar novos projetos para adequar a tributa\u00e7\u00e3o<\/li>\n<\/ul>\n\n\n\n<h2 class=\"wp-block-heading\">O que vale a partir da san\u00e7\u00e3o?<\/h2>\n\n\n\n<p class=\"wp-block-paragraph\">O texto da reforma prev\u00ea que, a partir desta quinta-feira (16) \u2014 quando o projeto passa a ser lei \u2014, entram em vigor as seguintes regras:<\/p>\n\n\n\n<ul class=\"wp-block-list\">\n<li>fim da incid\u00eancia do PIS\/Pasep e Cofins dos produtores, importadores e distribuidores sobre a receita bruta na venda de \u00e1lcool, inclusive para fins carburantes (atualmente varia de 1,5% a 3,75%);<\/li>\n\n\n\n<li>fim da possibilidade de regime especial de apura\u00e7\u00e3o e pagamento do PIS\/Pasep e Cofins para produtores, importadores ou distribuidores de \u00e1lcool.<\/li>\n<\/ul>\n\n\n\n<p class=\"wp-block-paragraph\">O \u00faltimo prazo definido para que toda a reforma tribut\u00e1ria comece a valer \u00e9 apenas em 1\u00ba de janeiro de 2033, mas at\u00e9 l\u00e1 existem v\u00e1rias datas de transi\u00e7\u00f5es (<a class=\"\" href=\"https:\/\/g1.globo.com\/politica\/noticia\/2025\/01\/02\/mesmo-com-regulamentacao-aprovada-reforma-tributaria-nao-passa-a-valer-agora-veja-prazos.ghtml\">clique aqui para ver os prazos<\/a>).<\/p>\n","protected":false},"excerpt":{"rendered":"<p>O presidente Luiz In\u00e1cio&nbsp;Lula&nbsp;da Silva (PT) sanciona, nesta quinta-feira (16), o primeiro projeto de lei que regulamenta a&nbsp;Reforma Tribut\u00e1ria,&nbsp;aprovado pelo Congresso Nacional&nbsp;no fim do ano passado. A assinatura ser\u00e1 no Pal\u00e1cio do Planalto, em Bras\u00edlia. O projeto detalha regras para a cobran\u00e7a&nbsp;dos tr\u00eas novos impostos sobre o consumo&nbsp;criados pela reforma tribut\u00e1ria, promulgada em 2023 (entenda [&hellip;]<\/p>\n","protected":false},"author":2,"featured_media":22655,"comment_status":"open","ping_status":"open","sticky":false,"template":"","format":"standard","meta":{"_jetpack_newsletter_access":"","_jetpack_dont_email_post_to_subs":false,"_jetpack_newsletter_tier_id":0,"_jetpack_memberships_contains_paywalled_content":false,"_jetpack_feature_clip_id":0,"_jetpack_memberships_contains_paid_content":false,"footnotes":"","jetpack_post_was_ever_published":false},"categories":[2],"tags":[],"class_list":["post-22654","post","type-post","status-publish","format-standard","has-post-thumbnail","hentry","category-nacional"],"aioseo_notices":[],"aioseo_head":"\n\t\t<!-- All in One SEO 5.0.1.1 - aioseo.com -->\n\t<meta name=\"description\" content=\"O presidente Luiz In\u00e1cio Lula da Silva (PT) sanciona, nesta quinta-feira (16), o primeiro projeto de lei que regulamenta a Reforma Tribut\u00e1ria, aprovado pelo Congresso Nacional no fim do ano passado. A assinatura ser\u00e1 no Pal\u00e1cio do Planalto, em Bras\u00edlia. O projeto detalha regras para a cobran\u00e7a dos tr\u00eas novos impostos sobre o consumo criados pela reforma tribut\u00e1ria, promulgada em 2023 (entenda\" \/>\n\t<meta name=\"robots\" content=\"max-image-preview:large\" \/>\n\t<meta name=\"author\" content=\"andre\"\/>\n\t<link rel=\"canonical\" href=\"https:\/\/minutobahia24h.com.br\/?p=22654\" \/>\n\t<meta name=\"generator\" content=\"All in One SEO (AIOSEO) 5.0.1.1\" \/>\n\t\t<meta property=\"og:locale\" content=\"pt_BR\" \/>\n\t\t<meta property=\"og:site_name\" content=\"Minuto Bahia 24h - O seu portal de not\u00edcias\" \/>\n\t\t<meta property=\"og:type\" content=\"article\" \/>\n\t\t<meta property=\"og:title\" content=\"Lula sanciona nesta quinta primeira lei que regulamenta Reforma Tribut\u00e1ria - Minuto Bahia 24h\" \/>\n\t\t<meta property=\"og:description\" content=\"O presidente Luiz In\u00e1cio Lula da Silva (PT) sanciona, nesta quinta-feira (16), o primeiro projeto de lei que regulamenta a Reforma Tribut\u00e1ria, aprovado pelo Congresso Nacional no fim do ano passado. A assinatura ser\u00e1 no Pal\u00e1cio do Planalto, em Bras\u00edlia. O projeto detalha regras para a cobran\u00e7a dos tr\u00eas novos impostos sobre o consumo criados pela reforma tribut\u00e1ria, promulgada em 2023 (entenda\" \/>\n\t\t<meta property=\"og:url\" content=\"https:\/\/minutobahia24h.com.br\/?p=22654\" \/>\n\t\t<meta property=\"og:image\" content=\"https:\/\/minutobahia24h.com.br\/wp-content\/uploads\/2025\/01\/Sem-titulo-311.jpg\" \/>\n\t\t<meta property=\"og:image:secure_url\" content=\"https:\/\/minutobahia24h.com.br\/wp-content\/uploads\/2025\/01\/Sem-titulo-311.jpg\" \/>\n\t\t<meta property=\"og:image:width\" content=\"659\" \/>\n\t\t<meta property=\"og:image:height\" content=\"506\" \/>\n\t\t<meta property=\"article:published_time\" content=\"2025-01-16T10:52:15+00:00\" \/>\n\t\t<meta property=\"article:modified_time\" content=\"2025-01-16T10:52:17+00:00\" \/>\n\t\t<meta name=\"twitter:card\" content=\"summary_large_image\" \/>\n\t\t<meta name=\"twitter:title\" content=\"Lula sanciona nesta quinta primeira lei que regulamenta Reforma Tribut\u00e1ria - Minuto Bahia 24h\" \/>\n\t\t<meta name=\"twitter:description\" content=\"O presidente Luiz In\u00e1cio Lula da Silva (PT) sanciona, nesta quinta-feira (16), o primeiro projeto de lei que regulamenta a Reforma Tribut\u00e1ria, aprovado pelo Congresso Nacional no fim do ano passado. A assinatura ser\u00e1 no Pal\u00e1cio do Planalto, em Bras\u00edlia. O projeto detalha regras para a cobran\u00e7a dos tr\u00eas novos impostos sobre o consumo criados pela reforma tribut\u00e1ria, promulgada em 2023 (entenda\" \/>\n\t\t<meta name=\"twitter:image\" content=\"https:\/\/minutobahia24h.com.br\/wp-content\/uploads\/2025\/01\/Sem-titulo-311.jpg\" \/>\n\t\t<script type=\"application\/ld+json\" class=\"aioseo-schema\">\n\t\t\t{\"@context\":\"https:\\\/\\\/schema.org\",\"@graph\":[{\"@type\":\"BlogPosting\",\"@id\":\"https:\\\/\\\/minutobahia24h.com.br\\\/?p=22654#blogposting\",\"name\":\"Lula sanciona nesta quinta primeira lei que regulamenta Reforma Tribut\\u00e1ria - Minuto Bahia 24h\",\"headline\":\"Lula sanciona nesta quinta primeira lei que regulamenta Reforma Tribut\\u00e1ria\",\"author\":{\"@id\":\"https:\\\/\\\/minutobahia24h.com.br\\\/?author=2#author\"},\"publisher\":{\"@id\":\"https:\\\/\\\/minutobahia24h.com.br\\\/#organization\"},\"image\":{\"@type\":\"ImageObject\",\"url\":\"https:\\\/\\\/i0.wp.com\\\/minutobahia24h.com.br\\\/wp-content\\\/uploads\\\/2025\\\/01\\\/Sem-titulo-311.jpg?fit=659%2C506&ssl=1\",\"width\":659,\"height\":506},\"datePublished\":\"2025-01-16T07:52:15-03:00\",\"dateModified\":\"2025-01-16T07:52:17-03:00\",\"inLanguage\":\"pt-BR\",\"mainEntityOfPage\":{\"@id\":\"https:\\\/\\\/minutobahia24h.com.br\\\/?p=22654#webpage\"},\"isPartOf\":{\"@id\":\"https:\\\/\\\/minutobahia24h.com.br\\\/?p=22654#webpage\"},\"articleSection\":\"Nacional\"},{\"@type\":\"BreadcrumbList\",\"@id\":\"https:\\\/\\\/minutobahia24h.com.br\\\/?p=22654#breadcrumblist\",\"itemListElement\":[{\"@type\":\"ListItem\",\"@id\":\"https:\\\/\\\/minutobahia24h.com.br#listItem\",\"position\":1,\"name\":\"In\\u00edcio\",\"item\":\"https:\\\/\\\/minutobahia24h.com.br\",\"nextItem\":{\"@type\":\"ListItem\",\"@id\":\"https:\\\/\\\/minutobahia24h.com.br\\\/?cat=2#listItem\",\"name\":\"Nacional\"}},{\"@type\":\"ListItem\",\"@id\":\"https:\\\/\\\/minutobahia24h.com.br\\\/?cat=2#listItem\",\"position\":2,\"name\":\"Nacional\",\"item\":\"https:\\\/\\\/minutobahia24h.com.br\\\/?cat=2\",\"nextItem\":{\"@type\":\"ListItem\",\"@id\":\"https:\\\/\\\/minutobahia24h.com.br\\\/?p=22654#listItem\",\"name\":\"Lula sanciona nesta quinta primeira lei que regulamenta Reforma Tribut\\u00e1ria\"},\"previousItem\":{\"@type\":\"ListItem\",\"@id\":\"https:\\\/\\\/minutobahia24h.com.br#listItem\",\"name\":\"In\\u00edcio\"}},{\"@type\":\"ListItem\",\"@id\":\"https:\\\/\\\/minutobahia24h.com.br\\\/?p=22654#listItem\",\"position\":3,\"name\":\"Lula sanciona nesta quinta primeira lei que regulamenta Reforma Tribut\\u00e1ria\",\"previousItem\":{\"@type\":\"ListItem\",\"@id\":\"https:\\\/\\\/minutobahia24h.com.br\\\/?cat=2#listItem\",\"name\":\"Nacional\"}}]},{\"@type\":\"Organization\",\"@id\":\"https:\\\/\\\/minutobahia24h.com.br\\\/#organization\",\"name\":\"Minuto Bahia 24h\",\"description\":\"O seu portal de not\\u00edcias\",\"url\":\"https:\\\/\\\/minutobahia24h.com.br\\\/\",\"logo\":{\"@type\":\"ImageObject\",\"url\":\"https:\\\/\\\/i0.wp.com\\\/minutobahia24h.com.br\\\/wp-content\\\/uploads\\\/2023\\\/09\\\/cropped-minutoba.png?fit=457%2C119&ssl=1\",\"@id\":\"https:\\\/\\\/minutobahia24h.com.br\\\/?p=22654\\\/#organizationLogo\",\"width\":457,\"height\":119},\"image\":{\"@id\":\"https:\\\/\\\/minutobahia24h.com.br\\\/?p=22654\\\/#organizationLogo\"}},{\"@type\":\"Person\",\"@id\":\"https:\\\/\\\/minutobahia24h.com.br\\\/?author=2#author\",\"url\":\"https:\\\/\\\/minutobahia24h.com.br\\\/?author=2\",\"name\":\"andre\",\"image\":{\"@type\":\"ImageObject\",\"@id\":\"https:\\\/\\\/minutobahia24h.com.br\\\/?p=22654#authorImage\",\"url\":\"https:\\\/\\\/secure.gravatar.com\\\/avatar\\\/0ec5eafed5f3925c321625d79a680d589901b94bca787ae396a35f6c4a960922?s=96&d=mm&r=g\",\"width\":96,\"height\":96,\"caption\":\"andre\"}},{\"@type\":\"WebPage\",\"@id\":\"https:\\\/\\\/minutobahia24h.com.br\\\/?p=22654#webpage\",\"url\":\"https:\\\/\\\/minutobahia24h.com.br\\\/?p=22654\",\"name\":\"Lula sanciona nesta quinta primeira lei que regulamenta Reforma Tribut\\u00e1ria - Minuto Bahia 24h\",\"description\":\"O presidente Luiz In\\u00e1cio Lula da Silva (PT) sanciona, nesta quinta-feira (16), o primeiro projeto de lei que regulamenta a Reforma Tribut\\u00e1ria, aprovado pelo Congresso Nacional no fim do ano passado. A assinatura ser\\u00e1 no Pal\\u00e1cio do Planalto, em Bras\\u00edlia. O projeto detalha regras para a cobran\\u00e7a dos tr\\u00eas novos impostos sobre o consumo criados pela reforma tribut\\u00e1ria, promulgada em 2023 (entenda\",\"inLanguage\":\"pt-BR\",\"isPartOf\":{\"@id\":\"https:\\\/\\\/minutobahia24h.com.br\\\/#website\"},\"breadcrumb\":{\"@id\":\"https:\\\/\\\/minutobahia24h.com.br\\\/?p=22654#breadcrumblist\"},\"author\":{\"@id\":\"https:\\\/\\\/minutobahia24h.com.br\\\/?author=2#author\"},\"creator\":{\"@id\":\"https:\\\/\\\/minutobahia24h.com.br\\\/?author=2#author\"},\"image\":{\"@type\":\"ImageObject\",\"url\":\"https:\\\/\\\/i0.wp.com\\\/minutobahia24h.com.br\\\/wp-content\\\/uploads\\\/2025\\\/01\\\/Sem-titulo-311.jpg?fit=659%2C506&ssl=1\",\"@id\":\"https:\\\/\\\/minutobahia24h.com.br\\\/?p=22654\\\/#mainImage\",\"width\":659,\"height\":506},\"primaryImageOfPage\":{\"@id\":\"https:\\\/\\\/minutobahia24h.com.br\\\/?p=22654#mainImage\"},\"datePublished\":\"2025-01-16T07:52:15-03:00\",\"dateModified\":\"2025-01-16T07:52:17-03:00\"},{\"@type\":\"WebSite\",\"@id\":\"https:\\\/\\\/minutobahia24h.com.br\\\/#website\",\"url\":\"https:\\\/\\\/minutobahia24h.com.br\\\/\",\"name\":\"Minuto Bahia 24h\",\"description\":\"O seu portal de not\\u00edcias\",\"inLanguage\":\"pt-BR\",\"publisher\":{\"@id\":\"https:\\\/\\\/minutobahia24h.com.br\\\/#organization\"}}]}\n\t\t<\/script>\n\t\t<!-- All in One SEO -->\n\n","aioseo_head_json":{"title":"Lula sanciona nesta quinta primeira lei que regulamenta Reforma Tribut\u00e1ria - Minuto Bahia 24h","description":"O presidente Luiz In\u00e1cio Lula da Silva (PT) sanciona, nesta quinta-feira (16), o primeiro projeto de lei que regulamenta a Reforma Tribut\u00e1ria, aprovado pelo Congresso Nacional no fim do ano passado. A assinatura ser\u00e1 no Pal\u00e1cio do Planalto, em Bras\u00edlia. O projeto detalha regras para a cobran\u00e7a dos tr\u00eas novos impostos sobre o consumo criados pela reforma tribut\u00e1ria, promulgada em 2023 (entenda","canonical_url":"https:\/\/minutobahia24h.com.br\/?p=22654","robots":"max-image-preview:large","keywords":"","webmasterTools":{"miscellaneous":""},"schema":{"@context":"https:\/\/schema.org","@graph":[{"@type":"BlogPosting","@id":"https:\/\/minutobahia24h.com.br\/?p=22654#blogposting","name":"Lula sanciona nesta quinta primeira lei que regulamenta Reforma Tribut\u00e1ria - Minuto Bahia 24h","headline":"Lula sanciona nesta quinta primeira lei que regulamenta Reforma Tribut\u00e1ria","author":{"@id":"https:\/\/minutobahia24h.com.br\/?author=2#author"},"publisher":{"@id":"https:\/\/minutobahia24h.com.br\/#organization"},"image":{"@type":"ImageObject","url":"https:\/\/i0.wp.com\/minutobahia24h.com.br\/wp-content\/uploads\/2025\/01\/Sem-titulo-311.jpg?fit=659%2C506&ssl=1","width":659,"height":506},"datePublished":"2025-01-16T07:52:15-03:00","dateModified":"2025-01-16T07:52:17-03:00","inLanguage":"pt-BR","mainEntityOfPage":{"@id":"https:\/\/minutobahia24h.com.br\/?p=22654#webpage"},"isPartOf":{"@id":"https:\/\/minutobahia24h.com.br\/?p=22654#webpage"},"articleSection":"Nacional"},{"@type":"BreadcrumbList","@id":"https:\/\/minutobahia24h.com.br\/?p=22654#breadcrumblist","itemListElement":[{"@type":"ListItem","@id":"https:\/\/minutobahia24h.com.br#listItem","position":1,"name":"In\u00edcio","item":"https:\/\/minutobahia24h.com.br","nextItem":{"@type":"ListItem","@id":"https:\/\/minutobahia24h.com.br\/?cat=2#listItem","name":"Nacional"}},{"@type":"ListItem","@id":"https:\/\/minutobahia24h.com.br\/?cat=2#listItem","position":2,"name":"Nacional","item":"https:\/\/minutobahia24h.com.br\/?cat=2","nextItem":{"@type":"ListItem","@id":"https:\/\/minutobahia24h.com.br\/?p=22654#listItem","name":"Lula sanciona nesta quinta primeira lei que regulamenta Reforma Tribut\u00e1ria"},"previousItem":{"@type":"ListItem","@id":"https:\/\/minutobahia24h.com.br#listItem","name":"In\u00edcio"}},{"@type":"ListItem","@id":"https:\/\/minutobahia24h.com.br\/?p=22654#listItem","position":3,"name":"Lula sanciona nesta quinta primeira lei que regulamenta Reforma Tribut\u00e1ria","previousItem":{"@type":"ListItem","@id":"https:\/\/minutobahia24h.com.br\/?cat=2#listItem","name":"Nacional"}}]},{"@type":"Organization","@id":"https:\/\/minutobahia24h.com.br\/#organization","name":"Minuto Bahia 24h","description":"O seu portal de not\u00edcias","url":"https:\/\/minutobahia24h.com.br\/","logo":{"@type":"ImageObject","url":"https:\/\/i0.wp.com\/minutobahia24h.com.br\/wp-content\/uploads\/2023\/09\/cropped-minutoba.png?fit=457%2C119&ssl=1","@id":"https:\/\/minutobahia24h.com.br\/?p=22654\/#organizationLogo","width":457,"height":119},"image":{"@id":"https:\/\/minutobahia24h.com.br\/?p=22654\/#organizationLogo"}},{"@type":"Person","@id":"https:\/\/minutobahia24h.com.br\/?author=2#author","url":"https:\/\/minutobahia24h.com.br\/?author=2","name":"andre","image":{"@type":"ImageObject","@id":"https:\/\/minutobahia24h.com.br\/?p=22654#authorImage","url":"https:\/\/secure.gravatar.com\/avatar\/0ec5eafed5f3925c321625d79a680d589901b94bca787ae396a35f6c4a960922?s=96&d=mm&r=g","width":96,"height":96,"caption":"andre"}},{"@type":"WebPage","@id":"https:\/\/minutobahia24h.com.br\/?p=22654#webpage","url":"https:\/\/minutobahia24h.com.br\/?p=22654","name":"Lula sanciona nesta quinta primeira lei que regulamenta Reforma Tribut\u00e1ria - Minuto Bahia 24h","description":"O presidente Luiz In\u00e1cio Lula da Silva (PT) sanciona, nesta quinta-feira (16), o primeiro projeto de lei que regulamenta a Reforma Tribut\u00e1ria, aprovado pelo Congresso Nacional no fim do ano passado. A assinatura ser\u00e1 no Pal\u00e1cio do Planalto, em Bras\u00edlia. O projeto detalha regras para a cobran\u00e7a dos tr\u00eas novos impostos sobre o consumo criados pela reforma tribut\u00e1ria, promulgada em 2023 (entenda","inLanguage":"pt-BR","isPartOf":{"@id":"https:\/\/minutobahia24h.com.br\/#website"},"breadcrumb":{"@id":"https:\/\/minutobahia24h.com.br\/?p=22654#breadcrumblist"},"author":{"@id":"https:\/\/minutobahia24h.com.br\/?author=2#author"},"creator":{"@id":"https:\/\/minutobahia24h.com.br\/?author=2#author"},"image":{"@type":"ImageObject","url":"https:\/\/i0.wp.com\/minutobahia24h.com.br\/wp-content\/uploads\/2025\/01\/Sem-titulo-311.jpg?fit=659%2C506&ssl=1","@id":"https:\/\/minutobahia24h.com.br\/?p=22654\/#mainImage","width":659,"height":506},"primaryImageOfPage":{"@id":"https:\/\/minutobahia24h.com.br\/?p=22654#mainImage"},"datePublished":"2025-01-16T07:52:15-03:00","dateModified":"2025-01-16T07:52:17-03:00"},{"@type":"WebSite","@id":"https:\/\/minutobahia24h.com.br\/#website","url":"https:\/\/minutobahia24h.com.br\/","name":"Minuto Bahia 24h","description":"O seu portal de not\u00edcias","inLanguage":"pt-BR","publisher":{"@id":"https:\/\/minutobahia24h.com.br\/#organization"}}]},"og:locale":"pt_BR","og:site_name":"Minuto Bahia 24h - O seu portal de not\u00edcias","og:type":"article","og:title":"Lula sanciona nesta quinta primeira lei que regulamenta Reforma Tribut\u00e1ria - Minuto Bahia 24h","og:description":"O presidente Luiz In\u00e1cio Lula da Silva (PT) sanciona, nesta quinta-feira (16), o primeiro projeto de lei que regulamenta a Reforma Tribut\u00e1ria, aprovado pelo Congresso Nacional no fim do ano passado. A assinatura ser\u00e1 no Pal\u00e1cio do Planalto, em Bras\u00edlia. O projeto detalha regras para a cobran\u00e7a dos tr\u00eas novos impostos sobre o consumo criados pela reforma tribut\u00e1ria, promulgada em 2023 (entenda","og:url":"https:\/\/minutobahia24h.com.br\/?p=22654","og:image":"https:\/\/minutobahia24h.com.br\/wp-content\/uploads\/2025\/01\/Sem-titulo-311.jpg","og:image:secure_url":"https:\/\/minutobahia24h.com.br\/wp-content\/uploads\/2025\/01\/Sem-titulo-311.jpg","og:image:width":659,"og:image:height":506,"article:published_time":"2025-01-16T10:52:15+00:00","article:modified_time":"2025-01-16T10:52:17+00:00","twitter:card":"summary_large_image","twitter:title":"Lula sanciona nesta quinta primeira lei que regulamenta Reforma Tribut\u00e1ria - Minuto Bahia 24h","twitter:description":"O presidente Luiz In\u00e1cio Lula da Silva (PT) sanciona, nesta quinta-feira (16), o primeiro projeto de lei que regulamenta a Reforma Tribut\u00e1ria, aprovado pelo Congresso Nacional no fim do ano passado. A assinatura ser\u00e1 no Pal\u00e1cio do Planalto, em Bras\u00edlia. O projeto detalha regras para a cobran\u00e7a dos tr\u00eas novos impostos sobre o consumo criados pela reforma tribut\u00e1ria, promulgada em 2023 (entenda","twitter:image":"https:\/\/minutobahia24h.com.br\/wp-content\/uploads\/2025\/01\/Sem-titulo-311.jpg"},"aioseo_meta_data":{"post_id":"22654","title":null,"description":null,"keywords":null,"keyphrases":{"focus":{"keyphrase":"","score":0,"analysis":{"keyphraseInTitle":{"score":0,"maxScore":9,"error":1}}},"additional":[]},"primary_term":null,"canonical_url":null,"og_title":null,"og_description":null,"og_object_type":"default","og_image_type":"default","og_image_url":null,"og_image_width":null,"og_image_height":null,"og_image_custom_url":null,"og_image_custom_fields":null,"og_video":"","og_custom_url":null,"og_article_section":null,"og_article_tags":null,"twitter_use_og":true,"twitter_card":"default","twitter_image_type":"default","twitter_image_url":null,"twitter_image_custom_url":null,"twitter_image_custom_fields":null,"twitter_title":null,"twitter_description":null,"schema":{"blockGraphs":[],"customGraphs":[],"default":{"data":{"Article":[],"Course":[],"Dataset":[],"FAQPage":[],"Movie":[],"Person":[],"Product":[],"ProductReview":[],"Car":[],"Recipe":[],"Service":[],"SoftwareApplication":[],"WebPage":[]},"graphName":"BlogPosting","isEnabled":true},"graphs":[]},"schema_type":"default","schema_type_options":null,"pillar_content":false,"robots_default":true,"robots_noindex":false,"robots_noarchive":false,"robots_nosnippet":false,"robots_nofollow":false,"robots_noimageindex":false,"robots_noodp":false,"robots_notranslate":false,"robots_max_snippet":"-1","robots_max_videopreview":"-1","robots_max_imagepreview":"large","priority":null,"frequency":"default","local_seo":null,"breadcrumb_settings":null,"limit_modified_date":false,"ai":null,"created":"2025-01-16 10:52:17","updated":"2025-06-05 10:28:52","seo_analyzer_scan_date":null,"focus_keyword":null,"additional_keywords":null,"truseo_locale":null},"aioseo_breadcrumb":"<div class=\"aioseo-breadcrumbs\"><span class=\"aioseo-breadcrumb\">\n\t\t\t<a href=\"https:\/\/minutobahia24h.com.br\" title=\"In\u00edcio\">In\u00edcio<\/a>\n\t\t<\/span><span class=\"aioseo-breadcrumb-separator\">&raquo;<\/span><span class=\"aioseo-breadcrumb\">\n\t\t\t<a href=\"https:\/\/minutobahia24h.com.br\/?cat=2\" title=\"Nacional\">Nacional<\/a>\n\t\t<\/span><span class=\"aioseo-breadcrumb-separator\">&raquo;<\/span><span class=\"aioseo-breadcrumb\">\n\t\t\tLula sanciona nesta quinta primeira lei que regulamenta Reforma Tribut\u00e1ria\n\t\t<\/span><\/div>","aioseo_breadcrumb_json":[{"label":"In\u00edcio","link":"https:\/\/minutobahia24h.com.br"},{"label":"Nacional","link":"https:\/\/minutobahia24h.com.br\/?cat=2"},{"label":"Lula sanciona nesta quinta primeira lei que regulamenta Reforma Tribut\u00e1ria","link":"https:\/\/minutobahia24h.com.br\/?p=22654"}],"jetpack_sharing_enabled":true,"jetpack_featured_media_url":"https:\/\/i0.wp.com\/minutobahia24h.com.br\/wp-content\/uploads\/2025\/01\/Sem-titulo-311.jpg?fit=659%2C506&ssl=1","_links":{"self":[{"href":"https:\/\/minutobahia24h.com.br\/index.php?rest_route=\/wp\/v2\/posts\/22654","targetHints":{"allow":["GET"]}}],"collection":[{"href":"https:\/\/minutobahia24h.com.br\/index.php?rest_route=\/wp\/v2\/posts"}],"about":[{"href":"https:\/\/minutobahia24h.com.br\/index.php?rest_route=\/wp\/v2\/types\/post"}],"author":[{"embeddable":true,"href":"https:\/\/minutobahia24h.com.br\/index.php?rest_route=\/wp\/v2\/users\/2"}],"replies":[{"embeddable":true,"href":"https:\/\/minutobahia24h.com.br\/index.php?rest_route=%2Fwp%2Fv2%2Fcomments&post=22654"}],"version-history":[{"count":1,"href":"https:\/\/minutobahia24h.com.br\/index.php?rest_route=\/wp\/v2\/posts\/22654\/revisions"}],"predecessor-version":[{"id":22656,"href":"https:\/\/minutobahia24h.com.br\/index.php?rest_route=\/wp\/v2\/posts\/22654\/revisions\/22656"}],"wp:featuredmedia":[{"embeddable":true,"href":"https:\/\/minutobahia24h.com.br\/index.php?rest_route=\/wp\/v2\/media\/22655"}],"wp:attachment":[{"href":"https:\/\/minutobahia24h.com.br\/index.php?rest_route=%2Fwp%2Fv2%2Fmedia&parent=22654"}],"wp:term":[{"taxonomy":"category","embeddable":true,"href":"https:\/\/minutobahia24h.com.br\/index.php?rest_route=%2Fwp%2Fv2%2Fcategories&post=22654"},{"taxonomy":"post_tag","embeddable":true,"href":"https:\/\/minutobahia24h.com.br\/index.php?rest_route=%2Fwp%2Fv2%2Ftags&post=22654"}],"curies":[{"name":"wp","href":"https:\/\/api.w.org\/{rel}","templated":true}]}}