{"id":22612,"date":"2025-01-15T19:03:06","date_gmt":"2025-01-15T22:03:06","guid":{"rendered":"https:\/\/minutobahia24h.com.br\/?p=22612"},"modified":"2025-01-15T19:03:07","modified_gmt":"2025-01-15T22:03:07","slug":"israel-e-hamas-chegam-a-acordo-de-cessar-fogo-e-troca-de-refens-por-prisioneiros","status":"publish","type":"post","link":"https:\/\/minutobahia24h.com.br\/?p=22612","title":{"rendered":"Israel e Hamas chegam a acordo de cessar-fogo e troca de ref\u00e9ns por prisioneiros"},"content":{"rendered":"<div class=\"wp-block-image\">\n<figure class=\"aligncenter size-large\"><img data-recalc-dims=\"1\" fetchpriority=\"high\" decoding=\"async\" width=\"800\" height=\"420\" src=\"https:\/\/i0.wp.com\/minutobahia24h.com.br\/wp-content\/uploads\/2025\/01\/Sem-titulo-297-1024x538.jpg?resize=800%2C420&#038;ssl=1\" alt=\"\" class=\"wp-image-22613\" srcset=\"https:\/\/i0.wp.com\/minutobahia24h.com.br\/wp-content\/uploads\/2025\/01\/Sem-titulo-297.jpg?resize=1024%2C538&amp;ssl=1 1024w, https:\/\/i0.wp.com\/minutobahia24h.com.br\/wp-content\/uploads\/2025\/01\/Sem-titulo-297.jpg?resize=300%2C158&amp;ssl=1 300w, https:\/\/i0.wp.com\/minutobahia24h.com.br\/wp-content\/uploads\/2025\/01\/Sem-titulo-297.jpg?resize=768%2C403&amp;ssl=1 768w, https:\/\/i0.wp.com\/minutobahia24h.com.br\/wp-content\/uploads\/2025\/01\/Sem-titulo-297.jpg?resize=750%2C394&amp;ssl=1 750w, https:\/\/i0.wp.com\/minutobahia24h.com.br\/wp-content\/uploads\/2025\/01\/Sem-titulo-297.jpg?resize=1140%2C599&amp;ssl=1 1140w, https:\/\/i0.wp.com\/minutobahia24h.com.br\/wp-content\/uploads\/2025\/01\/Sem-titulo-297.jpg?w=1200&amp;ssl=1 1200w\" sizes=\"(max-width: 800px) 100vw, 800px\" \/><figcaption class=\"wp-element-caption\">Foto: Reprodu\u00e7\u00e3o \/ CNN<br><\/figcaption><\/figure>\n<\/div>\n\n\n<p>Ap\u00f3s 467 dias de guerra, o governo de Israel e o grupo palestino Hamas acertaram nesta quarta (15) os termos de um cessar-fogo inicial de seis semanas, abrindo caminho para encerrar o mais longevo dos grandes conflitos entre o Estado judeu e seus vizinhos \u00e1rabes em quase 77 anos de hist\u00f3ria moderna comum. \u00a0<\/p>\n\n\n\n<p>O an\u00fancio, adiantado por negociadores e faturado de forma antecipada pelo presidente eleito dos EUA, Donald Trump, foi confirmado pelo premi\u00ea do Qatar, Mohammed al-Thani. Ainda faltam detalhes, como havia dito o premi\u00ea de Israel, Binyamin Netanyahu, mas a previs\u00e3o \u00e9 de que ele entre em vigor no domingo (19). \u00a0<\/p>\n\n\n\n<p>Ao mesmo tempo, o presidente dos EUA at\u00e9 segunda (20), Joe Biden, divulgou nota. &#8220;Esse acordo vai parar os combates em Gaza, aumentar a necess\u00e1ria ajuda humanit\u00e1ria aos civis palestinos e reunir os ref\u00e9ns com suas fam\u00edlias&#8221;, disse. \u00a0<\/p>\n\n\n\n<p>Foi combinada, segundo negociadores, a troca escalonada dos 98 ref\u00e9ns remanescentes desde que os terroristas do Hamas fizeram no mega-ataque de 7 de outubro de 2023, que deflagrou a guerra, por cerca de 1.000 dos 12 mil prisioneiros palestinos em Israel. Estima-se que talvez 60 dos ref\u00e9ns possam estar vivos.<\/p>\n\n\n\n<p>Al-Thani, que tamb\u00e9m \u00e9 chanceler do pa\u00eds onde o governo local e o dos Estados Unidos vinham trabalhando desde o fim do ano passado, celebrou o acerto. Parte das discuss\u00f5es ocorreu tamb\u00e9m no Cairo, com a media\u00e7\u00e3o do Egito, que faz fronteira a oeste com a Faixa de Gaza, territ\u00f3rio que era controlado pelo Hamas desde 2007.<br>&nbsp;<\/p>\n\n\n\n<p>O acordo deve ser aprovado pelo gabinete de seguran\u00e7a de Israel, que tem 11 membros. Deve haver resist\u00eancia da ultradireita religiosa \u2014cujos 2 representantes no colegiado criticam o arranjo e amea\u00e7am abrir uma crise parlamentar para Netanyahu.\u00a0<\/p>\n\n\n\n<p>Trump n\u00e3o esperou o qatari, indo \u00e0 rede social Truth Social quase duas horas antes do an\u00fancio formal, feito em Doha pouco antes das 22h (16h em Bras\u00edlia): &#8220;N\u00f3s temos um acordo para os ref\u00e9ns no Oriente M\u00e9dio. Eles ser\u00e3o libertados logo&#8221;, disse ele, tomando para si os louros.\u00a0<\/p>\n\n\n\n<p>A troca inicial incluir\u00e1 33 ref\u00e9ns israelenses, um grupo com doentes, crian\u00e7as, mulheres e homens com mais de 50 anos, sendo libertados ao lado de um n\u00famero incerto de palestinos. Em 16 dias, uma segunda fase ir\u00e1 come\u00e7ar, restando saber se ser\u00e3o inclu\u00eddos dez nomes considerados sens\u00edveis demais do lado \u00e1rabe, como o do l\u00edder Marwan Barghouti.\u00a0<\/p>\n\n\n\n<p>Netanyahu encontrou-se na v\u00e9spera com familiares de sequestrados para explicar o plano e ouviu preocupa\u00e7\u00e3o com a liberta\u00e7\u00e3o em etapas. Na terceira fase, corpos de mortos ser\u00e3o trocados.\u00a0<\/p>\n\n\n\n<p>Detidos por Israel no 7 de Outubro n\u00e3o ser\u00e3o soltos, e acusados de assassinato libertados n\u00e3o poder\u00e3o ir para a Cisjord\u00e2nia, a \u00e1rea sob controle da Autoridade Nacional Palestina. Segundo plano dos EUA, o \u00f3rg\u00e3o ser\u00e1 reformado, unificando fac\u00e7\u00f5es rivais para governar tamb\u00e9m Gaza \u2014mas isso depender\u00e1 de aprova\u00e7\u00e3o de Trump.\u00a0<\/p>\n\n\n\n<p>As for\u00e7as de Tel Aviv s\u00f3 sair\u00e3o de Gaza mais \u00e0 frente, mas permitir\u00e3o a volta de palestinos a suas casas na regi\u00e3o de exclus\u00e3o desenhada hoje no norte da faixa. H\u00e1 provis\u00f5es para que mantenham o per\u00edmetro do territ\u00f3rio cercado.\u00a0<\/p>\n\n\n\n<p>ENVIADO DE TRUMP PRESSIONOU ISRAEL<br>&nbsp;<\/p>\n\n\n\n<p>Das conversas participaram os chefes da intelig\u00eancia israelense, David Barnea e Ronen Bar, o premi\u00ea qatari, o negociador americano Brett McGurk e o enviado indicado por Trump para assuntos do Oriente M\u00e9dio, Steve Witkoff.\u00a0<\/p>\n\n\n\n<p>A presen\u00e7a de Witkoff foi crucial, dado que Trump assume em uma semana a Presid\u00eancia americana, ainda que o grosso das negocia\u00e7\u00f5es tenha sido conduzido pela equipe do atual mandat\u00e1rio, Joe Biden. J\u00e1 na segunda (13) havia indica\u00e7\u00f5es de que o acordo havia sido praticamente fechado na madrugada.\u00a0<\/p>\n\n\n\n<p>Witkoff, um empres\u00e1rio judeu do ramo de im\u00f3veis, \u00e9 amigo de Trump e n\u00e3o um diplomata. Segundo os relatos da imprensa israelense, ele for\u00e7ou Netanyahu a aceitar termos a que vinha se recusando, como a retirada de suas tropas de Gaza. \u00a0<\/p>\n\n\n\n<p>Na sexta (10), o enviado avisou que gostaria de falar com o premi\u00ea durante o shabat, o descanso semanal do juda\u00edsmo, e Netanyahu aquiesceu. No dia dia seguinte, ap\u00f3s a conversa, Witkoff rumou para amarrar o acordo no Qatar. Tamb\u00e9m de forma pouco usual, o time de Biden n\u00e3o se op\u00f4s \u00e0 sua presen\u00e7a na reta final.<\/p>\n\n\n\n<p>Netanyahu assim teve de engolir uma tr\u00e9gua \u00e0 qual resistiu por meses. Se \u00e9 verdade que incapacitou por ora o Hamas e seus aliados, far\u00e1 malabarismo para esquecer a promessa de que a guerra s\u00f3 acabaria com a vit\u00f3ria total sobre os terroristas \u2014supondo com isso a imposs\u00edvel miss\u00e3o de matar a todos.\u00a0<\/p>\n\n\n\n<p>O debate foi duro at\u00e9 o final, com o debate final varando a noite de ter\u00e7a para quarta. O Hamas, que segundo relatos j\u00e1 havia topado o acordo, ao fim exigiu que Israel detalhasse a sa\u00edda de suas for\u00e7as de Gaza. Biden o ditador eg\u00edpcio, Abdul Fatah al-Sisi, entraram remotamente no circuito.\u00a0<\/p>\n\n\n\n<p>O Hamas exigia detalhes do plano de retirada de tropas de Israel, que relutantemente os cedeu. Depois, pediu a sa\u00edda dos israelenses do corredor da fronteira Gaza-Egito, o que s\u00f3 ir\u00e1 acontecer gradualmente. Netanyahu disse ter demovido os terroristas da demanda.\u00a0<\/p>\n\n\n\n<p>Com todas as ressalvas que a regi\u00e3o obriga, pode ser o fim do numericamente mais mort\u00edfero conflito da regi\u00e3o, que j\u00e1 viu antes tr\u00eas grandes guerras e v\u00e1rios conflitos de menor porte. O Hamas, temida for\u00e7a regional, foi reduzido a uma guerrilha, ativa, mas severamente limitada e em processo de reconstru\u00e7\u00e3o.\u00a0<\/p>\n\n\n\n<p>No 7 de Outubro, o Hamas matou 1.170 pessoas e levou consigo 251 ref\u00e9ns. A rea\u00e7\u00e3o de Tel Aviv deixou 46.707 mortos at\u00e9 esta quarta, nas contas \u00e1rabes. Os ataques de Israel seguiram mesmo com as negocia\u00e7\u00f5es. At\u00e9 aqui, s\u00f3 houve um cessar-fogo, de uma semana em novembro de 2023, no qual 105 ref\u00e9ns foram trocados por 240 prisioneiros palestinos.\u00a0<\/p>\n\n\n\n<p>O embate ainda se espraiou, virando uma guerra regional que quase levou Israel \u00e0s vias de fato com o patrono do Hamas e do Hezbollah liban\u00eas, o Ir\u00e3. Os rivais trocaram quatro salvas diretas de m\u00edsseis, mas n\u00e3o escalaram al\u00e9m disso at\u00e9 aqui.\u00a0<\/p>\n\n\n\n<p>A incerteza \u00e9 generalizada. No L\u00edbano, est\u00e1 em vigor o cessar-fogo entre Israel e o Hezbollah, que havia escalado sua guerra de atrito fronteiri\u00e7o em apoio ao Hamas e acabou vendo toda sua lideran\u00e7a bombardeada at\u00e9 a morte a partir do fim de setembro passado.\u00a0<\/p>\n\n\n\n<p>Na vizinha S\u00edria, a ditadura aliada ao Ir\u00e3 de Bashar al-Assad colapsou em 12 dias de ataques de insurgentes isl\u00e2micos apoiados pela Turquia. Israel n\u00e3o perdeu tempo. Aniquilou as capacidades militares que ficaram para tr\u00e1s e ocupou mais 400 km2 das Colinas de Gol\u00e3, que anexara em 1967 do vizinho.\u00a0<\/p>\n\n\n\n<p>H\u00e1 d\u00favidas sobre o qu\u00e3o dur\u00e1vel \u00e9 o acordo. H\u00e1 quem tema que, como Trump havia dito que a soltura dos ref\u00e9ns era condi\u00e7\u00e3o para evitar um &#8220;inferno&#8221; no Oriente M\u00e9dio, a viol\u00eancia seja retomada assim que as trocas forem concretizadas. Fala contra essa vis\u00e3o os temos acordados, claro.\u00a0<\/p>\n\n\n\n<p>Seja como for, o cessar-fogo abre a esperan\u00e7a para o fim de uma trag\u00e9dia humanit\u00e1ria que inclui, e n\u00e3o transcende, a barb\u00e1rie perpetrada pelo Hamas.\u00a0<\/p>\n\n\n\n<p>A mortandade de civis e destrui\u00e7\u00e3o da infraestrutura em Gaza \u00e9 classificada por muitos como genoc\u00eddio, e Netanyahu tem um mandado de pris\u00e3o do Tribunal Penal Internacional contra si sob essa acusa\u00e7\u00e3o.\u00a0<\/p>\n\n\n\n<p>Em sua defesa, Israel diz que n\u00e3o busca matar popula\u00e7\u00f5es e que o Hamas imiscuiu sua rede log\u00edstica e de combate entre a popula\u00e7\u00e3o civil, dificultando a separa\u00e7\u00e3o do joio terrorista do trigo inocente.\u00a0<\/p>\n\n\n\n<p>Com o cessar-fogo, Netanyahu de todo modo d\u00e1 uma resposta tardia ao p\u00fablico externo sobre o sangue derramado. E a resolu\u00e7\u00e3o da quest\u00e3o dos ref\u00e9ns, ponto pelo qual mais \u00e9 criticado dentro de Israel, fala \u00e0 plateia dom\u00e9stica. \u00a0<\/p>\n\n\n\n<p>Politicamente, contudo, \u00e9 incerto se lhe dar\u00e1 refresco. Com a crise principal do Estado judeu em d\u00e9cadas em tese controlada, o foco ser\u00e1 nas cr\u00edticas de sua base ultraortodoxa de direita, que sustenta o contestado premi\u00ea no poder e j\u00e1 amea\u00e7a deixar o governo.<\/p>\n\n\n\n<p>BN<br>\u00a0<\/p>\n","protected":false},"excerpt":{"rendered":"<p>Ap\u00f3s 467 dias de guerra, o governo de Israel e o grupo palestino Hamas acertaram nesta quarta (15) os termos de um cessar-fogo inicial de seis semanas, abrindo caminho para encerrar o mais longevo dos grandes conflitos entre o Estado judeu e seus vizinhos \u00e1rabes em quase 77 anos de hist\u00f3ria moderna comum. \u00a0 O [&hellip;]<\/p>\n","protected":false},"author":2,"featured_media":22613,"comment_status":"open","ping_status":"open","sticky":false,"template":"","format":"standard","meta":{"_jetpack_memberships_contains_paid_content":false,"footnotes":""},"categories":[46],"tags":[],"class_list":["post-22612","post","type-post","status-publish","format-standard","has-post-thumbnail","hentry","category-noticia"],"aioseo_notices":[],"jetpack_featured_media_url":"https:\/\/i0.wp.com\/minutobahia24h.com.br\/wp-content\/uploads\/2025\/01\/Sem-titulo-297.jpg?fit=1200%2C630&ssl=1","jetpack_sharing_enabled":true,"_links":{"self":[{"href":"https:\/\/minutobahia24h.com.br\/index.php?rest_route=\/wp\/v2\/posts\/22612","targetHints":{"allow":["GET"]}}],"collection":[{"href":"https:\/\/minutobahia24h.com.br\/index.php?rest_route=\/wp\/v2\/posts"}],"about":[{"href":"https:\/\/minutobahia24h.com.br\/index.php?rest_route=\/wp\/v2\/types\/post"}],"author":[{"embeddable":true,"href":"https:\/\/minutobahia24h.com.br\/index.php?rest_route=\/wp\/v2\/users\/2"}],"replies":[{"embeddable":true,"href":"https:\/\/minutobahia24h.com.br\/index.php?rest_route=%2Fwp%2Fv2%2Fcomments&post=22612"}],"version-history":[{"count":1,"href":"https:\/\/minutobahia24h.com.br\/index.php?rest_route=\/wp\/v2\/posts\/22612\/revisions"}],"predecessor-version":[{"id":22614,"href":"https:\/\/minutobahia24h.com.br\/index.php?rest_route=\/wp\/v2\/posts\/22612\/revisions\/22614"}],"wp:featuredmedia":[{"embeddable":true,"href":"https:\/\/minutobahia24h.com.br\/index.php?rest_route=\/wp\/v2\/media\/22613"}],"wp:attachment":[{"href":"https:\/\/minutobahia24h.com.br\/index.php?rest_route=%2Fwp%2Fv2%2Fmedia&parent=22612"}],"wp:term":[{"taxonomy":"category","embeddable":true,"href":"https:\/\/minutobahia24h.com.br\/index.php?rest_route=%2Fwp%2Fv2%2Fcategories&post=22612"},{"taxonomy":"post_tag","embeddable":true,"href":"https:\/\/minutobahia24h.com.br\/index.php?rest_route=%2Fwp%2Fv2%2Ftags&post=22612"}],"curies":[{"name":"wp","href":"https:\/\/api.w.org\/{rel}","templated":true}]}}