{"id":22606,"date":"2025-01-15T18:55:09","date_gmt":"2025-01-15T21:55:09","guid":{"rendered":"https:\/\/minutobahia24h.com.br\/?p=22606"},"modified":"2025-01-15T18:55:11","modified_gmt":"2025-01-15T21:55:11","slug":"quebra-de-acordos-climaticos-perdao-a-golpistas-e-expulsao-de-imigrantes-quais-primeiros-decretos-de-trump-como-presidente","status":"publish","type":"post","link":"https:\/\/minutobahia24h.com.br\/?p=22606","title":{"rendered":"Quebra de acordos clim\u00e1ticos, perd\u00e3o a golpistas e expuls\u00e3o de imigrantes: Quais primeiros decretos de Trump como presidente"},"content":{"rendered":"<div class=\"wp-block-image\">\n<figure class=\"aligncenter size-large\"><img data-recalc-dims=\"1\" fetchpriority=\"high\" decoding=\"async\" width=\"800\" height=\"420\" src=\"https:\/\/i0.wp.com\/minutobahia24h.com.br\/wp-content\/uploads\/2025\/01\/Sem-titulo-295-1024x538.jpg?resize=800%2C420&#038;ssl=1\" alt=\"\" class=\"wp-image-22607\" srcset=\"https:\/\/i0.wp.com\/minutobahia24h.com.br\/wp-content\/uploads\/2025\/01\/Sem-titulo-295.jpg?resize=1024%2C538&amp;ssl=1 1024w, https:\/\/i0.wp.com\/minutobahia24h.com.br\/wp-content\/uploads\/2025\/01\/Sem-titulo-295.jpg?resize=300%2C158&amp;ssl=1 300w, https:\/\/i0.wp.com\/minutobahia24h.com.br\/wp-content\/uploads\/2025\/01\/Sem-titulo-295.jpg?resize=768%2C403&amp;ssl=1 768w, https:\/\/i0.wp.com\/minutobahia24h.com.br\/wp-content\/uploads\/2025\/01\/Sem-titulo-295.jpg?resize=750%2C394&amp;ssl=1 750w, https:\/\/i0.wp.com\/minutobahia24h.com.br\/wp-content\/uploads\/2025\/01\/Sem-titulo-295.jpg?resize=1140%2C599&amp;ssl=1 1140w, https:\/\/i0.wp.com\/minutobahia24h.com.br\/wp-content\/uploads\/2025\/01\/Sem-titulo-295.jpg?w=1200&amp;ssl=1 1200w\" sizes=\"(max-width: 800px) 100vw, 800px\" \/><figcaption class=\"wp-element-caption\">Foto: Reprodu\u00e7\u00e3o\/Redes Sociais<br><\/figcaption><\/figure>\n<\/div>\n\n\n<p>O presidente eleito dos Estados Unidos, Donald Trump, planeja emitir uma s\u00e9rie de decretos e ordens executivas ap\u00f3s tomar a posse de seu segundo mandato na pr\u00f3xima segunda-feira (20). Segundo fontes, as medidas de Trump devem ir desde assuntos relacionados a imigra\u00e7\u00e3o, at\u00e9 perd\u00f5es judiciais a presos nos ataques ao Capit\u00f3lio, de 6 de janeiro de 2021.<\/p>\n\n\n\n<p>De acordo com a CNN, fontes familiarizadas com o planejamento do presidente eleito afirmaram que Trump prepara diversos decretos, que podem chegar a mais de 100, para serem anunciados nos primeiros dias de seu segundo governo. Conselheiros de transi\u00e7\u00e3o t\u00eam preparado ordens para que Trump escolha quais devem ser divulgadas no primeiro dia de seu mandato e quais ficar\u00e3o para os dias seguintes.<\/p>\n\n\n\n<p><strong>IMIGRA\u00c7\u00c3O<\/strong><\/p>\n\n\n\n<p>Muitas das a\u00e7\u00f5es planejadas por Trump visam intensificar a fiscaliza\u00e7\u00e3o da imigra\u00e7\u00e3o e cumprir a sua promessa de campanha de deportar um n\u00famero recorde de imigrantes ilegais no pa\u00eds. As a\u00e7\u00f5es dariam aos agentes federais de imigra\u00e7\u00e3o uma maior liberdade para prender pessoas sem antecedentes criminais e levar mais topas \u00e0 fronteira com o M\u00e9xico.<\/p>\n\n\n\n<p>\u00c9 esperado, portanto, que o presidente eleito declare a imigra\u00e7\u00e3o ilegal como uma emerg\u00eancia nacional, a fim de desbloquear fundos para a constru\u00e7\u00e3o do muro na fronteira. Al\u00e9m disso, Trump tamb\u00e9m planeja acabar com a cidadania autom\u00e1tica para os nascidos nos EUA, filhos de pais que vivem ilegalmente no pa\u00eds. \u201cTemos que acabar com isso. \u00c9 rid\u00edculo\u201d, afirmou Trump em entrevista a NBC, em dezembro.<\/p>\n\n\n\n<p><strong>ENERGIA, TARIFAS E PERD\u00d5ES<\/strong><\/p>\n\n\n\n<p>No \u00e2mbito da energia, o presidente eleito planeja retirar os Estados Unidos, assim como fez em seu primeiro mandato, do Acordo Clim\u00e1tico de Paris, tratado internacional que visa combater as mudan\u00e7as clim\u00e1ticas. Fontes afirmam que ele tamb\u00e9m planeja reverter as regulamenta\u00e7\u00f5es de Joe Biden sobre usinas de energia.<\/p>\n\n\n\n<p>Acerca das tarifas, Trump deve aumentar a taxa\u00e7\u00e3o sobre produtos importados dos maiores parceiros comerciais dos EUA, conforme vinha amea\u00e7ando durante a sua campanha, a fim de impulsionar o crescimento econ\u00f4mico do pa\u00eds. Especialistas, no entanto, afirmam que estas tarifas podem acabar se convertendo em um aumento dos pre\u00e7os para o consumidor.<\/p>\n\n\n\n<p>O presidente eleito ainda afirmou que tomar\u00e1 medidas para conceder perd\u00f5es presidenciais aos condenados ou acusados do ataque ao Capit\u00f3lio dos EUA, em 6 de janeiro de 2021, quando alguns de seus apoiadores atacaram a sede do poder Legislativo estadunidense para contestar os resultados da elei\u00e7\u00e3o de 2020, da qual Trump saiu derrotado.<\/p>\n\n\n\n<p>BN<\/p>\n","protected":false},"excerpt":{"rendered":"<p>O presidente eleito dos Estados Unidos, Donald Trump, planeja emitir uma s\u00e9rie de decretos e ordens executivas ap\u00f3s tomar a posse de seu segundo mandato na pr\u00f3xima segunda-feira (20). Segundo fontes, as medidas de Trump devem ir desde assuntos relacionados a imigra\u00e7\u00e3o, at\u00e9 perd\u00f5es judiciais a presos nos ataques ao Capit\u00f3lio, de 6 de janeiro [&hellip;]<\/p>\n","protected":false},"author":2,"featured_media":22607,"comment_status":"open","ping_status":"open","sticky":false,"template":"","format":"standard","meta":{"_jetpack_memberships_contains_paid_content":false,"footnotes":""},"categories":[15],"tags":[],"class_list":["post-22606","post","type-post","status-publish","format-standard","has-post-thumbnail","hentry","category-mundo"],"aioseo_notices":[],"jetpack_featured_media_url":"https:\/\/i0.wp.com\/minutobahia24h.com.br\/wp-content\/uploads\/2025\/01\/Sem-titulo-295.jpg?fit=1200%2C630&ssl=1","jetpack_sharing_enabled":true,"_links":{"self":[{"href":"https:\/\/minutobahia24h.com.br\/index.php?rest_route=\/wp\/v2\/posts\/22606","targetHints":{"allow":["GET"]}}],"collection":[{"href":"https:\/\/minutobahia24h.com.br\/index.php?rest_route=\/wp\/v2\/posts"}],"about":[{"href":"https:\/\/minutobahia24h.com.br\/index.php?rest_route=\/wp\/v2\/types\/post"}],"author":[{"embeddable":true,"href":"https:\/\/minutobahia24h.com.br\/index.php?rest_route=\/wp\/v2\/users\/2"}],"replies":[{"embeddable":true,"href":"https:\/\/minutobahia24h.com.br\/index.php?rest_route=%2Fwp%2Fv2%2Fcomments&post=22606"}],"version-history":[{"count":1,"href":"https:\/\/minutobahia24h.com.br\/index.php?rest_route=\/wp\/v2\/posts\/22606\/revisions"}],"predecessor-version":[{"id":22608,"href":"https:\/\/minutobahia24h.com.br\/index.php?rest_route=\/wp\/v2\/posts\/22606\/revisions\/22608"}],"wp:featuredmedia":[{"embeddable":true,"href":"https:\/\/minutobahia24h.com.br\/index.php?rest_route=\/wp\/v2\/media\/22607"}],"wp:attachment":[{"href":"https:\/\/minutobahia24h.com.br\/index.php?rest_route=%2Fwp%2Fv2%2Fmedia&parent=22606"}],"wp:term":[{"taxonomy":"category","embeddable":true,"href":"https:\/\/minutobahia24h.com.br\/index.php?rest_route=%2Fwp%2Fv2%2Fcategories&post=22606"},{"taxonomy":"post_tag","embeddable":true,"href":"https:\/\/minutobahia24h.com.br\/index.php?rest_route=%2Fwp%2Fv2%2Ftags&post=22606"}],"curies":[{"name":"wp","href":"https:\/\/api.w.org\/{rel}","templated":true}]}}