{"id":22591,"date":"2025-01-15T15:17:09","date_gmt":"2025-01-15T18:17:09","guid":{"rendered":"https:\/\/minutobahia24h.com.br\/?p=22591"},"modified":"2025-01-15T15:17:15","modified_gmt":"2025-01-15T18:17:15","slug":"mae-denuncia-suposto-preconceito-ao-tentar-matricular-filho-autista-em-escola-de-lauro-de-freitas","status":"publish","type":"post","link":"https:\/\/minutobahia24h.com.br\/?p=22591","title":{"rendered":"M\u00e3e denuncia suposto preconceito ao tentar matricular filho autista em escola de Lauro de Freitas"},"content":{"rendered":"<div class=\"wp-block-image\">\n<figure class=\"aligncenter size-full\"><img data-recalc-dims=\"1\" fetchpriority=\"high\" decoding=\"async\" width=\"636\" height=\"356\" src=\"https:\/\/i0.wp.com\/minutobahia24h.com.br\/wp-content\/uploads\/2025\/01\/Sem-titulo-290.jpg?resize=636%2C356&#038;ssl=1\" alt=\"\" class=\"wp-image-22592\" srcset=\"https:\/\/i0.wp.com\/minutobahia24h.com.br\/wp-content\/uploads\/2025\/01\/Sem-titulo-290.jpg?w=636&amp;ssl=1 636w, https:\/\/i0.wp.com\/minutobahia24h.com.br\/wp-content\/uploads\/2025\/01\/Sem-titulo-290.jpg?resize=300%2C168&amp;ssl=1 300w\" sizes=\"(max-width: 636px) 100vw, 636px\" \/><figcaption class=\"wp-element-caption\">Ver\u00f4nica afirma que a escola n\u00e3o aceitou a matr\u00edcula, mas havia vagas dispon\u00edveis para outras crian\u00e7as |Reprodu\u00e7\u00e3o | Redes Sociais e Google Maps<br><\/figcaption><\/figure>\n<\/div>\n\n\n<p>Uma jovem de 24 anos, identificada como Ver\u00f4nica Sena, utilizou as redes sociais, na tarde desta ter\u00e7a-feira (15), para relatar um suposto caso de preconceito sofrido pelo filho Arthur, de apenas dois anos, que possui Transtorno do Espectro Autista (TEA).<\/p>\n\n\n\n<p>De acordo com o relato da m\u00e3e, a escola Kidsland, localizada no bairro de Vilas do Atl\u00e2ntico, em Lauro de Freitas, na Regi\u00e3o Metropolitana de Salvador (RMS), teria negado vaga para matr\u00edcula da crian\u00e7a em decorr\u00eancia da condi\u00e7\u00e3o at\u00edpica.<\/p>\n\n\n\n<p>&#8220;Pensei muito antes de expor isso aqui. N\u00e3o estou aqui para falar mal da institui\u00e7\u00e3o, que inclusive eu amei e queria muito que meu filho pudesse ser aceito, porque foi um ambiente que me senti realizada. Mas infelizmente estamos lidando com uma situa\u00e7\u00e3o de preconceito. Quando a gente recebe o diagn\u00f3stico de TEA, a gente sabe que n\u00e3o iremos apenas lidar com as terapias, mas com toda uma sociedade que critica e vai olhar estranho&#8221;, iniciou a jovem em suas redes sociais.<\/p>\n\n\n\n<p>Ver\u00f4nica contou que entrou em contato com a escola para matricular o filho e, logo de cara, teria sentido um desconforto com rela\u00e7\u00e3o as respostas atrav\u00e9s do Whatsapp, mas que chegou a visitar o local. Ap\u00f3s uma demora de obter resposta quanto a disponibilidade, ela relatou que foi informada que n\u00e3o haviam mais vagas.<\/p>\n\n\n\n<p>&#8220;Pedi a uma amiga que entrasse em contato com a escola pelo Whatsapp, se passando por uma m\u00e3e interessada. Para minha surpresa, no mesmo dia, ela foi informada que havia, sim, vaga&#8221;, escreveu a m\u00e3e em um story no Instagram.<\/p>\n\n\n\n<p>Atrav\u00e9s das redes sociais, diversas pessoas se solidarizaram com a situa\u00e7\u00e3o de Ver\u00f4nica. Uma delas foi a influenciadora Monique Borges, esposa do humorista baiano Dum Ice, que utilizou suas redes para prestar solidariedade \u00e0 m\u00e3e e disse que a postura da escola seria criminosa.<\/p>\n\n\n\n<p>O BNews entrou em contato com a Kidsland, com a finalidade de buscar um posicionamento referente \u00e0s den\u00fancias. Por meio de nota (confira na \u00edntegra abaixo), a institui\u00e7\u00e3o refor\u00e7ou seu compromisso &#8220;com a inclus\u00e3o, a igualdade e o acolhimento&#8221; e negou que tivesse negado vagas.<\/p>\n\n\n\n<p>&#8220;Com rela\u00e7\u00e3o \u00e0 situa\u00e7\u00e3o mencionada, gostar\u00edamos de esclarecer que a mensagem enviada pela nossa equipe informou que havia disponibilidade no formato de aulas no per\u00edodo vespertino com atividades extracurriculares, logo, n\u00e3o negamos vaga&#8221;, escreveu a Kidsland.<\/p>\n\n\n\n<p><strong>Leia a nota na \u00edntegra:<\/strong><\/p>\n\n\n\n<p>&#8220;A Escola Kidsland Villas reafirma seu compromisso com a inclus\u00e3o, a igualdade e o acolhimento, valores que norteiam nossa miss\u00e3o de oferecer um ambiente educacional seguro e respeitoso, onde todas as crian\u00e7as possam desenvolver plenamente suas potencialidades.<\/p>\n\n\n\n<p>Com rela\u00e7\u00e3o \u00e0 situa\u00e7\u00e3o mencionada, gostar\u00edamos de esclarecer que a mensagem enviada pela nossa equipe informou que havia disponibilidade no formato de aulas no per\u00edodo vespertino com atividades extracurriculares, logo, n\u00e3o negamos vaga.<\/p>\n\n\n\n<p>Com rela\u00e7\u00e3o a informa\u00e7\u00e3o dada a outra fam\u00edlia mencionada pela m\u00e3e da crian\u00e7a, informamos que houve um erro de comunica\u00e7\u00e3o, pois n\u00e3o recebemos nenhuma visita em busca de vaga para o integral.<\/p>\n\n\n\n<p>Ressaltamos que os detalhes completos sobre os formatos de matr\u00edcula e as condi\u00e7\u00f5es de vagas s\u00e3o apresentados durante a visita presencial, momento em que os respons\u00e1veis podem conhecer nossa estrutura, dialogar com a equipe pedag\u00f3gica e esclarecer quaisquer d\u00favidas diretamente.<\/p>\n\n\n\n<p>Lamentamos profundamente o desconforto causado. Gostar\u00edamos de refor\u00e7ar nosso compromisso com a inclus\u00e3o, o di\u00e1logo e o cuidado com todas as fam\u00edlias que confiam na Kidsland Vilas.<\/p>\n\n\n\n<p>Estamos \u00e0 disposi\u00e7\u00e3o para quaisquer esclarecimentos e reafirmamos nosso compromisso com um ambiente educacional inclusivo, acolhedor e de qualidade.&#8221;<\/p>\n\n\n\n<p>Fonte: BNews<\/p>\n","protected":false},"excerpt":{"rendered":"<p>Uma jovem de 24 anos, identificada como Ver\u00f4nica Sena, utilizou as redes sociais, na tarde desta ter\u00e7a-feira (15), para relatar um suposto caso de preconceito sofrido pelo filho Arthur, de apenas dois anos, que possui Transtorno do Espectro Autista (TEA). De acordo com o relato da m\u00e3e, a escola Kidsland, localizada no bairro de Vilas [&hellip;]<\/p>\n","protected":false},"author":2,"featured_media":22592,"comment_status":"open","ping_status":"open","sticky":false,"template":"","format":"standard","meta":{"_jetpack_memberships_contains_paid_content":false,"footnotes":""},"categories":[46],"tags":[],"class_list":["post-22591","post","type-post","status-publish","format-standard","has-post-thumbnail","hentry","category-noticia"],"aioseo_notices":[],"jetpack_featured_media_url":"https:\/\/i0.wp.com\/minutobahia24h.com.br\/wp-content\/uploads\/2025\/01\/Sem-titulo-290.jpg?fit=636%2C356&ssl=1","jetpack_sharing_enabled":true,"_links":{"self":[{"href":"https:\/\/minutobahia24h.com.br\/index.php?rest_route=\/wp\/v2\/posts\/22591","targetHints":{"allow":["GET"]}}],"collection":[{"href":"https:\/\/minutobahia24h.com.br\/index.php?rest_route=\/wp\/v2\/posts"}],"about":[{"href":"https:\/\/minutobahia24h.com.br\/index.php?rest_route=\/wp\/v2\/types\/post"}],"author":[{"embeddable":true,"href":"https:\/\/minutobahia24h.com.br\/index.php?rest_route=\/wp\/v2\/users\/2"}],"replies":[{"embeddable":true,"href":"https:\/\/minutobahia24h.com.br\/index.php?rest_route=%2Fwp%2Fv2%2Fcomments&post=22591"}],"version-history":[{"count":1,"href":"https:\/\/minutobahia24h.com.br\/index.php?rest_route=\/wp\/v2\/posts\/22591\/revisions"}],"predecessor-version":[{"id":22593,"href":"https:\/\/minutobahia24h.com.br\/index.php?rest_route=\/wp\/v2\/posts\/22591\/revisions\/22593"}],"wp:featuredmedia":[{"embeddable":true,"href":"https:\/\/minutobahia24h.com.br\/index.php?rest_route=\/wp\/v2\/media\/22592"}],"wp:attachment":[{"href":"https:\/\/minutobahia24h.com.br\/index.php?rest_route=%2Fwp%2Fv2%2Fmedia&parent=22591"}],"wp:term":[{"taxonomy":"category","embeddable":true,"href":"https:\/\/minutobahia24h.com.br\/index.php?rest_route=%2Fwp%2Fv2%2Fcategories&post=22591"},{"taxonomy":"post_tag","embeddable":true,"href":"https:\/\/minutobahia24h.com.br\/index.php?rest_route=%2Fwp%2Fv2%2Ftags&post=22591"}],"curies":[{"name":"wp","href":"https:\/\/api.w.org\/{rel}","templated":true}]}}