{"id":22570,"date":"2025-01-15T08:23:35","date_gmt":"2025-01-15T11:23:35","guid":{"rendered":"https:\/\/minutobahia24h.com.br\/?p=22570"},"modified":"2025-01-15T08:23:35","modified_gmt":"2025-01-15T11:23:35","slug":"veja-quais-xingamentos-e-ataques-podem-deixar-de-ser-barrados-no-facebook-e-no-instagram","status":"publish","type":"post","link":"https:\/\/minutobahia24h.com.br\/?p=22570","title":{"rendered":"Veja quais xingamentos e ataques podem deixar de ser barrados no Facebook e no Instagram"},"content":{"rendered":"<div class=\"wp-block-image\">\n<figure class=\"aligncenter size-full\"><img data-recalc-dims=\"1\" fetchpriority=\"high\" decoding=\"async\" width=\"800\" height=\"533\" src=\"https:\/\/i0.wp.com\/minutobahia24h.com.br\/wp-content\/uploads\/2025\/01\/Sem-titulo-283.jpg?resize=800%2C533&#038;ssl=1\" alt=\"\" class=\"wp-image-22571\" srcset=\"https:\/\/i0.wp.com\/minutobahia24h.com.br\/wp-content\/uploads\/2025\/01\/Sem-titulo-283.jpg?w=984&amp;ssl=1 984w, https:\/\/i0.wp.com\/minutobahia24h.com.br\/wp-content\/uploads\/2025\/01\/Sem-titulo-283.jpg?resize=300%2C200&amp;ssl=1 300w, https:\/\/i0.wp.com\/minutobahia24h.com.br\/wp-content\/uploads\/2025\/01\/Sem-titulo-283.jpg?resize=768%2C512&amp;ssl=1 768w, https:\/\/i0.wp.com\/minutobahia24h.com.br\/wp-content\/uploads\/2025\/01\/Sem-titulo-283.jpg?resize=750%2C500&amp;ssl=1 750w\" sizes=\"(max-width: 800px) 100vw, 800px\" \/><figcaption class=\"wp-element-caption\">Facebook e Instagram \u2014 Foto: AP Photo\/Richard Drew<br><br><\/figcaption><\/figure>\n<\/div>\n\n\n<p>A Meta mudou sua pol\u00edtica sobre conduta de \u00f3dio na semana passada,&nbsp;<a class=\"\" href=\"https:\/\/g1.globo.com\/tecnologia\/noticia\/2025\/01\/09\/meta-publica-em-portugues-nova-politica-que-associa-publico-lgbtqia-a-doencas-mentais.ghtml\">permitindo agora v\u00e1rios comportamentos que antes eram proibidos<\/a>&nbsp;no Facebook, no Instagram e no Threads.<\/p>\n\n\n\n<p>A mudan\u00e7a causou preocupa\u00e7\u00e3o entre especialistas, que temem que&nbsp;<a class=\"\" href=\"https:\/\/g1.globo.com\/tecnologia\/noticia\/2025\/01\/10\/mudancas-podem-fazer-instagram-e-facebook-virarem-novos-x-e-ate-inibir-liberdade-de-expressao-dizem-especialistas.ghtml\">as plataformas se tornem mais hostis para grupos vulner\u00e1veis<\/a>. No Brasil, a Associa\u00e7\u00e3o Nacional de Travestis e Transexuais (Antra) \u00e9 uma das organiza\u00e7\u00f5es que criticaram a medida.<\/p>\n\n\n\n<p>A Advocacia-Geral da Uni\u00e3o (AGU) tamb\u00e9m reagiu, questionando a Meta sobre como ela garantir\u00e1 o combate a crimes como racismo e homofobia. A<a class=\"\" href=\"https:\/\/g1.globo.com\/politica\/noticia\/2025\/01\/14\/veja-detalhes-da-resposta-da-meta-a-agu.ghtml\">&nbsp;empresa respondeu ao governo brasileiro&nbsp;<\/a><a class=\"\" href=\"https:\/\/g1.globo.com\/politica\/noticia\/2025\/01\/14\/veja-detalhes-da-resposta-da-meta-a-agu.ghtml\">nesta segunda&nbsp;<\/a>(13) e se disse comprometida com a transpar\u00eancia, em respeitar os direitos humanos e a liberdade de express\u00e3o&nbsp;<strong>(veja mais abaixo)<\/strong>.<\/p>\n\n\n\n<p>A nova pol\u00edtica foi divulgada no mesmo dia que<a class=\"\" href=\"https:\/\/g1.globo.com\/tecnologia\/noticia\/2025\/01\/07\/meta-sistema-de-checagem-de-fatos-e-notas-de-comunidade-como-no-x.ghtml\">&nbsp;Mark Zuckerberg anunciou o fim do programa de checagem de fatos<\/a>&nbsp;nas plataformas.<\/p>\n\n\n\n<p><strong>Importante:&nbsp;<\/strong>mesmo que as redes sociais da Meta fiquem mais permissivas com ofensas e condutas preconceituosas, quem comete racismo ou inj\u00faria racial pode ser denunciado e pegar de dois a cinco anos de pris\u00e3o o Brasil. O mesmo vale para&nbsp;<a class=\"\" href=\"https:\/\/g1.globo.com\/jornal-nacional\/noticia\/2023\/08\/22\/supremo-determina-que-atos-de-homofobia-e-transfobia-sejam-punidos-como-injuria-racial.ghtml\">atos de homofobia e de transfobia<\/a>. Todos esses crimes s\u00e3o inafian\u00e7\u00e1veis e n\u00e3o prescrevem.<\/p>\n\n\n\n<h2 class=\"wp-block-heading\">O que a Meta vai permitir nas suas redes sociais agora<\/h2>\n\n\n\n<ul class=\"wp-block-list\">\n<li>Chamar uma pessoa LGBTQIA+ de &#8220;<strong>doente mental&#8221;, &#8220;anormal&#8221; ou &#8220;esquisito&#8221;<\/strong>\u00a0<em>[veja a diretriz original abaixo].<\/em><\/li>\n<\/ul>\n\n\n\n<p><em>\u201c<\/em><em>Permitimos alega\u00e7\u00f5es de doen\u00e7a mental ou anormalidade quando baseadas em g\u00eanero ou orienta\u00e7\u00e3o sexual,<\/em><em>&nbsp;considerando discursos pol\u00edticos e religiosos sobre<\/em><em>&nbsp;transgenerismo e homossexualidade<\/em><em>, bem como o uso comum e n\u00e3o literal de termos como \u2018esquisito\u2019.\u201d<\/em><\/p>\n\n\n\n<ul class=\"wp-block-list\">\n<li>Dizer que pessoas<strong>\u00a0<\/strong>LGBTAQIA+ ou mulheres\u00a0<strong>n\u00e3o podem praticar determinados esportes<\/strong>, participar de ligas esportivas ou frequentar determinados banheiros ou escolas\u00a0<em>[veja o original abaixo].<\/em><\/li>\n<\/ul>\n\n\n\n<p><em>&#8220;[S\u00e3o proibidas publica\u00e7\u00f5es que cont\u00eam] Exclus\u00e3o social, no sentido de negar acesso a espa\u00e7os (f\u00edsicos e online) e servi\u00e7os sociais,&nbsp;<\/em><em>com exce\u00e7\u00e3o de exclus\u00f5es baseadas em sexo ou g\u00eanero em espa\u00e7os geralmente restritos por essas categorias, como banheiros, esportes e ligas esportivas<\/em><em>, grupos de sa\u00fade e apoio, e escolas espec\u00edficas.&#8221;<\/em><\/p>\n\n\n\n<ul class=\"wp-block-list\">\n<li>Dizer que mulheres ou pessoas LGBTQIA+\u00a0<strong>n\u00e3o podem ocupar cargos militares ou trabalhar como policiais\u00a0<\/strong><em>[veja o original abaixo].\u00a0<\/em>A diretriz foi alterada ap\u00f3s o presidente eleito dos Estados Unidos, Donald Trump,\u00a0<a class=\"\" href=\"https:\/\/g1.globo.com\/mundo\/noticia\/2024\/12\/23\/trump-promete-deter-a-loucura-transgenero-em-seu-primeiro-dia-de-governo.ghtml\">prometer tirar pessoas transg\u00eaneros do Ex\u00e9rcito e de escolas\u00a0<\/a>em seu primeiro dia de governo.<\/li>\n<\/ul>\n\n\n\n<p><em>\u201cPermitimos conte\u00fado que&nbsp;<\/em><em>defenda limita\u00e7\u00f5es baseadas em g\u00eanero para empregos militares, policiais e de ensino<\/em><em>. Tamb\u00e9m permitimos conte\u00fado similar relacionado \u00e0&nbsp;<\/em><em>orienta\u00e7\u00e3o sexual,&nbsp;<\/em><em>desde que fundamentado em cren\u00e7as religiosas.\u201d<\/em><\/p>\n\n\n\n<ul class=\"wp-block-list\">\n<li><strong>Xingar algu\u00e9m\u00a0<\/strong>no contexto de uma<strong>\u00a0discuss\u00e3o sobre pol\u00edtica, religi\u00e3o, direitos do p\u00fablico LGBTQIA+ ou imigra\u00e7\u00e3o\u00a0<\/strong><em>[veja o original abaixo]<\/em>. No trecho, a Meta diz que as pol\u00edticas permitem o uso de ofensas ou que o usu\u00e1rio se coloque contr\u00e1rio aos<strong>\u00a0<\/strong>direitos desses grupos em postagens.<\/li>\n<\/ul>\n\n\n\n<p><em>&#8220;\u00c0s vezes, as pessoas usam linguagem espec\u00edfica de sexo ou g\u00eanero para discutir o acesso a espa\u00e7os geralmente restritos por essas categorias, como banheiros, escolas, cargos militares, policiais ou de ensino, al\u00e9m de grupos de sa\u00fade ou apoio.&#8221;<\/em><\/p>\n\n\n\n<p><em>\u201cEm outros casos, solicitam exclus\u00e3o ou recorrem a&nbsp;<\/em><em>linguagem ofensiva ao abordar t\u00f3picos pol\u00edticos ou religiosos<\/em><em>, como direitos de pessoas transg\u00eanero, imigra\u00e7\u00e3o ou homossexualidade. [&#8230;]&nbsp;<\/em><em>Nossas pol\u00edticas foram criadas para dar espa\u00e7o a esses tipos de discurso<\/em><em>.\u201d<\/em><\/p>\n\n\n\n<h2 class=\"wp-block-heading\">O que a Meta apagou da lista de &#8220;proibido&#8221;<\/h2>\n\n\n\n<p>A Meta tamb\u00e9m&nbsp;apagou de sua lista de comportamentos proibidos&nbsp;alguns insultos ou condutas preconceituosas que se referiam a mulheres, pessoas LGBTQIA+, negros e mu\u00e7ulmanos.<\/p>\n\n\n\n<p>O&nbsp;<strong>g1&nbsp;<\/strong>questionou a Meta para saber se a remo\u00e7\u00e3o dos termos implica que esses comportamentos ser\u00e3o permitidos a partir de agora. A empresa n\u00e3o respondeu diretamente, enviando um comunicado em que aborda genericamente as mudan\u00e7as na modera\u00e7\u00e3o das plataformas.<\/p>\n\n\n\n<p><strong>Alguns exemplos de proibi\u00e7\u00f5es que foram apagadas:<\/strong><\/p>\n\n\n\n<ul class=\"wp-block-list\">\n<li>Comparar\u00a0mulheres a \u201cobjetos dom\u00e9sticos\u201d, \u201cpropriedade\u201d ou \u201cobjetos no geral\u201d.<\/li>\n\n\n\n<li>Expressar que\u00a0um g\u00eanero \u00e9 superior a outro.<\/li>\n\n\n\n<li>Se declarar\u00a0<strong>intolerante em rela\u00e7\u00e3o a outros grupos<\/strong>. Nesse trecho, a pol\u00edtica anterior da Meta proibia explicitamente que algu\u00e9m se autodeclarasse como\u00a0&#8220;homof\u00f3bico&#8221;, &#8220;racista&#8221; ou &#8220;islamof\u00f3bico&#8221; &#8211; essa restri\u00e7\u00e3o tamb\u00e9m foi retirada.<\/li>\n\n\n\n<li>Dizer que uma pessoa ou um determinado grupo espalhou ou foi respons\u00e1vel pela exist\u00eancia do\u00a0<strong>coronav\u00edrus<\/strong>.<\/li>\n\n\n\n<li>Na vers\u00e3o em ingl\u00eas, foi retirado o trecho que proibia que o\u00a0<strong>usu\u00e1rio se referisse a pessoas transg\u00eaneros ou n\u00e3o bin\u00e1rias pelo pronome\u00a0<\/strong>\u2018<strong>it<\/strong>\u2019, usado para objetos ou animais e pejorativo quando direcionado a algu\u00e9m. Grupos LGBTQIA+ recomendam a utiliza\u00e7\u00e3o de pronomes que estejam de acordo com o g\u00eanero que a pessoa se identifica.<\/li>\n<\/ul>\n\n\n\n<h2 class=\"wp-block-heading\"><strong>Meta diz \u00e0 AGU que remover\u00e1 conte\u00fados que incitem \u00e0 viol\u00eancia<\/strong><\/h2>\n\n\n\n<p>Em sua resposta \u00e0 AGU, enviada nesta segunda, a Meta se disse comprometida com a transpar\u00eancia, em respeitar os direitos humanos e a liberdade de express\u00e3o. A empresa afirmou que continuar\u00e1 removendo do ar conte\u00fados que incitem \u00e0 viol\u00eancia ou que tenham &#8220;amea\u00e7as plaus\u00edveis \u00e0 seguran\u00e7a p\u00fablica ou pessoal&#8221;.<\/p>\n\n\n\n<p>Ela tamb\u00e9m citou as<strong>&nbsp;mudan\u00e7as na pol\u00edtica de combate a condutas de \u00f3dio&nbsp;<\/strong>e disse que, embora o texto tenha sido alterado, ele &#8220;continua a definir as caracter\u00edsticas protegidas, que atualmente incluem ra\u00e7a, etnia, nacionalidade, defici\u00eancia, religi\u00e3o, casta, orienta\u00e7\u00e3o sexual, sexo, identidade de g\u00eanero e doen\u00e7a grave&#8221;.<\/p>\n\n\n\n<p><a class=\"\" href=\"https:\/\/g1.globo.com\/politica\/noticia\/2025\/01\/14\/veja-detalhes-da-resposta-da-meta-a-agu.ghtml\">Veja em detalhes a resposta da Meta \u00e0 AGU.<\/a><\/p>\n\n\n\n<h2 class=\"wp-block-heading\">Empresa tamb\u00e9m encerrou programa de diversidade<\/h2>\n\n\n\n<p>Al\u00e9m das altera\u00e7\u00f5es nas plataformas, a Meta tamb\u00e9m confirmou \u00e0 ag\u00eancia Associated Press, no \u00faltimo dia 10, que est\u00e1&nbsp;<a class=\"\" href=\"https:\/\/g1.globo.com\/tecnologia\/noticia\/2025\/01\/13\/meta-dona-de-facebook-e-instagram-encerra-programa-interno-de-diversidade-e-inclusao.ghtml\">encerrando seu programa interno de diversidade, equidade e inclus\u00e3o<\/a>. Ele englobava contrata\u00e7\u00e3o e treinamento de funcion\u00e1rios e sele\u00e7\u00e3o de fornecedores.<\/p>\n\n\n\n<p>Na pr\u00e1tica, a Meta n\u00e3o ter\u00e1 mais uma equipe focada em diversidade e agora \u201cse concentrar\u00e1 em como aplicar pr\u00e1ticas justas e consistentes que mitiguem o preconceito contra todos, n\u00e3o importando sua origem\u201d, segundo um comunicado enviado aos funcion\u00e1rios.<\/p>\n\n\n\n<h2 class=\"wp-block-heading\">Fim da checagem de fatos e outras mudan\u00e7as<\/h2>\n\n\n\n<p>O fim da checagem dos posts por terceiros no Facebook, Instagram e Threads foi anunciado pelo presidente-executivo da Meta, Mark Zuckerberg, no \u00faltimo dia 7. Na publica\u00e7\u00e3o, ele disse que a empresa ir\u00e1 colaborar com Donald Trump para combater supostas tentativas de censura.<\/p>\n\n\n\n<p><strong>Principais mudan\u00e7as anunciadas pela Meta:<\/strong><\/p>\n\n\n\n<ul class=\"wp-block-list\">\n<li>atualiza\u00e7\u00e3o de sua pol\u00edtica de &#8220;conduta de \u00f3dio&#8221;, removendo restri\u00e7\u00f5es a permitindo coment\u00e1rios discriminat\u00f3rios contra determinados grupos.<\/li>\n\n\n\n<li>a Meta\u00a0<a class=\"\" href=\"https:\/\/g1.globo.com\/tecnologia\/noticia\/2025\/01\/07\/meta-sistema-de-checagem-de-fatos-e-notas-de-comunidade-como-no-x.ghtml#parceiros\">deixa de ter os parceiros de verifica\u00e7\u00e3o de fatos<\/a>\u00a0(&#8220;fact checking&#8221;, em ingl\u00eas) que auxiliam na modera\u00e7\u00e3o de postagens, al\u00e9m da equipe interna dedicada a essa fun\u00e7\u00e3o;<\/li>\n\n\n\n<li>em vez de pegar qualquer viola\u00e7\u00e3o \u00e0 pol\u00edtica do Instagram e do Facebook,\u00a0<a class=\"\" href=\"https:\/\/g1.globo.com\/tecnologia\/noticia\/2025\/01\/07\/meta-sistema-de-checagem-de-fatos-e-notas-de-comunidade-como-no-x.ghtml#filtros\">os filtros de verifica\u00e7\u00e3o passar\u00e3o a focar em combater viola\u00e7\u00f5es legais e de alta gravidade.<\/a><\/li>\n\n\n\n<li>para casos de menor gravidade, as plataformas depender\u00e3o de den\u00fancias feitas por usu\u00e1rios, antes de qualquer a\u00e7\u00e3o ser tomada pela empresa;<\/li>\n\n\n\n<li>em casos de conte\u00fados considerados como de &#8220;menor gravidade&#8221;, os pr\u00f3prios usu\u00e1rios poder\u00e3o adicionar corre\u00e7\u00f5es aos posts, como complemento ao conte\u00fado, de forma semelhante \u00e0s &#8220;notas da comunidade&#8221; do X;<\/li>\n\n\n\n<li>Instagram e Facebook voltar\u00e3o<a class=\"\" href=\"https:\/\/g1.globo.com\/tecnologia\/noticia\/2025\/01\/07\/meta-sistema-de-checagem-de-fatos-e-notas-de-comunidade-como-no-x.ghtml#politica\">\u00a0a recomendar mais conte\u00fado de pol\u00edtica;<\/a><\/li>\n\n\n\n<li>a equipe de &#8220;confian\u00e7a, seguran\u00e7a e modera\u00e7\u00e3o de conte\u00fado&#8221; deixar\u00e1 a<a class=\"\" href=\"https:\/\/g1.globo.com\/tecnologia\/noticia\/2025\/01\/07\/meta-sistema-de-checagem-de-fatos-e-notas-de-comunidade-como-no-x.ghtml#localizacao\">\u00a0Calif\u00f3rnia, e a de revis\u00e3o dos conte\u00fados postados nos EUA ser\u00e1 centralizada no Texas (EUA).<\/a><\/li>\n<\/ul>\n\n\n\n<p><\/p>\n","protected":false},"excerpt":{"rendered":"<p>A Meta mudou sua pol\u00edtica sobre conduta de \u00f3dio na semana passada,&nbsp;permitindo agora v\u00e1rios comportamentos que antes eram proibidos&nbsp;no Facebook, no Instagram e no Threads. A mudan\u00e7a causou preocupa\u00e7\u00e3o entre especialistas, que temem que&nbsp;as plataformas se tornem mais hostis para grupos vulner\u00e1veis. No Brasil, a Associa\u00e7\u00e3o Nacional de Travestis e Transexuais (Antra) \u00e9 uma das [&hellip;]<\/p>\n","protected":false},"author":2,"featured_media":22571,"comment_status":"open","ping_status":"open","sticky":false,"template":"","format":"standard","meta":{"_jetpack_memberships_contains_paid_content":false,"footnotes":""},"categories":[16],"tags":[],"class_list":["post-22570","post","type-post","status-publish","format-standard","has-post-thumbnail","hentry","category-tecnologia"],"aioseo_notices":[],"jetpack_featured_media_url":"https:\/\/i0.wp.com\/minutobahia24h.com.br\/wp-content\/uploads\/2025\/01\/Sem-titulo-283.jpg?fit=984%2C656&ssl=1","jetpack_sharing_enabled":true,"_links":{"self":[{"href":"https:\/\/minutobahia24h.com.br\/index.php?rest_route=\/wp\/v2\/posts\/22570","targetHints":{"allow":["GET"]}}],"collection":[{"href":"https:\/\/minutobahia24h.com.br\/index.php?rest_route=\/wp\/v2\/posts"}],"about":[{"href":"https:\/\/minutobahia24h.com.br\/index.php?rest_route=\/wp\/v2\/types\/post"}],"author":[{"embeddable":true,"href":"https:\/\/minutobahia24h.com.br\/index.php?rest_route=\/wp\/v2\/users\/2"}],"replies":[{"embeddable":true,"href":"https:\/\/minutobahia24h.com.br\/index.php?rest_route=%2Fwp%2Fv2%2Fcomments&post=22570"}],"version-history":[{"count":1,"href":"https:\/\/minutobahia24h.com.br\/index.php?rest_route=\/wp\/v2\/posts\/22570\/revisions"}],"predecessor-version":[{"id":22572,"href":"https:\/\/minutobahia24h.com.br\/index.php?rest_route=\/wp\/v2\/posts\/22570\/revisions\/22572"}],"wp:featuredmedia":[{"embeddable":true,"href":"https:\/\/minutobahia24h.com.br\/index.php?rest_route=\/wp\/v2\/media\/22571"}],"wp:attachment":[{"href":"https:\/\/minutobahia24h.com.br\/index.php?rest_route=%2Fwp%2Fv2%2Fmedia&parent=22570"}],"wp:term":[{"taxonomy":"category","embeddable":true,"href":"https:\/\/minutobahia24h.com.br\/index.php?rest_route=%2Fwp%2Fv2%2Fcategories&post=22570"},{"taxonomy":"post_tag","embeddable":true,"href":"https:\/\/minutobahia24h.com.br\/index.php?rest_route=%2Fwp%2Fv2%2Ftags&post=22570"}],"curies":[{"name":"wp","href":"https:\/\/api.w.org\/{rel}","templated":true}]}}