{"id":22567,"date":"2025-01-15T08:21:22","date_gmt":"2025-01-15T11:21:22","guid":{"rendered":"https:\/\/minutobahia24h.com.br\/?p=22567"},"modified":"2025-01-15T08:21:27","modified_gmt":"2025-01-15T11:21:27","slug":"trump-prepara-serie-de-decretos-para-os-primeiros-dias-de-governo-veja-medidas","status":"publish","type":"post","link":"https:\/\/minutobahia24h.com.br\/?p=22567","title":{"rendered":"Trump prepara s\u00e9rie de decretos para os primeiros dias de governo; veja medidas"},"content":{"rendered":"\n<p><a class=\"\" href=\"https:\/\/g1.globo.com\/tudo-sobre\/donald-trump\/\">Donald Trump<\/a>\u00a0planeja emitir uma s\u00e9rie de ordens executivas e decretos assim que for empossado como presidente dos\u00a0<a class=\"\" href=\"https:\/\/g1.globo.com\/tudo-sobre\/estados-unidos\/\">Estados Unidos<\/a>\u00a0na segunda-feira (20). As medidas devem impactar \u00e1reas como imigra\u00e7\u00e3o e energia.<\/p>\n\n\n\n<p>Duas fontes familiarizadas com o planejamento do novo governo disseram que Trump est\u00e1 preparando um volume significativo de ordens executivas. Mais de 100 a\u00e7\u00f5es podem ser anunciadas nos primeiros dias de governo, em uma estrat\u00e9gia conhecida como &#8220;choque e pavor&#8221;.<\/p>\n\n\n\n<p>Assessores da transi\u00e7\u00e3o est\u00e3o preparando ordens para Trump escolher. Ainda \u00e9 necess\u00e1rio decidir quais ser\u00e3o divulgadas no dia 20 de janeiro e quais ser\u00e3o anunciadas posteriormente.<\/p>\n\n\n\n<blockquote class=\"wp-block-quote is-layout-flow wp-block-quote-is-layout-flow\">\n<p>&#8220;Tudo ainda est\u00e1 em fluxo&#8221;, disse uma das fontes.<\/p>\n<\/blockquote>\n\n\n\n<p><strong>Veja o que se sabe sobre as medidas at\u00e9 agora.<\/strong><\/p>\n\n\n\n<h2 class=\"wp-block-heading\">Imigra\u00e7\u00e3o<\/h2>\n\n\n<div class=\"wp-block-image\">\n<figure class=\"aligncenter size-full\"><img data-recalc-dims=\"1\" fetchpriority=\"high\" decoding=\"async\" width=\"800\" height=\"533\" src=\"https:\/\/i0.wp.com\/minutobahia24h.com.br\/wp-content\/uploads\/2025\/01\/Sem-titulo-282.jpg?resize=800%2C533&#038;ssl=1\" alt=\"\" class=\"wp-image-22568\" srcset=\"https:\/\/i0.wp.com\/minutobahia24h.com.br\/wp-content\/uploads\/2025\/01\/Sem-titulo-282.jpg?w=984&amp;ssl=1 984w, https:\/\/i0.wp.com\/minutobahia24h.com.br\/wp-content\/uploads\/2025\/01\/Sem-titulo-282.jpg?resize=300%2C200&amp;ssl=1 300w, https:\/\/i0.wp.com\/minutobahia24h.com.br\/wp-content\/uploads\/2025\/01\/Sem-titulo-282.jpg?resize=768%2C512&amp;ssl=1 768w, https:\/\/i0.wp.com\/minutobahia24h.com.br\/wp-content\/uploads\/2025\/01\/Sem-titulo-282.jpg?resize=750%2C500&amp;ssl=1 750w\" sizes=\"(max-width: 800px) 100vw, 800px\" \/><figcaption class=\"wp-element-caption\">O presidente dos EUA, Donald Trump, visita muro na fronteira dos EUA com o M\u00e9xico em 12 de janeiro de 2021, na cidade de \u00c1lamo, no Texas. \u2014 Foto: Alex Brandon\/AP<br><\/figcaption><\/figure>\n<\/div>\n\n\n<p>Muitas das a\u00e7\u00f5es que Trump planeja em seu primeiro dia como presidente t\u00eam como objetivo intensificar a fiscaliza\u00e7\u00e3o da imigra\u00e7\u00e3o. O republicano quer cumprir a promessa de deportar um n\u00famero recorde de imigrantes em situa\u00e7\u00e3o irregular nos EUA.<\/p>\n\n\n\n<p>As a\u00e7\u00f5es executivas dariam mais liberdade aos agentes de imigra\u00e7\u00e3o federal para prender pessoas sem antecedentes criminais, enviar mais tropas para a fronteira entre os EUA e o M\u00e9xico e retomar a constru\u00e7\u00e3o do muro na fronteira.<\/p>\n\n\n\n<p>\u00c9 esperado que Trump declare a imigra\u00e7\u00e3o ilegal como uma emerg\u00eancia nacional. Isso autorizaria a libera\u00e7\u00e3o de fundos militares para a constru\u00e7\u00e3o do muro na fronteira com o M\u00e9xico.<\/p>\n\n\n\n<p>O presidente eleito tamb\u00e9m indicou, em uma postagem no Truth Social em novembro, que direcionaria recursos militares para apoiar planos de deporta\u00e7\u00e3o.<\/p>\n\n\n\n<p>Trump tamb\u00e9m planeja encerrar os programas tempor\u00e1rios de Joe Biden, que permitiram que centenas de milhares de migrantes de alguns pa\u00edses entrassem legalmente por raz\u00f5es humanit\u00e1rias e recebessem autoriza\u00e7\u00f5es de trabalho.<\/p>\n\n\n\n<p>Al\u00e9m disso, Trump prometeu acabar com a cidadania autom\u00e1tica para pessoas nascidas nos EUA com pais em situa\u00e7\u00e3o irregular. Assessores dizem que a do republicano equipe est\u00e1 trabalhando em uma ordem executiva com este objetivo.<\/p>\n\n\n\n<p>A 14\u00aa Emenda da Constitui\u00e7\u00e3o dos EUA, ratificada em 1868 ap\u00f3s a Guerra Civil, prev\u00ea a concess\u00e3o de cidadania a &#8220;todas as pessoas nascidas ou naturalizadas nos Estados Unidos&#8221;.<\/p>\n\n\n\n<p>Qualquer movimento de Trump para acabar com a cidadania por nascimento enfrentaria um desafio legal.<\/p>\n\n\n\n<blockquote class=\"wp-block-quote is-layout-flow wp-block-quote-is-layout-flow\">\n<p>&#8220;Temos que acabar com isso. \u00c9 rid\u00edculo&#8221;, disse Trump ao programa &#8220;Meet the Press&#8221; da NBC em dezembro.<\/p>\n<\/blockquote>\n\n\n\n<h2 class=\"wp-block-heading\">Energia<\/h2>\n\n\n\n<figure class=\"wp-block-image\"><img data-recalc-dims=\"1\" decoding=\"async\" src=\"https:\/\/i0.wp.com\/s2-g1.glbimg.com\/TkhgqhuYd6SRgAglKTpmF_SUrgs%3D\/0x0%3A4912x2760\/984x0\/smart\/filters%3Astrip_icc%28%29\/i.s3.glbimg.com\/v1\/AUTH_59edd422c0c84a879bd37670ae4f538a\/internal_photos\/bs\/2024\/0\/J\/BlbXthR2CaGxG48ACwqA\/pexels-mikebirdy-110844.jpg?w=800&#038;ssl=1\" alt=\"Carros el\u00e9tricos usam bateria de l\u00edtio \u2014 Foto: Mike Bird\/Pexels\"\/><\/figure>\n\n\n\n<p>Carros el\u00e9tricos usam bateria de l\u00edtio \u2014 Foto: Mike Bird\/Pexels<\/p>\n\n\n\n<p>Fontes ouvidas pela Reuters disseram que Trump est\u00e1 considerando uma s\u00e9rie de ordens executivas no setor de energia. As medidas abrangem regula\u00e7\u00f5es sobre ve\u00edculos el\u00e9tricos e at\u00e9 mesmo a retirada dos Estados Unidos do Acordo de Paris sobre o clima.<\/p>\n\n\n\n<p>Trump j\u00e1 havia abandonado o acordo durante o primeiro mandato, entre 2017 e 2021. Por outro lado, Joe Biden colocou os Estados Unidos de volta ao tratado.<\/p>\n\n\n\n<p>Os membros da equipe de transi\u00e7\u00e3o est\u00e3o recomendando mudan\u00e7as significativas para cortar apoio a ve\u00edculos el\u00e9tricos e esta\u00e7\u00f5es de recarga, al\u00e9m de fortalecer medidas que bloqueiem a importa\u00e7\u00e3o de carros, componentes e materiais de bateria da China.<\/p>\n\n\n\n<p>A equipe de transi\u00e7\u00e3o tamb\u00e9m recomenda a imposi\u00e7\u00e3o de tarifas sobre todos os materiais de bateria estrangeiros, como forma de impulsionar a produ\u00e7\u00e3o nos EUA. Em seguida, o pa\u00eds negociaria isen\u00e7\u00f5es individuais com aliados, segundo um documento obtido pela Reuters.<\/p>\n\n\n\n<p>As ordens executivas de Trump provavelmente tamb\u00e9m buscar\u00e3o revogar as regulamenta\u00e7\u00f5es clim\u00e1ticas de Biden sobre usinas de energia, acabar com a pausa nas exporta\u00e7\u00f5es de g\u00e1s natural liquefeito e revogar isen\u00e7\u00f5es que permitem que Calif\u00f3rnia e outros estados tenham regras de polui\u00e7\u00e3o mais r\u00edgidas.<\/p>\n\n\n\n<h2 class=\"wp-block-heading\">Tarifas<\/h2>\n\n\n\n<p>Uma das medidas que Trump pode tomar em seu primeiro dia de governo \u00e9 cumprir suas amea\u00e7as de aumentar as tarifas sobre bens importados dos maiores parceiros comerciais dos EUA.<\/p>\n\n\n\n<p>Trump acredita que as tarifas ajudariam a impulsionar o crescimento econ\u00f4mico nos Estados Unidos, embora opositores alertem que os custos provavelmente seriam repassados aos consumidores \u2014 o que pode gerar infla\u00e7\u00e3o e aumento na taxa de juros.<\/p>\n\n\n\n<h2 class=\"wp-block-heading\">Perd\u00f5es<\/h2>\n\n\n\n<figure class=\"wp-block-image\"><img data-recalc-dims=\"1\" decoding=\"async\" src=\"https:\/\/i0.wp.com\/s2-g1.glbimg.com\/3HU8GKHbdSkEfYwqlla2bxtospc%3D\/0x0%3A5472x3648\/984x0\/smart\/filters%3Astrip_icc%28%29\/i.s3.glbimg.com\/v1\/AUTH_59edd422c0c84a879bd37670ae4f538a\/internal_photos\/bs\/2022\/c\/k\/HHCfEgTpqyGW6pI77U1Q\/2022-11-29t214640z-205189956-rc2wvx9ie3bi-rtrmadp-3-usa-capitol-security-oath-keepers.jpg?w=800&#038;ssl=1\" alt=\"Manifestantes se agrupam durante evento da invas\u00e3o ao Capit\u00f3lio em 6 de janeiro de 2021 \u2014 Foto: Shannon Stapleton\/REUTERS\"\/><\/figure>\n\n\n\n<p>Manifestantes se agrupam durante evento da invas\u00e3o ao Capit\u00f3lio em 6 de janeiro de 2021 \u2014 Foto: Shannon Stapleton\/REUTERS<\/p>\n\n\n\n<p>Trump tamb\u00e9m afirmou que tomar\u00e1 medidas para conceder perd\u00f5es a algumas das centenas de pessoas condenadas ou acusadas de terem rela\u00e7\u00e3o com o ataque ao Capit\u00f3lio dos EUA em 6 de janeiro de 2021.<\/p>\n\n\n\n<p>Naquele dia, mais de 1.500 invadiram o Congresso dos Estados Unidos para tentar impedir a certifica\u00e7\u00e3o da vit\u00f3ria de Joe Biden nas elei\u00e7\u00f5es de 2020. A grande maioria dos invasores s\u00e3o apoiadores de Trump.<\/p>\n\n\n\n<blockquote class=\"wp-block-quote is-layout-flow wp-block-quote-is-layout-flow\">\n<p>&#8220;Estou inclinado a perdoar muitos deles&#8221;, prometeu Trump diversas vezes durante a campanha. &#8220;N\u00e3o posso dizer para cada um deles, porque alguns, provavelmente, perderam o controle.&#8221;<\/p>\n<\/blockquote>\n","protected":false},"excerpt":{"rendered":"<p>Donald Trump\u00a0planeja emitir uma s\u00e9rie de ordens executivas e decretos assim que for empossado como presidente dos\u00a0Estados Unidos\u00a0na segunda-feira (20). As medidas devem impactar \u00e1reas como imigra\u00e7\u00e3o e energia. Duas fontes familiarizadas com o planejamento do novo governo disseram que Trump est\u00e1 preparando um volume significativo de ordens executivas. Mais de 100 a\u00e7\u00f5es podem ser [&hellip;]<\/p>\n","protected":false},"author":2,"featured_media":22568,"comment_status":"open","ping_status":"open","sticky":false,"template":"","format":"standard","meta":{"_jetpack_memberships_contains_paid_content":false,"footnotes":""},"categories":[15],"tags":[],"class_list":["post-22567","post","type-post","status-publish","format-standard","has-post-thumbnail","hentry","category-mundo"],"aioseo_notices":[],"jetpack_featured_media_url":"https:\/\/i0.wp.com\/minutobahia24h.com.br\/wp-content\/uploads\/2025\/01\/Sem-titulo-282.jpg?fit=984%2C656&ssl=1","jetpack_sharing_enabled":true,"_links":{"self":[{"href":"https:\/\/minutobahia24h.com.br\/index.php?rest_route=\/wp\/v2\/posts\/22567","targetHints":{"allow":["GET"]}}],"collection":[{"href":"https:\/\/minutobahia24h.com.br\/index.php?rest_route=\/wp\/v2\/posts"}],"about":[{"href":"https:\/\/minutobahia24h.com.br\/index.php?rest_route=\/wp\/v2\/types\/post"}],"author":[{"embeddable":true,"href":"https:\/\/minutobahia24h.com.br\/index.php?rest_route=\/wp\/v2\/users\/2"}],"replies":[{"embeddable":true,"href":"https:\/\/minutobahia24h.com.br\/index.php?rest_route=%2Fwp%2Fv2%2Fcomments&post=22567"}],"version-history":[{"count":1,"href":"https:\/\/minutobahia24h.com.br\/index.php?rest_route=\/wp\/v2\/posts\/22567\/revisions"}],"predecessor-version":[{"id":22569,"href":"https:\/\/minutobahia24h.com.br\/index.php?rest_route=\/wp\/v2\/posts\/22567\/revisions\/22569"}],"wp:featuredmedia":[{"embeddable":true,"href":"https:\/\/minutobahia24h.com.br\/index.php?rest_route=\/wp\/v2\/media\/22568"}],"wp:attachment":[{"href":"https:\/\/minutobahia24h.com.br\/index.php?rest_route=%2Fwp%2Fv2%2Fmedia&parent=22567"}],"wp:term":[{"taxonomy":"category","embeddable":true,"href":"https:\/\/minutobahia24h.com.br\/index.php?rest_route=%2Fwp%2Fv2%2Fcategories&post=22567"},{"taxonomy":"post_tag","embeddable":true,"href":"https:\/\/minutobahia24h.com.br\/index.php?rest_route=%2Fwp%2Fv2%2Ftags&post=22567"}],"curies":[{"name":"wp","href":"https:\/\/api.w.org\/{rel}","templated":true}]}}